{"id":157326,"date":"2021-02-01T12:49:02","date_gmt":"2021-02-01T12:49:02","guid":{"rendered":"https:\/\/admin.industriall-union.org\/industriall-global-union-e-industriall-european-trade-union-piden-justicia-y-solidaridad-en-la-lucha-contra-la-covid-19\/"},"modified":"2025-01-29T15:57:53","modified_gmt":"2025-01-29T15:57:53","slug":"industriall-global-union-e-industriall-european-trade-union-piden-justicia-y-solidaridad-en-la-lucha-contra-la-covid-19","status":"publish","type":"article","link":"https:\/\/admin.industriall-union.org\/es\/industriall-global-union-e-industriall-european-trade-union-piden-justicia-y-solidaridad-en-la-lucha-contra-la-covid-19\/","title":{"rendered":"IndustriALL Global Union e IndustriAll European Trade Union piden justicia y solidaridad en la lucha contra la COVID-19"},"content":{"rendered":"<p>Despu\u00e9s de un esfuerzo sin precedentes para desarrollar, aprobar e implementar curas, medicamentos y vacunas, hay varias opciones disponibles. El mundo est\u00e1 m\u00e1s cerca de superar la pandemia. Y el esfuerzo com\u00fan a nivel mundial junto con la cooperaci\u00f3n p\u00fablico-privada para desarrollar f\u00e1rmacos y vacunas puso de manifiesto el mejor internacionalismo.<\/p><p><strong>Es fundamental que no abandonemos el camino de la cooperaci\u00f3n, la solidaridad y la justicia.<\/strong><\/p><p>Ning\u00fan continente, ning\u00fan pa\u00eds, ninguna econom\u00eda, nadie estar\u00e1 a salvo hasta que el mundo entero lo est\u00e9. El nacionalismo en cuanto a las vacunas es una respuesta deficiente a este problema mundial, dado que prolongar\u00e1 la pandemia y la amenaza de nuevas variantes que nos pongan en peligro a todos. Defendemos el derecho de acceso universal a la vacunaci\u00f3n.<\/p><p>Durante las pr\u00f3ximas d\u00e9cadas, se juzgar\u00e1 a la industria farmac\u00e9utica por su conducta durante esta pandemia. En 2020, este sector esencial mejor\u00f3 su reputaci\u00f3n y aument\u00f3 su importancia, pero las conquistas en materia de imagen se pierden con facilidad.<\/p><p><strong>IndustriAll Europe e IndustriALL Global Union instan a esta industria a que muestre su mejor faceta:<\/strong><\/p><ul><li>Que coopere, incluso con los competidores, para aumentar la producci\u00f3n y acelerar el proceso de vacunaci\u00f3n.<\/li><li>Que brinde total transparencia sobre los vol\u00famenes de producci\u00f3n, c\u00e1lculos de precios, contratos de compra, etc.<\/li><li>Que anteponga el bien y los intereses p\u00fablicos a las ganancias, y permita que los medicamentos y las vacunas est\u00e9n disponibles para todos.<\/li><\/ul><p>Comprendemos plenamente la presi\u00f3n ejercida sobre los pa\u00edses para garantizar la disponibilidad de los productos m\u00e9dicos y llevar tranquilidad a la poblaci\u00f3n. Sin dejar de tener esto en cuenta,<strong> IndustriAll European Trade Union e IndustriALL Global Union instan a los pol\u00edticos a tener presente que:<\/strong><\/p><ul><li>El populismo no derrotar\u00e1 la COVID-19.<\/li><li>La gente, su salud, sus econom\u00edas y sus trabajos solo se recuperar\u00e1n si nos recuperamos todos a nivel mundial.<\/li><li>Se debe trabajar de manera racional y solidaria para obtener el mejor resultado posible para todos a nivel mundial con el valor universal de la solidaridad y la igualdad.<\/li><\/ul><p>Los trabajadores de las industrias farmac\u00e9uticas de todo el mundo, representados por IndustriAll European Trade Union e IndustriALL Global Union, est\u00e1n dispuestos y \u00e1vidos por producir todos los medicamentos y vacunas necesarios y contribuir as\u00ed a superar esta crisis.<\/p>","protected":false},"featured_media":0,"template":"","issues":[362,420,425],"companies":[],"regions":[],"sectors":[],"article_tags":[],"class_list":["post-157326","article","type-article","status-publish","hentry","issues-covid-19","issues-solidarity","issues-workers-rights"],"acf":[],"yoast_head":"<!-- This site is optimized with the Yoast SEO Premium plugin v27.1 (Yoast SEO v27.1) - https:\/\/yoast.com\/product\/yoast-seo-premium-wordpress\/ -->\n<title>IndustriALL Global Union e IndustriAll European Trade Union piden justicia y solidaridad en la lucha contra la COVID-19 - industriall-union<\/title>\n<meta name=\"description\" content=\"Despu\u00e9s de un esfuerzo sin precedentes para desarrollar, aprobar e implementar curas, medicamentos y vacunas, hay varias opciones disponibles. El mundo\" \/>\n<meta name=\"robots\" content=\"index, follow, max-snippet:-1, max-image-preview:large, max-video-preview:-1\" \/>\n<link rel=\"canonical\" href=\"https:\/\/admin.industriall-union.org\/es\/industriall-global-union-e-industriall-european-trade-union-piden-justicia-y-solidaridad-en-la-lucha-contra-la-covid-19\/\" \/>\n<meta property=\"og:locale\" content=\"es_ES\" \/>\n<meta property=\"og:type\" content=\"article\" \/>\n<meta property=\"og:title\" content=\"IndustriALL Global Union e IndustriAll European Trade Union piden justicia y solidaridad en la lucha contra la COVID-19\" \/>\n<meta property=\"og:description\" content=\"Despu\u00e9s de un esfuerzo sin precedentes para desarrollar, aprobar e implementar curas, medicamentos y vacunas, hay varias opciones disponibles. El mundo\" \/>\n<meta property=\"og:url\" content=\"https:\/\/admin.industriall-union.org\/es\/industriall-global-union-e-industriall-european-trade-union-piden-justicia-y-solidaridad-en-la-lucha-contra-la-covid-19\/\" \/>\n<meta property=\"og:site_name\" content=\"industriall-union\" \/>\n<meta property=\"article:modified_time\" content=\"2025-01-29T15:57:53+00:00\" \/>\n<meta name=\"twitter:card\" content=\"summary_large_image\" \/>\n<meta name=\"twitter:label1\" content=\"Est. reading time\" \/>\n\t<meta name=\"twitter:data1\" content=\"2 minutes\" \/>\n<script type=\"application\/ld+json\" class=\"yoast-schema-graph\">{\"@context\":\"https:\/\/schema.org\",\"@graph\":[{\"@type\":\"WebPage\",\"@id\":\"https:\/\/admin.industriall-union.org\/es\/industriall-global-union-e-industriall-european-trade-union-piden-justicia-y-solidaridad-en-la-lucha-contra-la-covid-19\/\",\"url\":\"https:\/\/admin.industriall-union.org\/es\/industriall-global-union-e-industriall-european-trade-union-piden-justicia-y-solidaridad-en-la-lucha-contra-la-covid-19\/\",\"name\":\"IndustriALL Global Union e IndustriAll European Trade Union piden justicia y solidaridad en la lucha contra la COVID-19 - industriall-union\",\"isPartOf\":{\"@id\":\"https:\/\/admin.industriall-union.org\/#website\"},\"datePublished\":\"2021-02-01T12:49:02+00:00\",\"dateModified\":\"2025-01-29T15:57:53+00:00\",\"description\":\"Despu\u00e9s de un esfuerzo sin precedentes para desarrollar, aprobar e implementar curas, medicamentos y vacunas, hay varias opciones disponibles. El mundo\",\"breadcrumb\":{\"@id\":\"https:\/\/admin.industriall-union.org\/es\/industriall-global-union-e-industriall-european-trade-union-piden-justicia-y-solidaridad-en-la-lucha-contra-la-covid-19\/#breadcrumb\"},\"inLanguage\":\"es-ES\",\"potentialAction\":[{\"@type\":\"ReadAction\",\"target\":[\"https:\/\/admin.industriall-union.org\/es\/industriall-global-union-e-industriall-european-trade-union-piden-justicia-y-solidaridad-en-la-lucha-contra-la-covid-19\/\"]}]},{\"@type\":\"BreadcrumbList\",\"@id\":\"https:\/\/admin.industriall-union.org\/es\/industriall-global-union-e-industriall-european-trade-union-piden-justicia-y-solidaridad-en-la-lucha-contra-la-covid-19\/#breadcrumb\",\"itemListElement\":[{\"@type\":\"ListItem\",\"position\":1,\"name\":\"Home\",\"item\":\"https:\/\/admin.industriall-union.org\/\"},{\"@type\":\"ListItem\",\"position\":2,\"name\":\"Articles\",\"item\":\"https:\/\/admin.industriall-union.org\/article\/\"},{\"@type\":\"ListItem\",\"position\":3,\"name\":\"IndustriALL Global Union e IndustriAll European Trade Union piden justicia y solidaridad en la lucha contra la COVID-19\"}]},{\"@type\":\"WebSite\",\"@id\":\"https:\/\/admin.industriall-union.org\/#website\",\"url\":\"https:\/\/admin.industriall-union.org\/\",\"name\":\"industriall-union\",\"description\":\"\",\"potentialAction\":[{\"@type\":\"SearchAction\",\"target\":{\"@type\":\"EntryPoint\",\"urlTemplate\":\"https:\/\/admin.industriall-union.org\/?s={search_term_string}\"},\"query-input\":{\"@type\":\"PropertyValueSpecification\",\"valueRequired\":true,\"valueName\":\"search_term_string\"}}],\"inLanguage\":\"es-ES\"}]}<\/script>\n<!-- \/ Yoast SEO Premium plugin. -->","yoast_head_json":{"title":"IndustriALL Global Union e IndustriAll European Trade Union piden justicia y solidaridad en la lucha contra la COVID-19 - industriall-union","description":"Despu\u00e9s de un esfuerzo sin precedentes para desarrollar, aprobar e implementar curas, medicamentos y vacunas, hay varias opciones disponibles. El mundo","robots":{"index":"index","follow":"follow","max-snippet":"max-snippet:-1","max-image-preview":"max-image-preview:large","max-video-preview":"max-video-preview:-1"},"canonical":"https:\/\/admin.industriall-union.org\/es\/industriall-global-union-e-industriall-european-trade-union-piden-justicia-y-solidaridad-en-la-lucha-contra-la-covid-19\/","og_locale":"es_ES","og_type":"article","og_title":"IndustriALL Global Union e IndustriAll European Trade Union piden justicia y solidaridad en la lucha contra la COVID-19","og_description":"Despu\u00e9s de un esfuerzo sin precedentes para desarrollar, aprobar e implementar curas, medicamentos y vacunas, hay varias opciones disponibles. El mundo","og_url":"https:\/\/admin.industriall-union.org\/es\/industriall-global-union-e-industriall-european-trade-union-piden-justicia-y-solidaridad-en-la-lucha-contra-la-covid-19\/","og_site_name":"industriall-union","article_modified_time":"2025-01-29T15:57:53+00:00","twitter_card":"summary_large_image","twitter_misc":{"Est. reading time":"2 minutes"},"schema":{"@context":"https:\/\/schema.org","@graph":[{"@type":"WebPage","@id":"https:\/\/admin.industriall-union.org\/es\/industriall-global-union-e-industriall-european-trade-union-piden-justicia-y-solidaridad-en-la-lucha-contra-la-covid-19\/","url":"https:\/\/admin.industriall-union.org\/es\/industriall-global-union-e-industriall-european-trade-union-piden-justicia-y-solidaridad-en-la-lucha-contra-la-covid-19\/","name":"IndustriALL Global Union e IndustriAll European Trade Union piden justicia y solidaridad en la lucha contra la COVID-19 - industriall-union","isPartOf":{"@id":"https:\/\/admin.industriall-union.org\/#website"},"datePublished":"2021-02-01T12:49:02+00:00","dateModified":"2025-01-29T15:57:53+00:00","description":"Despu\u00e9s de un esfuerzo sin precedentes para desarrollar, aprobar e implementar curas, medicamentos y vacunas, hay varias opciones disponibles. El mundo","breadcrumb":{"@id":"https:\/\/admin.industriall-union.org\/es\/industriall-global-union-e-industriall-european-trade-union-piden-justicia-y-solidaridad-en-la-lucha-contra-la-covid-19\/#breadcrumb"},"inLanguage":"es-ES","potentialAction":[{"@type":"ReadAction","target":["https:\/\/admin.industriall-union.org\/es\/industriall-global-union-e-industriall-european-trade-union-piden-justicia-y-solidaridad-en-la-lucha-contra-la-covid-19\/"]}]},{"@type":"BreadcrumbList","@id":"https:\/\/admin.industriall-union.org\/es\/industriall-global-union-e-industriall-european-trade-union-piden-justicia-y-solidaridad-en-la-lucha-contra-la-covid-19\/#breadcrumb","itemListElement":[{"@type":"ListItem","position":1,"name":"Home","item":"https:\/\/admin.industriall-union.org\/"},{"@type":"ListItem","position":2,"name":"Articles","item":"https:\/\/admin.industriall-union.org\/article\/"},{"@type":"ListItem","position":3,"name":"IndustriALL Global Union e IndustriAll European Trade Union piden justicia y solidaridad en la lucha contra la COVID-19"}]},{"@type":"WebSite","@id":"https:\/\/admin.industriall-union.org\/#website","url":"https:\/\/admin.industriall-union.org\/","name":"industriall-union","description":"","potentialAction":[{"@type":"SearchAction","target":{"@type":"EntryPoint","urlTemplate":"https:\/\/admin.industriall-union.org\/?s={search_term_string}"},"query-input":{"@type":"PropertyValueSpecification","valueRequired":true,"valueName":"search_term_string"}}],"inLanguage":"es-ES"}]}},"_links":{"self":[{"href":"https:\/\/admin.industriall-union.org\/es\/wp-json\/wp\/v2\/article\/157326","targetHints":{"allow":["GET"]}}],"collection":[{"href":"https:\/\/admin.industriall-union.org\/es\/wp-json\/wp\/v2\/article"}],"about":[{"href":"https:\/\/admin.industriall-union.org\/es\/wp-json\/wp\/v2\/types\/article"}],"wp:attachment":[{"href":"https:\/\/admin.industriall-union.org\/es\/wp-json\/wp\/v2\/media?parent=157326"}],"wp:term":[{"taxonomy":"issues","embeddable":true,"href":"https:\/\/admin.industriall-union.org\/es\/wp-json\/wp\/v2\/issues?post=157326"},{"taxonomy":"companies","embeddable":true,"href":"https:\/\/admin.industriall-union.org\/es\/wp-json\/wp\/v2\/companies?post=157326"},{"taxonomy":"regions","embeddable":true,"href":"https:\/\/admin.industriall-union.org\/es\/wp-json\/wp\/v2\/regions?post=157326"},{"taxonomy":"sectors","embeddable":true,"href":"https:\/\/admin.industriall-union.org\/es\/wp-json\/wp\/v2\/sectors?post=157326"},{"taxonomy":"article_tags","embeddable":true,"href":"https:\/\/admin.industriall-union.org\/es\/wp-json\/wp\/v2\/article_tags?post=157326"}],"curies":[{"name":"wp","href":"https:\/\/api.w.org\/{rel}","templated":true}]}}