{"id":157279,"date":"2021-02-19T14:02:57","date_gmt":"2021-02-19T14:02:57","guid":{"rendered":"https:\/\/admin.industriall-union.org\/las-marcas-de-la-act-condenan-el-golpe-de-estado-en-myanmar\/"},"modified":"2025-01-29T00:00:35","modified_gmt":"2025-01-29T00:00:35","slug":"las-marcas-de-la-act-condenan-el-golpe-de-estado-en-myanmar","status":"publish","type":"article","link":"https:\/\/admin.industriall-union.org\/es\/las-marcas-de-la-act-condenan-el-golpe-de-estado-en-myanmar\/","title":{"rendered":"Las marcas de la ACT condenan el golpe de Estado en Myanmar"},"content":{"rendered":"<p>Esta es la primera <a href=\"\/wp-content\/uploads\/documents\/2021\/MYANMAR\/myanmar_media_release.pdf\">declaraci\u00f3n p\u00fablica<\/a> de un grupo de representantes de la comunidad empresarial con respecto al golpe de Estado en Myanmar. Las marcas &mdash;Bestseller, C&amp;A, Esprit, H&amp;M, Inditex, Lidl, New Look, Next, Primark, Tchibo y Tesco&mdash; declararon que &ldquo;como empresas, estamos comprometidas con el pleno respeto de los derechos humanos y laborales en nuestras operaciones y cadenas de suministro, en particular con el derecho a la libertad de reuni\u00f3n pac\u00edfica, la libertad de opini\u00f3n y la libertad de asociaci\u00f3n en virtud de la Declaraci\u00f3n Universal de Derechos Humanos&rdquo;.<\/p><p>En 2019, las marcas se comprometieron con las <a href=\"http:\/\/www.industriall-union.org\/garment-workers-suppliers-and-act-brands-launch-freedom-of-association-guideline\">Directrices sobre la libertad de asociaci\u00f3n sindical en Myanmar<\/a>, en las que se reconoce el derecho democr\u00e1tico de los trabajadores a organizarse libremente. La declaraci\u00f3n de hoy lleva este compromiso a la arena pol\u00edtica, al afirmar el compromiso de las marcas con los derechos humanos, entre ellos la libertad de reuni\u00f3n y de expresi\u00f3n. En el documento concluyeron:<\/p><blockquote><p>&ldquo;Las empresas responsables necesitan un entorno en el que se respeten los derechos humanos fundamentales&rdquo;.<\/p><\/blockquote><p>La <a href=\"https:\/\/actonlivingwages.com\/\">ACT<\/a> &mdash;Acci\u00f3n, Colaboraci\u00f3n, Transformaci\u00f3n, por sus siglas en ingl\u00e9s&mdash; es un acuerdo pionero entre marcas globales y sindicatos para transformar la industria de la confecci\u00f3n, textil y del calzado, y lograr salarios dignos para los trabajadores a trav\u00e9s de la negociaci\u00f3n colectiva a nivel de la industria, la libertad de asociaci\u00f3n y las pr\u00e1cticas de compra. La ACT est\u00e1 compuesta por 21 marcas globales e IndustriALL Global Union, que representa a sus sindicatos afiliados en los pa\u00edses productores de indumentaria.<\/p><p>En un <a href=\"http:\/\/www.industriall-union.org\/industriall-global-union-condemns-military-coup-in-myanmar-and-calls-for-respect-for-democracy-and\">comunicado<\/a> publicado el 1 de febrero, IndustriALL conden\u00f3 el golpe militar:<\/p><blockquote><p>&ldquo;IndustriALL insta a los l\u00edderes militares a reconocer que el fruto del crecimiento econ\u00f3mico y la mejora del nivel de vida es el resultado de la democratizaci\u00f3n y la coexistencia pac\u00edfica de varios partidos pol\u00edticos desde 2011. Recurrir a la violencia, los conflictos y el gobierno antidemocr\u00e1tico har\u00e1 que los esfuerzos de Myanmar por atraer inversores extranjeros e integrarse en el desarrollo econ\u00f3mico internacional sean en vano&rdquo;.<\/p><\/blockquote><p>El secretario general de IndustriALL Global Union, Valter Sanches, expres\u00f3:<\/p><blockquote><p>&ldquo;IndustriALL elogia y apoya esta iniciativa de la comunidad empresarial que reconoce que la democracia y el respeto por los derechos humanos y laborales son fundamentales para el \u00e9xito y la continuidad empresarial. El restablecimiento de las normas democr\u00e1ticas es imprescindible para mantener los puestos de trabajo y las nuevas inversiones destinadas a mejorar la calidad de vida de los birmanos&rdquo;.<\/p><\/blockquote><p>En la declaraci\u00f3n, las marcas se comprometen a trabajar con los propietarios de f\u00e1bricas locales y los sindicatos en m\u00e1s de 200 f\u00e1bricas en la cadena de suministro en Myanmar para garantizar que se implemente la libertad de asociaci\u00f3n.<\/p>","protected":false},"featured_media":0,"template":"","issues":[422],"companies":[],"regions":[155,177],"sectors":[464],"article_tags":[],"class_list":["post-157279","article","type-article","status-publish","hentry","issues-human-trade-union-rights","regions-asia-pacific","regions-myanmar","sectors-textile-leather-garment-shoes-and-textile-services"],"acf":[],"yoast_head":"<!-- This site is optimized with the Yoast SEO Premium plugin v27.1 (Yoast SEO v27.1) - https:\/\/yoast.com\/product\/yoast-seo-premium-wordpress\/ -->\n<title>Las marcas de la ACT condenan el golpe de Estado en Myanmar - industriall-union<\/title>\n<meta name=\"description\" content=\"Esta es la primera declaraci\u00f3n p\u00fablica de un grupo de representantes de la comunidad empresarial con respecto al golpe de Estado en Myanmar. Las\" \/>\n<meta name=\"robots\" content=\"index, follow, max-snippet:-1, max-image-preview:large, max-video-preview:-1\" \/>\n<link rel=\"canonical\" href=\"https:\/\/admin.industriall-union.org\/es\/las-marcas-de-la-act-condenan-el-golpe-de-estado-en-myanmar\/\" \/>\n<meta property=\"og:locale\" content=\"es_ES\" \/>\n<meta property=\"og:type\" content=\"article\" \/>\n<meta property=\"og:title\" content=\"Las marcas de la ACT condenan el golpe de Estado en Myanmar\" \/>\n<meta property=\"og:description\" content=\"Esta es la primera declaraci\u00f3n p\u00fablica de un grupo de representantes de la comunidad empresarial con respecto al golpe de Estado en Myanmar. Las\" \/>\n<meta property=\"og:url\" content=\"https:\/\/admin.industriall-union.org\/es\/las-marcas-de-la-act-condenan-el-golpe-de-estado-en-myanmar\/\" \/>\n<meta property=\"og:site_name\" content=\"industriall-union\" \/>\n<meta property=\"article:modified_time\" content=\"2025-01-29T00:00:35+00:00\" \/>\n<meta name=\"twitter:card\" content=\"summary_large_image\" \/>\n<meta name=\"twitter:label1\" content=\"Est. reading time\" \/>\n\t<meta name=\"twitter:data1\" content=\"2 minutes\" \/>\n<script type=\"application\/ld+json\" class=\"yoast-schema-graph\">{\"@context\":\"https:\/\/schema.org\",\"@graph\":[{\"@type\":\"WebPage\",\"@id\":\"https:\/\/admin.industriall-union.org\/es\/las-marcas-de-la-act-condenan-el-golpe-de-estado-en-myanmar\/\",\"url\":\"https:\/\/admin.industriall-union.org\/es\/las-marcas-de-la-act-condenan-el-golpe-de-estado-en-myanmar\/\",\"name\":\"Las marcas de la ACT condenan el golpe de Estado en Myanmar - industriall-union\",\"isPartOf\":{\"@id\":\"https:\/\/admin.industriall-union.org\/#website\"},\"datePublished\":\"2021-02-19T14:02:57+00:00\",\"dateModified\":\"2025-01-29T00:00:35+00:00\",\"description\":\"Esta es la primera declaraci\u00f3n p\u00fablica de un grupo de representantes de la comunidad empresarial con respecto al golpe de Estado en Myanmar. Las\",\"breadcrumb\":{\"@id\":\"https:\/\/admin.industriall-union.org\/es\/las-marcas-de-la-act-condenan-el-golpe-de-estado-en-myanmar\/#breadcrumb\"},\"inLanguage\":\"es-ES\",\"potentialAction\":[{\"@type\":\"ReadAction\",\"target\":[\"https:\/\/admin.industriall-union.org\/es\/las-marcas-de-la-act-condenan-el-golpe-de-estado-en-myanmar\/\"]}]},{\"@type\":\"BreadcrumbList\",\"@id\":\"https:\/\/admin.industriall-union.org\/es\/las-marcas-de-la-act-condenan-el-golpe-de-estado-en-myanmar\/#breadcrumb\",\"itemListElement\":[{\"@type\":\"ListItem\",\"position\":1,\"name\":\"Home\",\"item\":\"https:\/\/admin.industriall-union.org\/\"},{\"@type\":\"ListItem\",\"position\":2,\"name\":\"Articles\",\"item\":\"https:\/\/admin.industriall-union.org\/article\/\"},{\"@type\":\"ListItem\",\"position\":3,\"name\":\"Las marcas de la ACT condenan el golpe de Estado en Myanmar\"}]},{\"@type\":\"WebSite\",\"@id\":\"https:\/\/admin.industriall-union.org\/#website\",\"url\":\"https:\/\/admin.industriall-union.org\/\",\"name\":\"industriall-union\",\"description\":\"\",\"potentialAction\":[{\"@type\":\"SearchAction\",\"target\":{\"@type\":\"EntryPoint\",\"urlTemplate\":\"https:\/\/admin.industriall-union.org\/?s={search_term_string}\"},\"query-input\":{\"@type\":\"PropertyValueSpecification\",\"valueRequired\":true,\"valueName\":\"search_term_string\"}}],\"inLanguage\":\"es-ES\"}]}<\/script>\n<!-- \/ Yoast SEO Premium plugin. -->","yoast_head_json":{"title":"Las marcas de la ACT condenan el golpe de Estado en Myanmar - industriall-union","description":"Esta es la primera declaraci\u00f3n p\u00fablica de un grupo de representantes de la comunidad empresarial con respecto al golpe de Estado en Myanmar. Las","robots":{"index":"index","follow":"follow","max-snippet":"max-snippet:-1","max-image-preview":"max-image-preview:large","max-video-preview":"max-video-preview:-1"},"canonical":"https:\/\/admin.industriall-union.org\/es\/las-marcas-de-la-act-condenan-el-golpe-de-estado-en-myanmar\/","og_locale":"es_ES","og_type":"article","og_title":"Las marcas de la ACT condenan el golpe de Estado en Myanmar","og_description":"Esta es la primera declaraci\u00f3n p\u00fablica de un grupo de representantes de la comunidad empresarial con respecto al golpe de Estado en Myanmar. Las","og_url":"https:\/\/admin.industriall-union.org\/es\/las-marcas-de-la-act-condenan-el-golpe-de-estado-en-myanmar\/","og_site_name":"industriall-union","article_modified_time":"2025-01-29T00:00:35+00:00","twitter_card":"summary_large_image","twitter_misc":{"Est. reading time":"2 minutes"},"schema":{"@context":"https:\/\/schema.org","@graph":[{"@type":"WebPage","@id":"https:\/\/admin.industriall-union.org\/es\/las-marcas-de-la-act-condenan-el-golpe-de-estado-en-myanmar\/","url":"https:\/\/admin.industriall-union.org\/es\/las-marcas-de-la-act-condenan-el-golpe-de-estado-en-myanmar\/","name":"Las marcas de la ACT condenan el golpe de Estado en Myanmar - industriall-union","isPartOf":{"@id":"https:\/\/admin.industriall-union.org\/#website"},"datePublished":"2021-02-19T14:02:57+00:00","dateModified":"2025-01-29T00:00:35+00:00","description":"Esta es la primera declaraci\u00f3n p\u00fablica de un grupo de representantes de la comunidad empresarial con respecto al golpe de Estado en Myanmar. Las","breadcrumb":{"@id":"https:\/\/admin.industriall-union.org\/es\/las-marcas-de-la-act-condenan-el-golpe-de-estado-en-myanmar\/#breadcrumb"},"inLanguage":"es-ES","potentialAction":[{"@type":"ReadAction","target":["https:\/\/admin.industriall-union.org\/es\/las-marcas-de-la-act-condenan-el-golpe-de-estado-en-myanmar\/"]}]},{"@type":"BreadcrumbList","@id":"https:\/\/admin.industriall-union.org\/es\/las-marcas-de-la-act-condenan-el-golpe-de-estado-en-myanmar\/#breadcrumb","itemListElement":[{"@type":"ListItem","position":1,"name":"Home","item":"https:\/\/admin.industriall-union.org\/"},{"@type":"ListItem","position":2,"name":"Articles","item":"https:\/\/admin.industriall-union.org\/article\/"},{"@type":"ListItem","position":3,"name":"Las marcas de la ACT condenan el golpe de Estado en Myanmar"}]},{"@type":"WebSite","@id":"https:\/\/admin.industriall-union.org\/#website","url":"https:\/\/admin.industriall-union.org\/","name":"industriall-union","description":"","potentialAction":[{"@type":"SearchAction","target":{"@type":"EntryPoint","urlTemplate":"https:\/\/admin.industriall-union.org\/?s={search_term_string}"},"query-input":{"@type":"PropertyValueSpecification","valueRequired":true,"valueName":"search_term_string"}}],"inLanguage":"es-ES"}]}},"_links":{"self":[{"href":"https:\/\/admin.industriall-union.org\/es\/wp-json\/wp\/v2\/article\/157279","targetHints":{"allow":["GET"]}}],"collection":[{"href":"https:\/\/admin.industriall-union.org\/es\/wp-json\/wp\/v2\/article"}],"about":[{"href":"https:\/\/admin.industriall-union.org\/es\/wp-json\/wp\/v2\/types\/article"}],"wp:attachment":[{"href":"https:\/\/admin.industriall-union.org\/es\/wp-json\/wp\/v2\/media?parent=157279"}],"wp:term":[{"taxonomy":"issues","embeddable":true,"href":"https:\/\/admin.industriall-union.org\/es\/wp-json\/wp\/v2\/issues?post=157279"},{"taxonomy":"companies","embeddable":true,"href":"https:\/\/admin.industriall-union.org\/es\/wp-json\/wp\/v2\/companies?post=157279"},{"taxonomy":"regions","embeddable":true,"href":"https:\/\/admin.industriall-union.org\/es\/wp-json\/wp\/v2\/regions?post=157279"},{"taxonomy":"sectors","embeddable":true,"href":"https:\/\/admin.industriall-union.org\/es\/wp-json\/wp\/v2\/sectors?post=157279"},{"taxonomy":"article_tags","embeddable":true,"href":"https:\/\/admin.industriall-union.org\/es\/wp-json\/wp\/v2\/article_tags?post=157279"}],"curies":[{"name":"wp","href":"https:\/\/api.w.org\/{rel}","templated":true}]}}