{"id":157273,"date":"2021-02-22T14:49:42","date_gmt":"2021-02-22T14:49:42","guid":{"rendered":"https:\/\/admin.industriall-union.org\/huelga-nacional-por-la-democracia-en-myanmar\/"},"modified":"2025-01-28T23:35:19","modified_gmt":"2025-01-28T23:35:19","slug":"huelga-nacional-por-la-democracia-en-myanmar","status":"publish","type":"article","link":"https:\/\/admin.industriall-union.org\/es\/huelga-nacional-por-la-democracia-en-myanmar\/","title":{"rendered":"Huelga nacional por la democracia en Myanmar"},"content":{"rendered":"<p>La huelga general &ldquo;22222&rdquo;, cuyo nombre marca la fecha de hoy (22 de febrero de 2021), fue convocada por un comit\u00e9 de huelga general integrado por partidos pol\u00edticos, sindicatos, organizaciones de agricultores, movimientos estudiantiles y otros grupos.<\/p><p>La Federaci\u00f3n de Trabajadores Industriales de Myanmar (IWFM), afiliada a IndustriALL Global Union, moviliz\u00f3 a miles de trabajadores en el municipio de Hlaing Thar Yar, Yang\u00f3n. Los trabajadores manifestantes portaban pancartas que dec\u00edan &ldquo;Exigimos democracia&rdquo;, &ldquo;Liberen a nuestros l\u00edderes&rdquo; y &ldquo;Liberen a Aung San Suu Kyi&rdquo;, con las banderas de la Federaci\u00f3n de Trabajadores Industriales de Myanmar (IWFM) y la Confederaci\u00f3n de Sindicatos de Myanmar (CTUM).<\/p><p>Khaing Zar, el presidente de la IWFM, declar\u00f3:<\/p><blockquote><p>&ldquo;Esta es una batalla por la democracia. Debemos entender que bajo un r\u00e9gimen militar no hay derechos laborales ni derechos humanos, todos viviremos con miedo y estr\u00e9s, y ya no se permitir\u00e1n reclamos o protestas por parte de los trabajadores&rdquo;.<\/p><p>&ldquo;Antes de 2010, los trabajadores viv\u00edan con salarios bajos y largas jornadas de trabajo, solo pod\u00edan obtener lo que les dieran los empleadores, sin garant\u00eda de salario m\u00ednimo ni seguridad social. Si vuelve la dictadura, las inversiones se ir\u00e1n del pa\u00eds y mucha gente se quedar\u00e1 sin trabajo&rdquo;.<\/p><\/blockquote><figure class=\"imageArticle imageFull\"><img decoding=\"async\" alt=\"\" src=\"\" style=\"width: 1200px;height: 540px\" \/><figcaption class=\"imageContent\">&nbsp;<\/figcaption><\/figure><p>Seg\u00fan los medios locales, cientos de miles de personas inundaron las calles de Yang\u00f3n, Mandalay, Naipyid\u00f3 y Pyinmana para exigir el fin del r\u00e9gimen militar. Muchas empresas decidieron cerrar en solidaridad con el movimiento prodemocracia.<\/p><p>Valter Sanches, el secretario general de IndustriALL Global Union, expres\u00f3:<\/p><blockquote><p>&ldquo;Nos solidarizamos con nuestros compa\u00f1eros y compa\u00f1eras en Myanmar durante su lucha por restaurar la democracia en su pa\u00eds. IndustriALL continuar\u00e1 brindando el apoyo necesario a los trabajadores y sindicatos que desempe\u00f1an un papel importante en la defensa contra las fuerzas armadas&rdquo;.<\/p><\/blockquote><p>Hasta la fecha, el ej\u00e9rcito ha arrestado a m\u00e1s de 100 parlamentarios electos y ministros principales, entre ellos a Aung San Suu Kyi.<\/p>","protected":false},"featured_media":0,"template":"","issues":[420,424,425],"companies":[],"regions":[177],"sectors":[],"article_tags":[],"class_list":["post-157273","article","type-article","status-publish","hentry","issues-solidarity","issues-violation","issues-workers-rights","regions-myanmar"],"acf":[],"yoast_head":"<!-- This site is optimized with the Yoast SEO Premium plugin v27.1 (Yoast SEO v27.1) - https:\/\/yoast.com\/product\/yoast-seo-premium-wordpress\/ -->\n<title>Huelga nacional por la democracia en Myanmar - industriall-union<\/title>\n<meta name=\"description\" content=\"La huelga general &ldquo;22222&rdquo;, cuyo nombre marca la fecha de hoy (22 de febrero de 2021), fue convocada por un comit\u00e9 de huelga general integrado\" \/>\n<meta name=\"robots\" content=\"index, follow, max-snippet:-1, max-image-preview:large, max-video-preview:-1\" \/>\n<link rel=\"canonical\" href=\"https:\/\/admin.industriall-union.org\/es\/huelga-nacional-por-la-democracia-en-myanmar\/\" \/>\n<meta property=\"og:locale\" content=\"es_ES\" \/>\n<meta property=\"og:type\" content=\"article\" \/>\n<meta property=\"og:title\" content=\"Huelga nacional por la democracia en Myanmar\" \/>\n<meta property=\"og:description\" content=\"La huelga general &ldquo;22222&rdquo;, cuyo nombre marca la fecha de hoy (22 de febrero de 2021), fue convocada por un comit\u00e9 de huelga general integrado\" \/>\n<meta property=\"og:url\" content=\"https:\/\/admin.industriall-union.org\/es\/huelga-nacional-por-la-democracia-en-myanmar\/\" \/>\n<meta property=\"og:site_name\" content=\"industriall-union\" \/>\n<meta property=\"article:modified_time\" content=\"2025-01-28T23:35:19+00:00\" \/>\n<meta name=\"twitter:card\" content=\"summary_large_image\" \/>\n<meta name=\"twitter:label1\" content=\"Est. reading time\" \/>\n\t<meta name=\"twitter:data1\" content=\"2 minutes\" \/>\n<script type=\"application\/ld+json\" class=\"yoast-schema-graph\">{\"@context\":\"https:\/\/schema.org\",\"@graph\":[{\"@type\":\"WebPage\",\"@id\":\"https:\/\/admin.industriall-union.org\/es\/huelga-nacional-por-la-democracia-en-myanmar\/\",\"url\":\"https:\/\/admin.industriall-union.org\/es\/huelga-nacional-por-la-democracia-en-myanmar\/\",\"name\":\"Huelga nacional por la democracia en Myanmar - industriall-union\",\"isPartOf\":{\"@id\":\"https:\/\/admin.industriall-union.org\/#website\"},\"datePublished\":\"2021-02-22T14:49:42+00:00\",\"dateModified\":\"2025-01-28T23:35:19+00:00\",\"description\":\"La huelga general &ldquo;22222&rdquo;, cuyo nombre marca la fecha de hoy (22 de febrero de 2021), fue convocada por un comit\u00e9 de huelga general integrado\",\"breadcrumb\":{\"@id\":\"https:\/\/admin.industriall-union.org\/es\/huelga-nacional-por-la-democracia-en-myanmar\/#breadcrumb\"},\"inLanguage\":\"es-ES\",\"potentialAction\":[{\"@type\":\"ReadAction\",\"target\":[\"https:\/\/admin.industriall-union.org\/es\/huelga-nacional-por-la-democracia-en-myanmar\/\"]}]},{\"@type\":\"BreadcrumbList\",\"@id\":\"https:\/\/admin.industriall-union.org\/es\/huelga-nacional-por-la-democracia-en-myanmar\/#breadcrumb\",\"itemListElement\":[{\"@type\":\"ListItem\",\"position\":1,\"name\":\"Home\",\"item\":\"https:\/\/admin.industriall-union.org\/\"},{\"@type\":\"ListItem\",\"position\":2,\"name\":\"Articles\",\"item\":\"https:\/\/admin.industriall-union.org\/article\/\"},{\"@type\":\"ListItem\",\"position\":3,\"name\":\"Huelga nacional por la democracia en Myanmar\"}]},{\"@type\":\"WebSite\",\"@id\":\"https:\/\/admin.industriall-union.org\/#website\",\"url\":\"https:\/\/admin.industriall-union.org\/\",\"name\":\"industriall-union\",\"description\":\"\",\"potentialAction\":[{\"@type\":\"SearchAction\",\"target\":{\"@type\":\"EntryPoint\",\"urlTemplate\":\"https:\/\/admin.industriall-union.org\/?s={search_term_string}\"},\"query-input\":{\"@type\":\"PropertyValueSpecification\",\"valueRequired\":true,\"valueName\":\"search_term_string\"}}],\"inLanguage\":\"es-ES\"}]}<\/script>\n<!-- \/ Yoast SEO Premium plugin. -->","yoast_head_json":{"title":"Huelga nacional por la democracia en Myanmar - industriall-union","description":"La huelga general &ldquo;22222&rdquo;, cuyo nombre marca la fecha de hoy (22 de febrero de 2021), fue convocada por un comit\u00e9 de huelga general integrado","robots":{"index":"index","follow":"follow","max-snippet":"max-snippet:-1","max-image-preview":"max-image-preview:large","max-video-preview":"max-video-preview:-1"},"canonical":"https:\/\/admin.industriall-union.org\/es\/huelga-nacional-por-la-democracia-en-myanmar\/","og_locale":"es_ES","og_type":"article","og_title":"Huelga nacional por la democracia en Myanmar","og_description":"La huelga general &ldquo;22222&rdquo;, cuyo nombre marca la fecha de hoy (22 de febrero de 2021), fue convocada por un comit\u00e9 de huelga general integrado","og_url":"https:\/\/admin.industriall-union.org\/es\/huelga-nacional-por-la-democracia-en-myanmar\/","og_site_name":"industriall-union","article_modified_time":"2025-01-28T23:35:19+00:00","twitter_card":"summary_large_image","twitter_misc":{"Est. reading time":"2 minutes"},"schema":{"@context":"https:\/\/schema.org","@graph":[{"@type":"WebPage","@id":"https:\/\/admin.industriall-union.org\/es\/huelga-nacional-por-la-democracia-en-myanmar\/","url":"https:\/\/admin.industriall-union.org\/es\/huelga-nacional-por-la-democracia-en-myanmar\/","name":"Huelga nacional por la democracia en Myanmar - industriall-union","isPartOf":{"@id":"https:\/\/admin.industriall-union.org\/#website"},"datePublished":"2021-02-22T14:49:42+00:00","dateModified":"2025-01-28T23:35:19+00:00","description":"La huelga general &ldquo;22222&rdquo;, cuyo nombre marca la fecha de hoy (22 de febrero de 2021), fue convocada por un comit\u00e9 de huelga general integrado","breadcrumb":{"@id":"https:\/\/admin.industriall-union.org\/es\/huelga-nacional-por-la-democracia-en-myanmar\/#breadcrumb"},"inLanguage":"es-ES","potentialAction":[{"@type":"ReadAction","target":["https:\/\/admin.industriall-union.org\/es\/huelga-nacional-por-la-democracia-en-myanmar\/"]}]},{"@type":"BreadcrumbList","@id":"https:\/\/admin.industriall-union.org\/es\/huelga-nacional-por-la-democracia-en-myanmar\/#breadcrumb","itemListElement":[{"@type":"ListItem","position":1,"name":"Home","item":"https:\/\/admin.industriall-union.org\/"},{"@type":"ListItem","position":2,"name":"Articles","item":"https:\/\/admin.industriall-union.org\/article\/"},{"@type":"ListItem","position":3,"name":"Huelga nacional por la democracia en Myanmar"}]},{"@type":"WebSite","@id":"https:\/\/admin.industriall-union.org\/#website","url":"https:\/\/admin.industriall-union.org\/","name":"industriall-union","description":"","potentialAction":[{"@type":"SearchAction","target":{"@type":"EntryPoint","urlTemplate":"https:\/\/admin.industriall-union.org\/?s={search_term_string}"},"query-input":{"@type":"PropertyValueSpecification","valueRequired":true,"valueName":"search_term_string"}}],"inLanguage":"es-ES"}]}},"_links":{"self":[{"href":"https:\/\/admin.industriall-union.org\/es\/wp-json\/wp\/v2\/article\/157273","targetHints":{"allow":["GET"]}}],"collection":[{"href":"https:\/\/admin.industriall-union.org\/es\/wp-json\/wp\/v2\/article"}],"about":[{"href":"https:\/\/admin.industriall-union.org\/es\/wp-json\/wp\/v2\/types\/article"}],"wp:attachment":[{"href":"https:\/\/admin.industriall-union.org\/es\/wp-json\/wp\/v2\/media?parent=157273"}],"wp:term":[{"taxonomy":"issues","embeddable":true,"href":"https:\/\/admin.industriall-union.org\/es\/wp-json\/wp\/v2\/issues?post=157273"},{"taxonomy":"companies","embeddable":true,"href":"https:\/\/admin.industriall-union.org\/es\/wp-json\/wp\/v2\/companies?post=157273"},{"taxonomy":"regions","embeddable":true,"href":"https:\/\/admin.industriall-union.org\/es\/wp-json\/wp\/v2\/regions?post=157273"},{"taxonomy":"sectors","embeddable":true,"href":"https:\/\/admin.industriall-union.org\/es\/wp-json\/wp\/v2\/sectors?post=157273"},{"taxonomy":"article_tags","embeddable":true,"href":"https:\/\/admin.industriall-union.org\/es\/wp-json\/wp\/v2\/article_tags?post=157273"}],"curies":[{"name":"wp","href":"https:\/\/api.w.org\/{rel}","templated":true}]}}