{"id":157259,"date":"2021-03-02T09:35:43","date_gmt":"2021-03-02T09:35:43","guid":{"rendered":"https:\/\/admin.industriall-union.org\/industriall-reclama-a-la-oit-y-la-ue-que-intervengan-en-bielorrusia\/"},"modified":"2025-01-28T22:35:14","modified_gmt":"2025-01-28T22:35:14","slug":"industriall-reclama-a-la-oit-y-la-ue-que-intervengan-en-bielorrusia","status":"publish","type":"article","link":"https:\/\/admin.industriall-union.org\/es\/industriall-reclama-a-la-oit-y-la-ue-que-intervengan-en-bielorrusia\/","title":{"rendered":"IndustriALL reclama a la OIT y la UE que intervengan en Bielorrusia"},"content":{"rendered":"<p>Una vez m\u00e1s, IndustriALL Global Union denuncia en\u00e9rgicamente las continuas violaciones a los derechos humanos y laborales fundamentales, los ataques a los sindicatos independientes y la represi\u00f3n de dirigentes sindicales y activistas, lo que incumple con las normas y las regulaciones laborales internacionales ratificadas por Bielorrusia.<\/p><p>Las recientes <a href=\"http:\/\/www.industriall-union.org\/industriall-condemns-brutal-raids-on-unions-in-belarus\">redadas policiales en las oficinas y domicilios de activistas sindicales<\/a> muestran claramente que las autoridades est\u00e1n intentando intimidar a todos para disuadir a la gente de luchar por la democracia y los derechos humanos.<\/p><p>Durante el brutal allanamiento de las oficinas del afiliado de IndustriALL, el Sindicato de Trabajadores de la Radio y la Industria Electr\u00f3nica (REP), la polic\u00eda encontr\u00f3 un cartucho de escopeta, el cual, seg\u00fan afirman los dirigentes sindicales, fue plantado para justificar m\u00e1s represi\u00f3n. El hallazgo puede resultar en acusaciones de actividades terroristas con cadena perpetua o pena de muerte. Dadas las sistem\u00e1ticas violaciones a los derechos humanos y la falta de justicia en Bielorrusia, el presidente del REP, Vasily Zavadsky, huy\u00f3 del pa\u00eds para escapar de una muy probable detenci\u00f3n ilegal.<\/p><p>El Sindicato Libre de Trabajadores Metal\u00fargicos (SPM), afiliado a IndustriALL, ha se\u00f1alado que los contratos de empleo en las empresas bielorrusas incluyen cl\u00e1usulas que proh\u00edben la participaci\u00f3n en manifestaciones, la libertad de opini\u00f3n y su libre expresi\u00f3n; violaciones a los derechos humanos y laborales sin precedentes. Un ejemplo de ello es la Planta Automotriz de Minsk, una gran empresa p\u00fablica que emplea a 15.000 trabajadores y exporta veh\u00edculos pesados a docenas de pa\u00edses en todo el mundo.<\/p><p>Los derechos y las libertades sindicales, que incluyen la libertad de asociaci\u00f3n y el derecho a organizar actividades sindicales de manera independiente, ya no est\u00e1n garantizados. El Sindicato Independiente de Bielorrusia (BITU), afiliado a IndustriALL, ha informado que las autoridades <a href=\"http:\/\/www.industriall-union.org\/dismissals-and-threats-against-belarusian-steelworkers\">se niegan a registrar a los sindicatos locales<\/a>, incluido el sindicato en Byelorussian Steel Works.<\/p><p>En una <a href=\"\/wp-content\/uploads\/documents\/2021\/BELARUS\/industriall_global_union_calls_on_the_ilo_for_urgent_intervention_in_belarus_01-03-2021.pdf\">carta a la OIT<\/a>, IndustriALL reclam\u00f3 una intervenci\u00f3n urgente, que se adopten todas las medidas posibles para detener la interferencia en los asuntos sindicales por parte de los organismos del orden p\u00fablico, y que se ponga fin a la represi\u00f3n a los activistas y dirigentes sindicales independientes.<\/p><p>En <a href=\"\/wp-content\/uploads\/documents\/2021\/BELARUS\/industriall_global_union_and_industriall_european_trade_union_letter_to_eu_commission_on_belarus_01-03-2021.pdf\">la carta conjunta<\/a>, IndustriALL Global Union e IndustriAll European Trade Union exhortan a la Comisi\u00f3n Europea a que revise nuevamente la pol\u00edtica actual y la relaci\u00f3n econ\u00f3mica con Bielorrusia y que adopte todas las medidas posibles para frenar las acciones antidemocr\u00e1ticas y violentas, que ponga fin a los ataques al movimiento sindical independiente, y que exija la liberaci\u00f3n inmediata de todos los dirigentes sindicales independientes, activistas y trabajadores, y que se retiren todos los cargos contra ellos.<\/p><p>El secretario general de IndustriALL Valter Sanches expres\u00f3:<\/p><blockquote><p>&ldquo;Los sindicatos independientes y democr\u00e1ticos juegan un papel crucial en la promoci\u00f3n de la democracia, construyendo una sociedad y una gobernanza democr\u00e1ticas en todos los pa\u00edses del mundo, y Bielorrusia no es la excepci\u00f3n. En estos tiempo dif\u00edciles e importantes, en los que se responde con represi\u00f3n al levantamiento prodemocr\u00e1tico en Bielorrusia, el movimiento sindical independiente debe recibir apoyo a trav\u00e9s de la intervenci\u00f3n pol\u00edtica de alto nivel de la Uni\u00f3n Europea&rdquo;.<\/p><\/blockquote>","protected":false},"featured_media":0,"template":"","issues":[422,424,425],"companies":[],"regions":[207],"sectors":[],"article_tags":[],"class_list":["post-157259","article","type-article","status-publish","hentry","issues-human-trade-union-rights","issues-violation","issues-workers-rights","regions-belarus"],"acf":[],"yoast_head":"<!-- This site is optimized with the Yoast SEO Premium plugin v27.1 (Yoast SEO v27.1) - https:\/\/yoast.com\/product\/yoast-seo-premium-wordpress\/ -->\n<title>IndustriALL reclama a la OIT y la UE que intervengan en Bielorrusia - industriall-union<\/title>\n<meta name=\"description\" content=\"Una vez m\u00e1s, IndustriALL Global Union denuncia en\u00e9rgicamente las continuas violaciones a los derechos humanos y laborales fundamentales, los ataques a los\" \/>\n<meta name=\"robots\" content=\"index, follow, max-snippet:-1, max-image-preview:large, max-video-preview:-1\" \/>\n<link rel=\"canonical\" href=\"https:\/\/admin.industriall-union.org\/es\/industriall-reclama-a-la-oit-y-la-ue-que-intervengan-en-bielorrusia\/\" \/>\n<meta property=\"og:locale\" content=\"es_ES\" \/>\n<meta property=\"og:type\" content=\"article\" \/>\n<meta property=\"og:title\" content=\"IndustriALL reclama a la OIT y la UE que intervengan en Bielorrusia\" \/>\n<meta property=\"og:description\" content=\"Una vez m\u00e1s, IndustriALL Global Union denuncia en\u00e9rgicamente las continuas violaciones a los derechos humanos y laborales fundamentales, los ataques a los\" \/>\n<meta property=\"og:url\" content=\"https:\/\/admin.industriall-union.org\/es\/industriall-reclama-a-la-oit-y-la-ue-que-intervengan-en-bielorrusia\/\" \/>\n<meta property=\"og:site_name\" content=\"industriall-union\" \/>\n<meta property=\"article:modified_time\" content=\"2025-01-28T22:35:14+00:00\" \/>\n<meta name=\"twitter:card\" content=\"summary_large_image\" \/>\n<meta name=\"twitter:label1\" content=\"Est. reading time\" \/>\n\t<meta name=\"twitter:data1\" content=\"3 minutes\" \/>\n<script type=\"application\/ld+json\" class=\"yoast-schema-graph\">{\"@context\":\"https:\/\/schema.org\",\"@graph\":[{\"@type\":\"WebPage\",\"@id\":\"https:\/\/admin.industriall-union.org\/es\/industriall-reclama-a-la-oit-y-la-ue-que-intervengan-en-bielorrusia\/\",\"url\":\"https:\/\/admin.industriall-union.org\/es\/industriall-reclama-a-la-oit-y-la-ue-que-intervengan-en-bielorrusia\/\",\"name\":\"IndustriALL reclama a la OIT y la UE que intervengan en Bielorrusia - industriall-union\",\"isPartOf\":{\"@id\":\"https:\/\/admin.industriall-union.org\/#website\"},\"datePublished\":\"2021-03-02T09:35:43+00:00\",\"dateModified\":\"2025-01-28T22:35:14+00:00\",\"description\":\"Una vez m\u00e1s, IndustriALL Global Union denuncia en\u00e9rgicamente las continuas violaciones a los derechos humanos y laborales fundamentales, los ataques a los\",\"breadcrumb\":{\"@id\":\"https:\/\/admin.industriall-union.org\/es\/industriall-reclama-a-la-oit-y-la-ue-que-intervengan-en-bielorrusia\/#breadcrumb\"},\"inLanguage\":\"es-ES\",\"potentialAction\":[{\"@type\":\"ReadAction\",\"target\":[\"https:\/\/admin.industriall-union.org\/es\/industriall-reclama-a-la-oit-y-la-ue-que-intervengan-en-bielorrusia\/\"]}]},{\"@type\":\"BreadcrumbList\",\"@id\":\"https:\/\/admin.industriall-union.org\/es\/industriall-reclama-a-la-oit-y-la-ue-que-intervengan-en-bielorrusia\/#breadcrumb\",\"itemListElement\":[{\"@type\":\"ListItem\",\"position\":1,\"name\":\"Home\",\"item\":\"https:\/\/admin.industriall-union.org\/\"},{\"@type\":\"ListItem\",\"position\":2,\"name\":\"Articles\",\"item\":\"https:\/\/admin.industriall-union.org\/article\/\"},{\"@type\":\"ListItem\",\"position\":3,\"name\":\"IndustriALL reclama a la OIT y la UE que intervengan en Bielorrusia\"}]},{\"@type\":\"WebSite\",\"@id\":\"https:\/\/admin.industriall-union.org\/#website\",\"url\":\"https:\/\/admin.industriall-union.org\/\",\"name\":\"industriall-union\",\"description\":\"\",\"potentialAction\":[{\"@type\":\"SearchAction\",\"target\":{\"@type\":\"EntryPoint\",\"urlTemplate\":\"https:\/\/admin.industriall-union.org\/?s={search_term_string}\"},\"query-input\":{\"@type\":\"PropertyValueSpecification\",\"valueRequired\":true,\"valueName\":\"search_term_string\"}}],\"inLanguage\":\"es-ES\"}]}<\/script>\n<!-- \/ Yoast SEO Premium plugin. -->","yoast_head_json":{"title":"IndustriALL reclama a la OIT y la UE que intervengan en Bielorrusia - industriall-union","description":"Una vez m\u00e1s, IndustriALL Global Union denuncia en\u00e9rgicamente las continuas violaciones a los derechos humanos y laborales fundamentales, los ataques a los","robots":{"index":"index","follow":"follow","max-snippet":"max-snippet:-1","max-image-preview":"max-image-preview:large","max-video-preview":"max-video-preview:-1"},"canonical":"https:\/\/admin.industriall-union.org\/es\/industriall-reclama-a-la-oit-y-la-ue-que-intervengan-en-bielorrusia\/","og_locale":"es_ES","og_type":"article","og_title":"IndustriALL reclama a la OIT y la UE que intervengan en Bielorrusia","og_description":"Una vez m\u00e1s, IndustriALL Global Union denuncia en\u00e9rgicamente las continuas violaciones a los derechos humanos y laborales fundamentales, los ataques a los","og_url":"https:\/\/admin.industriall-union.org\/es\/industriall-reclama-a-la-oit-y-la-ue-que-intervengan-en-bielorrusia\/","og_site_name":"industriall-union","article_modified_time":"2025-01-28T22:35:14+00:00","twitter_card":"summary_large_image","twitter_misc":{"Est. reading time":"3 minutes"},"schema":{"@context":"https:\/\/schema.org","@graph":[{"@type":"WebPage","@id":"https:\/\/admin.industriall-union.org\/es\/industriall-reclama-a-la-oit-y-la-ue-que-intervengan-en-bielorrusia\/","url":"https:\/\/admin.industriall-union.org\/es\/industriall-reclama-a-la-oit-y-la-ue-que-intervengan-en-bielorrusia\/","name":"IndustriALL reclama a la OIT y la UE que intervengan en Bielorrusia - industriall-union","isPartOf":{"@id":"https:\/\/admin.industriall-union.org\/#website"},"datePublished":"2021-03-02T09:35:43+00:00","dateModified":"2025-01-28T22:35:14+00:00","description":"Una vez m\u00e1s, IndustriALL Global Union denuncia en\u00e9rgicamente las continuas violaciones a los derechos humanos y laborales fundamentales, los ataques a los","breadcrumb":{"@id":"https:\/\/admin.industriall-union.org\/es\/industriall-reclama-a-la-oit-y-la-ue-que-intervengan-en-bielorrusia\/#breadcrumb"},"inLanguage":"es-ES","potentialAction":[{"@type":"ReadAction","target":["https:\/\/admin.industriall-union.org\/es\/industriall-reclama-a-la-oit-y-la-ue-que-intervengan-en-bielorrusia\/"]}]},{"@type":"BreadcrumbList","@id":"https:\/\/admin.industriall-union.org\/es\/industriall-reclama-a-la-oit-y-la-ue-que-intervengan-en-bielorrusia\/#breadcrumb","itemListElement":[{"@type":"ListItem","position":1,"name":"Home","item":"https:\/\/admin.industriall-union.org\/"},{"@type":"ListItem","position":2,"name":"Articles","item":"https:\/\/admin.industriall-union.org\/article\/"},{"@type":"ListItem","position":3,"name":"IndustriALL reclama a la OIT y la UE que intervengan en Bielorrusia"}]},{"@type":"WebSite","@id":"https:\/\/admin.industriall-union.org\/#website","url":"https:\/\/admin.industriall-union.org\/","name":"industriall-union","description":"","potentialAction":[{"@type":"SearchAction","target":{"@type":"EntryPoint","urlTemplate":"https:\/\/admin.industriall-union.org\/?s={search_term_string}"},"query-input":{"@type":"PropertyValueSpecification","valueRequired":true,"valueName":"search_term_string"}}],"inLanguage":"es-ES"}]}},"_links":{"self":[{"href":"https:\/\/admin.industriall-union.org\/es\/wp-json\/wp\/v2\/article\/157259","targetHints":{"allow":["GET"]}}],"collection":[{"href":"https:\/\/admin.industriall-union.org\/es\/wp-json\/wp\/v2\/article"}],"about":[{"href":"https:\/\/admin.industriall-union.org\/es\/wp-json\/wp\/v2\/types\/article"}],"wp:attachment":[{"href":"https:\/\/admin.industriall-union.org\/es\/wp-json\/wp\/v2\/media?parent=157259"}],"wp:term":[{"taxonomy":"issues","embeddable":true,"href":"https:\/\/admin.industriall-union.org\/es\/wp-json\/wp\/v2\/issues?post=157259"},{"taxonomy":"companies","embeddable":true,"href":"https:\/\/admin.industriall-union.org\/es\/wp-json\/wp\/v2\/companies?post=157259"},{"taxonomy":"regions","embeddable":true,"href":"https:\/\/admin.industriall-union.org\/es\/wp-json\/wp\/v2\/regions?post=157259"},{"taxonomy":"sectors","embeddable":true,"href":"https:\/\/admin.industriall-union.org\/es\/wp-json\/wp\/v2\/sectors?post=157259"},{"taxonomy":"article_tags","embeddable":true,"href":"https:\/\/admin.industriall-union.org\/es\/wp-json\/wp\/v2\/article_tags?post=157259"}],"curies":[{"name":"wp","href":"https:\/\/api.w.org\/{rel}","templated":true}]}}