{"id":157225,"date":"2021-03-05T06:42:57","date_gmt":"2021-03-05T06:42:57","guid":{"rendered":"https:\/\/admin.industriall-union.org\/campana-sindical-lleva-a-corea-del-sur-a-ratificar-los-convenios-fundamentales-de-la-oit\/"},"modified":"2025-01-28T21:45:58","modified_gmt":"2025-01-28T21:45:58","slug":"campana-sindical-lleva-a-corea-del-sur-a-ratificar-los-convenios-fundamentales-de-la-oit","status":"publish","type":"article","link":"https:\/\/admin.industriall-union.org\/es\/campana-sindical-lleva-a-corea-del-sur-a-ratificar-los-convenios-fundamentales-de-la-oit\/","title":{"rendered":"Campa\u00f1a sindical lleva a Corea del Sur a ratificar los convenios fundamentales de la OIT"},"content":{"rendered":"<p>La Confederaci\u00f3n de Sindicatos de Corea (KCTU) y la Federaci\u00f3n de Sindicatos de Corea (FKTU) han estado haciendo campa\u00f1a incansablemente por la ratificaci\u00f3n de los convenios fundamentales de la OIT. El 21 de octubre de 2020, los sindicatos celebraron una conferencia de prensa conjunta en la que pidieron al gobierno que ratificara los Convenios 87 y 98 de esta organizaci\u00f3n.<\/p><p>Las ratificaciones del Convenio sobre la libertad sindical (C87), el Convenio sobre el derecho de sindicaci\u00f3n y de negociaci\u00f3n colectiva (C98) y el Convenio sobre el trabajo forzoso (C29) obligar\u00e1n al gobierno de Corea del Sur a tomar medidas para reformar sus leyes laborales y proteger los derechos de los trabajadores.<\/p><p>Kim Man Jae, el presidente de la Federaci\u00f3n de Sindicatos de Trabajadores Metal\u00fargicos de Corea (FKMTU), expres\u00f3:<\/p><blockquote><p>&ldquo;Seguiremos luchando por la ratificaci\u00f3n del Convenio 105 de la OIT sobre la abolici\u00f3n del trabajo forzoso. Ahora, el gobierno debe revisar la Ley de sindicatos y poner fin a la interferencia excesiva en las relaciones laborales&rdquo;.<\/p><\/blockquote><p>El gobierno de Corea del Sur ha estado bajo presi\u00f3n de la Uni\u00f3n Europea para ratificar los convenios fundamentales de la OIT, de conformidad con lo dispuesto en el Acuerdo de libre comercio entre la UE y Corea, vigente desde 2011.<\/p><figure class=\"imageArticle imageFull\"><img decoding=\"async\" alt=\"\" src=\"\" style=\"width: 960px;height: 641px\" \/><figcaption class=\"imageContent\">&nbsp;<\/figcaption><\/figure><p>El 25 de enero de este a\u00f1o, un panel de expertos de la UE concluy\u00f3 que el gobierno coreano incumpli\u00f3 los compromisos asumidos en el acuerdo en materia laboral.<\/p><p>Kim Ho Gyu, presidente del Sindicato de Trabajadores Metal\u00fargicos de Corea (KMWU), expres\u00f3:<\/p><blockquote><p>&ldquo;Los convenios ratificados son lineamientos jur\u00eddicos importantes para lograr una reforma integral de la legislaci\u00f3n laboral que ponga fin a la represi\u00f3n sindical, armonice la ley y la pr\u00e1ctica con la libertad sindical y garantice los derechos sindicales para los sindicatos a nivel de industria&rdquo;.<\/p><p>&ldquo;Agradecemos al movimiento sindical internacional por su solidaridad durante nuestros treinta a\u00f1os de lucha por la ratificaci\u00f3n de los convenios de la OIT. Prometemos que el KMWU continuar\u00e1 la lucha a lo largo de las cadenas de suministro de los conglomerados industriales coreanos&rdquo;.<\/p><\/blockquote><p>La Confederaci\u00f3n Sindical Internacional (CSI), la Confederaci\u00f3n Europea de Sindicatos (CES) y la Federaci\u00f3n Internacional de Derechos Humanos (FIDH) hicieron una presentaci\u00f3n oficial al panel de expertos el 15 de enero de 2020.<br \/>&nbsp;<br \/>El secretario general de IndustriALL, Valter Sanches, declar\u00f3:<\/p><blockquote><p>&ldquo;La larga historia de abusos de los derechos de los trabajadores en Corea parece haber llegado a su fin gracias a las campa\u00f1as y la lucha hist\u00f3rica incansable de los sindicatos coreanos, que condujeron a esta importante victoria&rdquo;.<\/p><p>&ldquo;Al tiempo que celebramos las ratificaciones de los convenios fundamentales de la OIT, esperamos que el gobierno de Corea del Sur modifique r\u00e1pidamente la legislaci\u00f3n laboral en consecuencia y, sobre todo, implemente las disposiciones de los convenios&rdquo;.<\/p><\/blockquote>","protected":false},"featured_media":0,"template":"","issues":[398,425],"companies":[],"regions":[170],"sectors":[],"article_tags":[],"class_list":["post-157225","article","type-article","status-publish","hentry","issues-union-win","issues-workers-rights","regions-korea"],"acf":[],"yoast_head":"<!-- This site is optimized with the Yoast SEO Premium plugin v27.1 (Yoast SEO v27.1) - https:\/\/yoast.com\/product\/yoast-seo-premium-wordpress\/ -->\n<title>Campa\u00f1a sindical lleva a Corea del Sur a ratificar los convenios fundamentales de la OIT - industriall-union<\/title>\n<meta name=\"description\" content=\"La Confederaci\u00f3n de Sindicatos de Corea (KCTU) y la Federaci\u00f3n de Sindicatos de Corea (FKTU) han estado haciendo campa\u00f1a incansablemente por la\" \/>\n<meta name=\"robots\" content=\"index, follow, max-snippet:-1, max-image-preview:large, max-video-preview:-1\" \/>\n<link rel=\"canonical\" href=\"https:\/\/admin.industriall-union.org\/es\/campana-sindical-lleva-a-corea-del-sur-a-ratificar-los-convenios-fundamentales-de-la-oit\/\" \/>\n<meta property=\"og:locale\" content=\"es_ES\" \/>\n<meta property=\"og:type\" content=\"article\" \/>\n<meta property=\"og:title\" content=\"Campa\u00f1a sindical lleva a Corea del Sur a ratificar los convenios fundamentales de la OIT\" \/>\n<meta property=\"og:description\" content=\"La Confederaci\u00f3n de Sindicatos de Corea (KCTU) y la Federaci\u00f3n de Sindicatos de Corea (FKTU) han estado haciendo campa\u00f1a incansablemente por la\" \/>\n<meta property=\"og:url\" content=\"https:\/\/admin.industriall-union.org\/es\/campana-sindical-lleva-a-corea-del-sur-a-ratificar-los-convenios-fundamentales-de-la-oit\/\" \/>\n<meta property=\"og:site_name\" content=\"industriall-union\" \/>\n<meta property=\"article:modified_time\" content=\"2025-01-28T21:45:58+00:00\" \/>\n<meta name=\"twitter:card\" content=\"summary_large_image\" \/>\n<meta name=\"twitter:label1\" content=\"Est. reading time\" \/>\n\t<meta name=\"twitter:data1\" content=\"2 minutes\" \/>\n<script type=\"application\/ld+json\" class=\"yoast-schema-graph\">{\"@context\":\"https:\/\/schema.org\",\"@graph\":[{\"@type\":\"WebPage\",\"@id\":\"https:\/\/admin.industriall-union.org\/es\/campana-sindical-lleva-a-corea-del-sur-a-ratificar-los-convenios-fundamentales-de-la-oit\/\",\"url\":\"https:\/\/admin.industriall-union.org\/es\/campana-sindical-lleva-a-corea-del-sur-a-ratificar-los-convenios-fundamentales-de-la-oit\/\",\"name\":\"Campa\u00f1a sindical lleva a Corea del Sur a ratificar los convenios fundamentales de la OIT - industriall-union\",\"isPartOf\":{\"@id\":\"https:\/\/admin.industriall-union.org\/#website\"},\"datePublished\":\"2021-03-05T06:42:57+00:00\",\"dateModified\":\"2025-01-28T21:45:58+00:00\",\"description\":\"La Confederaci\u00f3n de Sindicatos de Corea (KCTU) y la Federaci\u00f3n de Sindicatos de Corea (FKTU) han estado haciendo campa\u00f1a incansablemente por la\",\"breadcrumb\":{\"@id\":\"https:\/\/admin.industriall-union.org\/es\/campana-sindical-lleva-a-corea-del-sur-a-ratificar-los-convenios-fundamentales-de-la-oit\/#breadcrumb\"},\"inLanguage\":\"es-ES\",\"potentialAction\":[{\"@type\":\"ReadAction\",\"target\":[\"https:\/\/admin.industriall-union.org\/es\/campana-sindical-lleva-a-corea-del-sur-a-ratificar-los-convenios-fundamentales-de-la-oit\/\"]}]},{\"@type\":\"BreadcrumbList\",\"@id\":\"https:\/\/admin.industriall-union.org\/es\/campana-sindical-lleva-a-corea-del-sur-a-ratificar-los-convenios-fundamentales-de-la-oit\/#breadcrumb\",\"itemListElement\":[{\"@type\":\"ListItem\",\"position\":1,\"name\":\"Home\",\"item\":\"https:\/\/admin.industriall-union.org\/\"},{\"@type\":\"ListItem\",\"position\":2,\"name\":\"Articles\",\"item\":\"https:\/\/admin.industriall-union.org\/article\/\"},{\"@type\":\"ListItem\",\"position\":3,\"name\":\"Campa\u00f1a sindical lleva a Corea del Sur a ratificar los convenios fundamentales de la OIT\"}]},{\"@type\":\"WebSite\",\"@id\":\"https:\/\/admin.industriall-union.org\/#website\",\"url\":\"https:\/\/admin.industriall-union.org\/\",\"name\":\"industriall-union\",\"description\":\"\",\"potentialAction\":[{\"@type\":\"SearchAction\",\"target\":{\"@type\":\"EntryPoint\",\"urlTemplate\":\"https:\/\/admin.industriall-union.org\/?s={search_term_string}\"},\"query-input\":{\"@type\":\"PropertyValueSpecification\",\"valueRequired\":true,\"valueName\":\"search_term_string\"}}],\"inLanguage\":\"es-ES\"}]}<\/script>\n<!-- \/ Yoast SEO Premium plugin. -->","yoast_head_json":{"title":"Campa\u00f1a sindical lleva a Corea del Sur a ratificar los convenios fundamentales de la OIT - industriall-union","description":"La Confederaci\u00f3n de Sindicatos de Corea (KCTU) y la Federaci\u00f3n de Sindicatos de Corea (FKTU) han estado haciendo campa\u00f1a incansablemente por la","robots":{"index":"index","follow":"follow","max-snippet":"max-snippet:-1","max-image-preview":"max-image-preview:large","max-video-preview":"max-video-preview:-1"},"canonical":"https:\/\/admin.industriall-union.org\/es\/campana-sindical-lleva-a-corea-del-sur-a-ratificar-los-convenios-fundamentales-de-la-oit\/","og_locale":"es_ES","og_type":"article","og_title":"Campa\u00f1a sindical lleva a Corea del Sur a ratificar los convenios fundamentales de la OIT","og_description":"La Confederaci\u00f3n de Sindicatos de Corea (KCTU) y la Federaci\u00f3n de Sindicatos de Corea (FKTU) han estado haciendo campa\u00f1a incansablemente por la","og_url":"https:\/\/admin.industriall-union.org\/es\/campana-sindical-lleva-a-corea-del-sur-a-ratificar-los-convenios-fundamentales-de-la-oit\/","og_site_name":"industriall-union","article_modified_time":"2025-01-28T21:45:58+00:00","twitter_card":"summary_large_image","twitter_misc":{"Est. reading time":"2 minutes"},"schema":{"@context":"https:\/\/schema.org","@graph":[{"@type":"WebPage","@id":"https:\/\/admin.industriall-union.org\/es\/campana-sindical-lleva-a-corea-del-sur-a-ratificar-los-convenios-fundamentales-de-la-oit\/","url":"https:\/\/admin.industriall-union.org\/es\/campana-sindical-lleva-a-corea-del-sur-a-ratificar-los-convenios-fundamentales-de-la-oit\/","name":"Campa\u00f1a sindical lleva a Corea del Sur a ratificar los convenios fundamentales de la OIT - industriall-union","isPartOf":{"@id":"https:\/\/admin.industriall-union.org\/#website"},"datePublished":"2021-03-05T06:42:57+00:00","dateModified":"2025-01-28T21:45:58+00:00","description":"La Confederaci\u00f3n de Sindicatos de Corea (KCTU) y la Federaci\u00f3n de Sindicatos de Corea (FKTU) han estado haciendo campa\u00f1a incansablemente por la","breadcrumb":{"@id":"https:\/\/admin.industriall-union.org\/es\/campana-sindical-lleva-a-corea-del-sur-a-ratificar-los-convenios-fundamentales-de-la-oit\/#breadcrumb"},"inLanguage":"es-ES","potentialAction":[{"@type":"ReadAction","target":["https:\/\/admin.industriall-union.org\/es\/campana-sindical-lleva-a-corea-del-sur-a-ratificar-los-convenios-fundamentales-de-la-oit\/"]}]},{"@type":"BreadcrumbList","@id":"https:\/\/admin.industriall-union.org\/es\/campana-sindical-lleva-a-corea-del-sur-a-ratificar-los-convenios-fundamentales-de-la-oit\/#breadcrumb","itemListElement":[{"@type":"ListItem","position":1,"name":"Home","item":"https:\/\/admin.industriall-union.org\/"},{"@type":"ListItem","position":2,"name":"Articles","item":"https:\/\/admin.industriall-union.org\/article\/"},{"@type":"ListItem","position":3,"name":"Campa\u00f1a sindical lleva a Corea del Sur a ratificar los convenios fundamentales de la OIT"}]},{"@type":"WebSite","@id":"https:\/\/admin.industriall-union.org\/#website","url":"https:\/\/admin.industriall-union.org\/","name":"industriall-union","description":"","potentialAction":[{"@type":"SearchAction","target":{"@type":"EntryPoint","urlTemplate":"https:\/\/admin.industriall-union.org\/?s={search_term_string}"},"query-input":{"@type":"PropertyValueSpecification","valueRequired":true,"valueName":"search_term_string"}}],"inLanguage":"es-ES"}]}},"_links":{"self":[{"href":"https:\/\/admin.industriall-union.org\/es\/wp-json\/wp\/v2\/article\/157225","targetHints":{"allow":["GET"]}}],"collection":[{"href":"https:\/\/admin.industriall-union.org\/es\/wp-json\/wp\/v2\/article"}],"about":[{"href":"https:\/\/admin.industriall-union.org\/es\/wp-json\/wp\/v2\/types\/article"}],"wp:attachment":[{"href":"https:\/\/admin.industriall-union.org\/es\/wp-json\/wp\/v2\/media?parent=157225"}],"wp:term":[{"taxonomy":"issues","embeddable":true,"href":"https:\/\/admin.industriall-union.org\/es\/wp-json\/wp\/v2\/issues?post=157225"},{"taxonomy":"companies","embeddable":true,"href":"https:\/\/admin.industriall-union.org\/es\/wp-json\/wp\/v2\/companies?post=157225"},{"taxonomy":"regions","embeddable":true,"href":"https:\/\/admin.industriall-union.org\/es\/wp-json\/wp\/v2\/regions?post=157225"},{"taxonomy":"sectors","embeddable":true,"href":"https:\/\/admin.industriall-union.org\/es\/wp-json\/wp\/v2\/sectors?post=157225"},{"taxonomy":"article_tags","embeddable":true,"href":"https:\/\/admin.industriall-union.org\/es\/wp-json\/wp\/v2\/article_tags?post=157225"}],"curies":[{"name":"wp","href":"https:\/\/api.w.org\/{rel}","templated":true}]}}