{"id":157056,"date":"2021-04-01T10:49:58","date_gmt":"2021-04-01T10:49:58","guid":{"rendered":"https:\/\/admin.industriall-union.org\/trabajadores-nucleares-de-todo-el-mundo-conmemoran-el-desastre-de-fukushima\/"},"modified":"2025-01-28T19:29:21","modified_gmt":"2025-01-28T19:29:21","slug":"trabajadores-nucleares-de-todo-el-mundo-conmemoran-el-desastre-de-fukushima","status":"publish","type":"article","link":"https:\/\/admin.industriall-union.org\/es\/trabajadores-nucleares-de-todo-el-mundo-conmemoran-el-desastre-de-fukushima\/","title":{"rendered":"Trabajadores nucleares de todo el mundo conmemoran el desastre de Fukushima"},"content":{"rendered":"<p>En su discurso de apertura, Valery Matov, vicepresidente del sector nuclear de IndustriALL y presidente de Atomprofspilka, Ucrania, expres\u00f3:<\/p><blockquote><p>&ldquo;Es muy importante para nosotros discutir las prioridades de los trabajadores de la energ\u00eda nuclear, los problemas ambientales, aprender de los errores y utilizar tecnolog\u00edas para prevenir estas tragedias y proteger a los trabajadores de las centrales nucleares y a la poblaci\u00f3n circundante&rdquo;.<\/p><\/blockquote><p>Hasta 160.000 residentes fueron evacuados al detectarse una fuga radiactiva en los reactores nucleares de Daiichi. Cuando un tsunami de 15 metros golpe\u00f3 la central nuclear, el sistema de refrigeraci\u00f3n perdi\u00f3 energ\u00eda.<\/p><p>En los \u00faltimos diez a\u00f1os, los trabajadores nucleares japoneses han llevado a cabo obras de recuperaci\u00f3n en la primera l\u00ednea de combate, que incluyen la extracci\u00f3n de los residuos de combustible de los reactores, la purificaci\u00f3n del agua contaminada y el monitoreo de la cementaci\u00f3n de las superficies de tierra afectadas.<\/p><p>La Federaci\u00f3n de Sindicatos de Trabajadores de la Industria Relacionada con la Energ\u00eda El\u00e9ctrica de Jap\u00f3n (DENRYOKU SOREN) y la Confederaci\u00f3n Japonesa de Sindicatos (RENGO) han enviado voluntarios para participar en obras de recuperaci\u00f3n dentro de la comunidad.<\/p><p>Tokyo Electric Power Company Holdings (TEPCO), ha reforzado las medidas de prevenci\u00f3n de desastres. Se construy\u00f3 un rompeolas de 22 metros de altura para bloquear tsunamis, se instalaron generadores fuera de la planta como suministros de energ\u00eda de respaldo y se construyeron diversas instalaciones para mitigar terremotos, tornados, explosiones de hidr\u00f3geno y ataques terroristas.&nbsp;<\/p><p>Koji Sakata, presidente de DENRYOKU SOREN, declar\u00f3:<\/p><blockquote><p>&ldquo;Estamos agradecidos por los mensajes alentadores y las donaciones de la comunidad internacional. Los trabajadores nucleares de Fukushima se enfrentan a grandes desaf\u00edos en los trabajos de desmantelamiento, especialmente los relacionados con el vertido de aguas purificadas, ya que se ha superado la capacidad de almacenamiento. Necesitamos de su apoyo para esto&rdquo;.<\/p><\/blockquote><p>El desastre de Fukushima ha generado cambios enormes en las estrategias nucleares a nivel mundial. Los 75 sindicalistas de Espa\u00f1a, Francia, Turqu\u00eda, B\u00e9lgica, Reino Unido y Ucrania elogiaron las medidas de seguridad mejoradas e informaron que los operadores nucleares en Europa han intensificado sus esfuerzos para prevenir accidentes de reactores nucleares. En Ucrania, el personal operativo ha realizado pruebas de resistencia para todos los reactores nucleares.<\/p><p>Los trabajadores nucleares europeos est\u00e1n colaborando con sus gobiernos y el p\u00fablico en general en el desmantelamiento de las centrales nucleares. Asimismo, pidieron una Transici\u00f3n Justa para mitigar los impactos de la p\u00e9rdida de empleo a medida que los pa\u00edses europeos avanzan hacia las energ\u00edas renovables.<\/p><p>La directora de energ\u00eda de IndustriALL, Diana Junquera Curiel, expres\u00f3:<\/p><blockquote><p>&ldquo;A pesar de la gran inversi\u00f3n en renovables, debe haber una matriz energ\u00e9tica para garantizar la seguridad en materia de energ\u00eda. Los pa\u00edses que han decidido deshacerse de la energ\u00eda nuclear deben poner en marcha planes adecuados de transici\u00f3n energ\u00e9tica justa para brindar un futuro al personal del sector&rdquo;.<\/p><\/blockquote><p>Los gobiernos deben tener en cuenta que las centrales nucleares se encuentran en lugares remotos. Para cerrar y desmantelar estas plantas, las autoridades deben apostar por la industrializaci\u00f3n, que ser\u00e1 orientada por el mercado y por los propios gobiernos.<\/p><blockquote><p>&ldquo;IndustriALL est\u00e1 trabajando para desarrollar recomendaciones concretas para una Transici\u00f3n Justa en los sectores energ\u00e9tico, minero y mec\u00e1nico. No podemos pedirles a los trabajadores que dejen de hacer lo que est\u00e1n haciendo hoy sin decirles lo que van a hacer ma\u00f1ana&rdquo;,<\/p><\/blockquote><p>expres\u00f3 Kemal \u00d6zkan, secretario general adjunto de IndustriALL.<\/p>","protected":false},"featured_media":0,"template":"","issues":[420,425],"companies":[],"regions":[168],"sectors":[483],"article_tags":[],"class_list":["post-157056","article","type-article","status-publish","hentry","issues-solidarity","issues-workers-rights","regions-japan","sectors-energy-oil-gas-electricity-and-nuclear"],"acf":[],"yoast_head":"<!-- This site is optimized with the Yoast SEO Premium plugin v27.1 (Yoast SEO v27.1) - https:\/\/yoast.com\/product\/yoast-seo-premium-wordpress\/ -->\n<title>Trabajadores nucleares de todo el mundo conmemoran el desastre de Fukushima - industriall-union<\/title>\n<meta name=\"description\" content=\"En su discurso de apertura, Valery Matov, vicepresidente del sector nuclear de IndustriALL y presidente de Atomprofspilka, Ucrania, expres\u00f3:&ldquo;Es muy\" \/>\n<meta name=\"robots\" content=\"index, follow, max-snippet:-1, max-image-preview:large, max-video-preview:-1\" \/>\n<link rel=\"canonical\" href=\"https:\/\/admin.industriall-union.org\/es\/trabajadores-nucleares-de-todo-el-mundo-conmemoran-el-desastre-de-fukushima\/\" \/>\n<meta property=\"og:locale\" content=\"es_ES\" \/>\n<meta property=\"og:type\" content=\"article\" \/>\n<meta property=\"og:title\" content=\"Trabajadores nucleares de todo el mundo conmemoran el desastre de Fukushima\" \/>\n<meta property=\"og:description\" content=\"En su discurso de apertura, Valery Matov, vicepresidente del sector nuclear de IndustriALL y presidente de Atomprofspilka, Ucrania, expres\u00f3:&ldquo;Es muy\" \/>\n<meta property=\"og:url\" content=\"https:\/\/admin.industriall-union.org\/es\/trabajadores-nucleares-de-todo-el-mundo-conmemoran-el-desastre-de-fukushima\/\" \/>\n<meta property=\"og:site_name\" content=\"industriall-union\" \/>\n<meta property=\"article:modified_time\" content=\"2025-01-28T19:29:21+00:00\" \/>\n<meta name=\"twitter:card\" content=\"summary_large_image\" \/>\n<meta name=\"twitter:label1\" content=\"Est. reading time\" \/>\n\t<meta name=\"twitter:data1\" content=\"3 minutes\" \/>\n<script type=\"application\/ld+json\" class=\"yoast-schema-graph\">{\"@context\":\"https:\/\/schema.org\",\"@graph\":[{\"@type\":\"WebPage\",\"@id\":\"https:\/\/admin.industriall-union.org\/es\/trabajadores-nucleares-de-todo-el-mundo-conmemoran-el-desastre-de-fukushima\/\",\"url\":\"https:\/\/admin.industriall-union.org\/es\/trabajadores-nucleares-de-todo-el-mundo-conmemoran-el-desastre-de-fukushima\/\",\"name\":\"Trabajadores nucleares de todo el mundo conmemoran el desastre de Fukushima - industriall-union\",\"isPartOf\":{\"@id\":\"https:\/\/admin.industriall-union.org\/#website\"},\"datePublished\":\"2021-04-01T10:49:58+00:00\",\"dateModified\":\"2025-01-28T19:29:21+00:00\",\"description\":\"En su discurso de apertura, Valery Matov, vicepresidente del sector nuclear de IndustriALL y presidente de Atomprofspilka, Ucrania, expres\u00f3:&ldquo;Es muy\",\"breadcrumb\":{\"@id\":\"https:\/\/admin.industriall-union.org\/es\/trabajadores-nucleares-de-todo-el-mundo-conmemoran-el-desastre-de-fukushima\/#breadcrumb\"},\"inLanguage\":\"es-ES\",\"potentialAction\":[{\"@type\":\"ReadAction\",\"target\":[\"https:\/\/admin.industriall-union.org\/es\/trabajadores-nucleares-de-todo-el-mundo-conmemoran-el-desastre-de-fukushima\/\"]}]},{\"@type\":\"BreadcrumbList\",\"@id\":\"https:\/\/admin.industriall-union.org\/es\/trabajadores-nucleares-de-todo-el-mundo-conmemoran-el-desastre-de-fukushima\/#breadcrumb\",\"itemListElement\":[{\"@type\":\"ListItem\",\"position\":1,\"name\":\"Home\",\"item\":\"https:\/\/admin.industriall-union.org\/\"},{\"@type\":\"ListItem\",\"position\":2,\"name\":\"Articles\",\"item\":\"https:\/\/admin.industriall-union.org\/article\/\"},{\"@type\":\"ListItem\",\"position\":3,\"name\":\"Trabajadores nucleares de todo el mundo conmemoran el desastre de Fukushima\"}]},{\"@type\":\"WebSite\",\"@id\":\"https:\/\/admin.industriall-union.org\/#website\",\"url\":\"https:\/\/admin.industriall-union.org\/\",\"name\":\"industriall-union\",\"description\":\"\",\"potentialAction\":[{\"@type\":\"SearchAction\",\"target\":{\"@type\":\"EntryPoint\",\"urlTemplate\":\"https:\/\/admin.industriall-union.org\/?s={search_term_string}\"},\"query-input\":{\"@type\":\"PropertyValueSpecification\",\"valueRequired\":true,\"valueName\":\"search_term_string\"}}],\"inLanguage\":\"es-ES\"}]}<\/script>\n<!-- \/ Yoast SEO Premium plugin. -->","yoast_head_json":{"title":"Trabajadores nucleares de todo el mundo conmemoran el desastre de Fukushima - industriall-union","description":"En su discurso de apertura, Valery Matov, vicepresidente del sector nuclear de IndustriALL y presidente de Atomprofspilka, Ucrania, expres\u00f3:&ldquo;Es muy","robots":{"index":"index","follow":"follow","max-snippet":"max-snippet:-1","max-image-preview":"max-image-preview:large","max-video-preview":"max-video-preview:-1"},"canonical":"https:\/\/admin.industriall-union.org\/es\/trabajadores-nucleares-de-todo-el-mundo-conmemoran-el-desastre-de-fukushima\/","og_locale":"es_ES","og_type":"article","og_title":"Trabajadores nucleares de todo el mundo conmemoran el desastre de Fukushima","og_description":"En su discurso de apertura, Valery Matov, vicepresidente del sector nuclear de IndustriALL y presidente de Atomprofspilka, Ucrania, expres\u00f3:&ldquo;Es muy","og_url":"https:\/\/admin.industriall-union.org\/es\/trabajadores-nucleares-de-todo-el-mundo-conmemoran-el-desastre-de-fukushima\/","og_site_name":"industriall-union","article_modified_time":"2025-01-28T19:29:21+00:00","twitter_card":"summary_large_image","twitter_misc":{"Est. reading time":"3 minutes"},"schema":{"@context":"https:\/\/schema.org","@graph":[{"@type":"WebPage","@id":"https:\/\/admin.industriall-union.org\/es\/trabajadores-nucleares-de-todo-el-mundo-conmemoran-el-desastre-de-fukushima\/","url":"https:\/\/admin.industriall-union.org\/es\/trabajadores-nucleares-de-todo-el-mundo-conmemoran-el-desastre-de-fukushima\/","name":"Trabajadores nucleares de todo el mundo conmemoran el desastre de Fukushima - industriall-union","isPartOf":{"@id":"https:\/\/admin.industriall-union.org\/#website"},"datePublished":"2021-04-01T10:49:58+00:00","dateModified":"2025-01-28T19:29:21+00:00","description":"En su discurso de apertura, Valery Matov, vicepresidente del sector nuclear de IndustriALL y presidente de Atomprofspilka, Ucrania, expres\u00f3:&ldquo;Es muy","breadcrumb":{"@id":"https:\/\/admin.industriall-union.org\/es\/trabajadores-nucleares-de-todo-el-mundo-conmemoran-el-desastre-de-fukushima\/#breadcrumb"},"inLanguage":"es-ES","potentialAction":[{"@type":"ReadAction","target":["https:\/\/admin.industriall-union.org\/es\/trabajadores-nucleares-de-todo-el-mundo-conmemoran-el-desastre-de-fukushima\/"]}]},{"@type":"BreadcrumbList","@id":"https:\/\/admin.industriall-union.org\/es\/trabajadores-nucleares-de-todo-el-mundo-conmemoran-el-desastre-de-fukushima\/#breadcrumb","itemListElement":[{"@type":"ListItem","position":1,"name":"Home","item":"https:\/\/admin.industriall-union.org\/"},{"@type":"ListItem","position":2,"name":"Articles","item":"https:\/\/admin.industriall-union.org\/article\/"},{"@type":"ListItem","position":3,"name":"Trabajadores nucleares de todo el mundo conmemoran el desastre de Fukushima"}]},{"@type":"WebSite","@id":"https:\/\/admin.industriall-union.org\/#website","url":"https:\/\/admin.industriall-union.org\/","name":"industriall-union","description":"","potentialAction":[{"@type":"SearchAction","target":{"@type":"EntryPoint","urlTemplate":"https:\/\/admin.industriall-union.org\/?s={search_term_string}"},"query-input":{"@type":"PropertyValueSpecification","valueRequired":true,"valueName":"search_term_string"}}],"inLanguage":"es-ES"}]}},"_links":{"self":[{"href":"https:\/\/admin.industriall-union.org\/es\/wp-json\/wp\/v2\/article\/157056","targetHints":{"allow":["GET"]}}],"collection":[{"href":"https:\/\/admin.industriall-union.org\/es\/wp-json\/wp\/v2\/article"}],"about":[{"href":"https:\/\/admin.industriall-union.org\/es\/wp-json\/wp\/v2\/types\/article"}],"wp:attachment":[{"href":"https:\/\/admin.industriall-union.org\/es\/wp-json\/wp\/v2\/media?parent=157056"}],"wp:term":[{"taxonomy":"issues","embeddable":true,"href":"https:\/\/admin.industriall-union.org\/es\/wp-json\/wp\/v2\/issues?post=157056"},{"taxonomy":"companies","embeddable":true,"href":"https:\/\/admin.industriall-union.org\/es\/wp-json\/wp\/v2\/companies?post=157056"},{"taxonomy":"regions","embeddable":true,"href":"https:\/\/admin.industriall-union.org\/es\/wp-json\/wp\/v2\/regions?post=157056"},{"taxonomy":"sectors","embeddable":true,"href":"https:\/\/admin.industriall-union.org\/es\/wp-json\/wp\/v2\/sectors?post=157056"},{"taxonomy":"article_tags","embeddable":true,"href":"https:\/\/admin.industriall-union.org\/es\/wp-json\/wp\/v2\/article_tags?post=157056"}],"curies":[{"name":"wp","href":"https:\/\/api.w.org\/{rel}","templated":true}]}}