{"id":156950,"date":"2021-04-15T10:21:19","date_gmt":"2021-04-15T10:21:19","guid":{"rendered":"https:\/\/admin.industriall-union.org\/los-trabajadores-de-la-confeccion-necesitan-fabricas-seguras\/"},"modified":"2025-01-28T18:50:50","modified_gmt":"2025-01-28T18:50:50","slug":"los-trabajadores-de-la-confeccion-necesitan-fabricas-seguras","status":"publish","type":"article","link":"https:\/\/admin.industriall-union.org\/es\/los-trabajadores-de-la-confeccion-necesitan-fabricas-seguras\/","title":{"rendered":"Los trabajadores de la confecci\u00f3n necesitan f\u00e1bricas seguras"},"content":{"rendered":"<p>El 24 de abril se cumplir\u00e1n ocho a\u00f1os del homicidio industrial que representa el desastre del Rana Plaza, donde m\u00e1s de 1000 trabajadores de la confecci\u00f3n fallecieron y muchos m\u00e1s resultaron heridos.<\/p><p>No obstante, las personas que trabajan en el sector de la confecci\u00f3n siguen reclamando a viva voz por f\u00e1bricas m\u00e1s seguras. Solamente en el mes de marzo, m\u00e1s de 40 perdieron la vida en Marruecos y Egipto debido a la inseguridad de sus lugares de trabajo.<\/p><p>IndustriALL sigue haciendo campa\u00f1a para defender los derechos laborales y fortalecer el poder sindical en el sector textil y de la confecci\u00f3n. Por este motivo, le pedimos que nos acompa\u00f1e en las acciones que se llevar\u00e1n a cabo la pr\u00f3xima semana.<\/p><p>Estas son algunas de las maneras en las que puede colaborar:<\/p><ul><li>Actualizar su foto de perfil de Facebook con un <a href=\"https:\/\/www.facebook.com\/profilepicframes\/?selected_overlay_id=491873098841049\" target=\"_blank\">marco en el que se exigen f\u00e1bricas seguras<\/a><\/li><li><a href=\"\/wp-content\/uploads\/documents\/America-Latina\/cartel_de_la_campana_de_industriall_-_los_trabajadores_de_la_confeccion_necesitan_fabricas_seguras.pdf\">Descargar el afiche adjunto<\/a>, tomar una foto y publicarla en las redes sociales etiquetando a IndustriALL Global Union en <a href=\"https:\/\/www.facebook.com\/IndustriALLGlobalUnion\">Facebook<\/a>, <a href=\"https:\/\/twitter.com\/IndustriALL_GU\">Twitter<\/a> o Instagram: @industriALL_gu<\/li><li>No se olvide de incluir los hashtags: #GarmentWorkersNeedUnions (&ldquo;Los trabajadores de la confecci\u00f3n necesitan sindicatos&rdquo;), #IMadeYourClothes (&ldquo;Yo hice tu ropa&rdquo;), #RPNeverAgain (&ldquo;Nunca m\u00e1s un Rana Plaza&rdquo;)<\/li><li>Unirse a nuestro <a href=\"https:\/\/www.facebook.com\/IndustriALLGlobalUnion\">debate en vivo<\/a> sobre f\u00e1bricas seguras en Facebook con H&amp;M, ASOS, Tchibo y Esprit, que tendr\u00e1 lugar el 23 de abril a las 11 a.&nbsp;m. CET.<\/li><\/ul><p>La semana de la acci\u00f3n coincide con la <a href=\"https:\/\/www.fashionrevolution.org\/about\/get-involved\/\">Fashion Revolution Week<\/a> (Semana de la Revoluci\u00f3n de la Moda), por lo que agradecemos que apoye su mensaje a trav\u00e9s del hashtag #IMadeYourClothes. Puede descargar el material de Fashion Revolution para participar.<br \/>&nbsp;<br \/>H\u00e1ganos saber lo que est\u00e1 haciendo enviando fotos de sus acciones a <a href=\"mailto:press@industriall-union.org\">press@industriall-union.org<\/a>. &iexcl;Comparta sus comentarios, etiqu\u00e9tenos y use nuestros hashtags!<\/p>","protected":false},"featured_media":0,"template":"","issues":[414,402,425],"companies":[],"regions":[],"sectors":[464],"article_tags":[],"class_list":["post-156950","article","type-article","status-publish","hentry","issues-action-on-bangladesh","issues-health-and-safety","issues-workers-rights","sectors-textile-leather-garment-shoes-and-textile-services"],"acf":[],"yoast_head":"<!-- This site is optimized with the Yoast SEO Premium plugin v27.1 (Yoast SEO v27.1) - https:\/\/yoast.com\/product\/yoast-seo-premium-wordpress\/ -->\n<title>Los trabajadores de la confecci\u00f3n necesitan f\u00e1bricas seguras - industriall-union<\/title>\n<meta name=\"description\" content=\"El 24 de abril se cumplir\u00e1n ocho a\u00f1os del homicidio industrial que representa el desastre del Rana Plaza, donde m\u00e1s de 1000 trabajadores de la confecci\u00f3n\" \/>\n<meta name=\"robots\" content=\"index, follow, max-snippet:-1, max-image-preview:large, max-video-preview:-1\" \/>\n<link rel=\"canonical\" href=\"https:\/\/admin.industriall-union.org\/es\/los-trabajadores-de-la-confeccion-necesitan-fabricas-seguras\/\" \/>\n<meta property=\"og:locale\" content=\"es_ES\" \/>\n<meta property=\"og:type\" content=\"article\" \/>\n<meta property=\"og:title\" content=\"Los trabajadores de la confecci\u00f3n necesitan f\u00e1bricas seguras\" \/>\n<meta property=\"og:description\" content=\"El 24 de abril se cumplir\u00e1n ocho a\u00f1os del homicidio industrial que representa el desastre del Rana Plaza, donde m\u00e1s de 1000 trabajadores de la confecci\u00f3n\" \/>\n<meta property=\"og:url\" content=\"https:\/\/admin.industriall-union.org\/es\/los-trabajadores-de-la-confeccion-necesitan-fabricas-seguras\/\" \/>\n<meta property=\"og:site_name\" content=\"industriall-union\" \/>\n<meta property=\"article:modified_time\" content=\"2025-01-28T18:50:50+00:00\" \/>\n<meta name=\"twitter:card\" content=\"summary_large_image\" \/>\n<meta name=\"twitter:label1\" content=\"Est. reading time\" \/>\n\t<meta name=\"twitter:data1\" content=\"2 minutes\" \/>\n<script type=\"application\/ld+json\" class=\"yoast-schema-graph\">{\"@context\":\"https:\/\/schema.org\",\"@graph\":[{\"@type\":\"WebPage\",\"@id\":\"https:\/\/admin.industriall-union.org\/es\/los-trabajadores-de-la-confeccion-necesitan-fabricas-seguras\/\",\"url\":\"https:\/\/admin.industriall-union.org\/es\/los-trabajadores-de-la-confeccion-necesitan-fabricas-seguras\/\",\"name\":\"Los trabajadores de la confecci\u00f3n necesitan f\u00e1bricas seguras - industriall-union\",\"isPartOf\":{\"@id\":\"https:\/\/admin.industriall-union.org\/#website\"},\"datePublished\":\"2021-04-15T10:21:19+00:00\",\"dateModified\":\"2025-01-28T18:50:50+00:00\",\"description\":\"El 24 de abril se cumplir\u00e1n ocho a\u00f1os del homicidio industrial que representa el desastre del Rana Plaza, donde m\u00e1s de 1000 trabajadores de la confecci\u00f3n\",\"breadcrumb\":{\"@id\":\"https:\/\/admin.industriall-union.org\/es\/los-trabajadores-de-la-confeccion-necesitan-fabricas-seguras\/#breadcrumb\"},\"inLanguage\":\"es-ES\",\"potentialAction\":[{\"@type\":\"ReadAction\",\"target\":[\"https:\/\/admin.industriall-union.org\/es\/los-trabajadores-de-la-confeccion-necesitan-fabricas-seguras\/\"]}]},{\"@type\":\"BreadcrumbList\",\"@id\":\"https:\/\/admin.industriall-union.org\/es\/los-trabajadores-de-la-confeccion-necesitan-fabricas-seguras\/#breadcrumb\",\"itemListElement\":[{\"@type\":\"ListItem\",\"position\":1,\"name\":\"Home\",\"item\":\"https:\/\/admin.industriall-union.org\/\"},{\"@type\":\"ListItem\",\"position\":2,\"name\":\"Articles\",\"item\":\"https:\/\/admin.industriall-union.org\/article\/\"},{\"@type\":\"ListItem\",\"position\":3,\"name\":\"Los trabajadores de la confecci\u00f3n necesitan f\u00e1bricas seguras\"}]},{\"@type\":\"WebSite\",\"@id\":\"https:\/\/admin.industriall-union.org\/#website\",\"url\":\"https:\/\/admin.industriall-union.org\/\",\"name\":\"industriall-union\",\"description\":\"\",\"potentialAction\":[{\"@type\":\"SearchAction\",\"target\":{\"@type\":\"EntryPoint\",\"urlTemplate\":\"https:\/\/admin.industriall-union.org\/?s={search_term_string}\"},\"query-input\":{\"@type\":\"PropertyValueSpecification\",\"valueRequired\":true,\"valueName\":\"search_term_string\"}}],\"inLanguage\":\"es-ES\"}]}<\/script>\n<!-- \/ Yoast SEO Premium plugin. -->","yoast_head_json":{"title":"Los trabajadores de la confecci\u00f3n necesitan f\u00e1bricas seguras - industriall-union","description":"El 24 de abril se cumplir\u00e1n ocho a\u00f1os del homicidio industrial que representa el desastre del Rana Plaza, donde m\u00e1s de 1000 trabajadores de la confecci\u00f3n","robots":{"index":"index","follow":"follow","max-snippet":"max-snippet:-1","max-image-preview":"max-image-preview:large","max-video-preview":"max-video-preview:-1"},"canonical":"https:\/\/admin.industriall-union.org\/es\/los-trabajadores-de-la-confeccion-necesitan-fabricas-seguras\/","og_locale":"es_ES","og_type":"article","og_title":"Los trabajadores de la confecci\u00f3n necesitan f\u00e1bricas seguras","og_description":"El 24 de abril se cumplir\u00e1n ocho a\u00f1os del homicidio industrial que representa el desastre del Rana Plaza, donde m\u00e1s de 1000 trabajadores de la confecci\u00f3n","og_url":"https:\/\/admin.industriall-union.org\/es\/los-trabajadores-de-la-confeccion-necesitan-fabricas-seguras\/","og_site_name":"industriall-union","article_modified_time":"2025-01-28T18:50:50+00:00","twitter_card":"summary_large_image","twitter_misc":{"Est. reading time":"2 minutes"},"schema":{"@context":"https:\/\/schema.org","@graph":[{"@type":"WebPage","@id":"https:\/\/admin.industriall-union.org\/es\/los-trabajadores-de-la-confeccion-necesitan-fabricas-seguras\/","url":"https:\/\/admin.industriall-union.org\/es\/los-trabajadores-de-la-confeccion-necesitan-fabricas-seguras\/","name":"Los trabajadores de la confecci\u00f3n necesitan f\u00e1bricas seguras - industriall-union","isPartOf":{"@id":"https:\/\/admin.industriall-union.org\/#website"},"datePublished":"2021-04-15T10:21:19+00:00","dateModified":"2025-01-28T18:50:50+00:00","description":"El 24 de abril se cumplir\u00e1n ocho a\u00f1os del homicidio industrial que representa el desastre del Rana Plaza, donde m\u00e1s de 1000 trabajadores de la confecci\u00f3n","breadcrumb":{"@id":"https:\/\/admin.industriall-union.org\/es\/los-trabajadores-de-la-confeccion-necesitan-fabricas-seguras\/#breadcrumb"},"inLanguage":"es-ES","potentialAction":[{"@type":"ReadAction","target":["https:\/\/admin.industriall-union.org\/es\/los-trabajadores-de-la-confeccion-necesitan-fabricas-seguras\/"]}]},{"@type":"BreadcrumbList","@id":"https:\/\/admin.industriall-union.org\/es\/los-trabajadores-de-la-confeccion-necesitan-fabricas-seguras\/#breadcrumb","itemListElement":[{"@type":"ListItem","position":1,"name":"Home","item":"https:\/\/admin.industriall-union.org\/"},{"@type":"ListItem","position":2,"name":"Articles","item":"https:\/\/admin.industriall-union.org\/article\/"},{"@type":"ListItem","position":3,"name":"Los trabajadores de la confecci\u00f3n necesitan f\u00e1bricas seguras"}]},{"@type":"WebSite","@id":"https:\/\/admin.industriall-union.org\/#website","url":"https:\/\/admin.industriall-union.org\/","name":"industriall-union","description":"","potentialAction":[{"@type":"SearchAction","target":{"@type":"EntryPoint","urlTemplate":"https:\/\/admin.industriall-union.org\/?s={search_term_string}"},"query-input":{"@type":"PropertyValueSpecification","valueRequired":true,"valueName":"search_term_string"}}],"inLanguage":"es-ES"}]}},"_links":{"self":[{"href":"https:\/\/admin.industriall-union.org\/es\/wp-json\/wp\/v2\/article\/156950","targetHints":{"allow":["GET"]}}],"collection":[{"href":"https:\/\/admin.industriall-union.org\/es\/wp-json\/wp\/v2\/article"}],"about":[{"href":"https:\/\/admin.industriall-union.org\/es\/wp-json\/wp\/v2\/types\/article"}],"wp:attachment":[{"href":"https:\/\/admin.industriall-union.org\/es\/wp-json\/wp\/v2\/media?parent=156950"}],"wp:term":[{"taxonomy":"issues","embeddable":true,"href":"https:\/\/admin.industriall-union.org\/es\/wp-json\/wp\/v2\/issues?post=156950"},{"taxonomy":"companies","embeddable":true,"href":"https:\/\/admin.industriall-union.org\/es\/wp-json\/wp\/v2\/companies?post=156950"},{"taxonomy":"regions","embeddable":true,"href":"https:\/\/admin.industriall-union.org\/es\/wp-json\/wp\/v2\/regions?post=156950"},{"taxonomy":"sectors","embeddable":true,"href":"https:\/\/admin.industriall-union.org\/es\/wp-json\/wp\/v2\/sectors?post=156950"},{"taxonomy":"article_tags","embeddable":true,"href":"https:\/\/admin.industriall-union.org\/es\/wp-json\/wp\/v2\/article_tags?post=156950"}],"curies":[{"name":"wp","href":"https:\/\/api.w.org\/{rel}","templated":true}]}}