{"id":156842,"date":"2021-04-28T11:35:18","date_gmt":"2021-04-28T11:35:18","guid":{"rendered":"https:\/\/admin.industriall-union.org\/dirigentes-sindicales-filipinos-recuperan-sus-empleos\/"},"modified":"2025-01-28T18:17:15","modified_gmt":"2025-01-28T18:17:15","slug":"dirigentes-sindicales-filipinos-recuperan-sus-empleos","status":"publish","type":"article","link":"https:\/\/admin.industriall-union.org\/es\/dirigentes-sindicales-filipinos-recuperan-sus-empleos\/","title":{"rendered":"Dirigentes sindicales filipinos recuperan sus empleos"},"content":{"rendered":"<p>En marzo de 2019, la Federaci\u00f3n Sindical del Sector de la Confecci\u00f3n, el Textil, el Calzado, el Pl\u00e1stico, el Cuero e Industrias Afines (TF2-FFW), afiliada a IndustriALL, estableci\u00f3 una secci\u00f3n sindical en Charter Link Clark Inc., una empresa de indumentaria con sede en Hong Kong que abastece a Lululemon y est\u00e1 ubicada en Clark Freeport Zone, Pampanga, Filipinas.<\/p><p>El nuevo sindicato enfrent\u00f3 acciones represivas por parte de los altos mandos de la empresa. Adem\u00e1s de despedir a cuatro dirigentes sindicales clave, la empresa oblig\u00f3 al personal a completar una encuesta para elegir entre un sindicato o un comit\u00e9 de gesti\u00f3n laboral, favorecido por la direcci\u00f3n. Los trabajadores que no participaron fueron suspendidos sin goce de sueldo.<\/p><p>Cuando el sindicato obtuvo la mayor\u00eda de las firmas necesarias para solicitar el reconocimiento como representante \u00fanico y exclusivo de negociaci\u00f3n (SEBA, por sus siglas en ingl\u00e9s), la empresa r\u00e1pidamente form\u00f3 un sindicato amarillo para competir por este estatus. Sin embargo, la TF2-FFW gan\u00f3 la solicitud de certificaci\u00f3n y fue reconocida oficialmente como SEBA en julio de 2019.<\/p><p>Con el fin de frustrar las negociaciones de un convenio colectivo, la empresa utiliz\u00f3 la COVID-19 como excusa para obligar a m\u00e1s de 100 empleados, incluidos los dirigentes sindicales, a tomar una licencia indefinida sin goce de sueldo. El sindicato present\u00f3 denuncias por despidos injustificados y suspensiones il\u00edcitas ante el Departamento de Trabajo y Empleo (DOLE, por sus siglas en ingl\u00e9s).<\/p><p>IndustriALL se comunic\u00f3 por escrito con la empresa para exigir la reincorporaci\u00f3n de todos los dirigentes sindicales. Lululemon envi\u00f3 a un experto para investigar las pr\u00e1cticas laborales injustas.<\/p><p>Los prolongados procedimientos de mediaci\u00f3n y las acciones judiciales en tribunales laborales condujeron, finalmente, a la reincorporaci\u00f3n de los ocho dirigentes sindicales con el pago de sus salarios atrasados, as\u00ed como a la firma de un convenio colectivo el 26 de marzo de este a\u00f1o.&nbsp;<\/p><blockquote><p>&ldquo;La lucha por los derechos de los trabajadores en Charter Link Clark es admirable y la firma del convenio colectivo es un gran logro. La TF2-FFW se compromete a continuar desarrollando las capacidades necesarias para alcanzar condiciones de trabajo dignas&rdquo;,<\/p><\/blockquote><p>expres\u00f3 Laudicia Casana, presidenta de la TF2-FFW.<\/p><p>El convenio colectivo proporciona un seguro contra accidentes colectivos y seguridad laboral para los miembros del sindicato. Los trabajadores gozar\u00e1n de subsidios m\u00e9dicos, primas por presentismo, licencia sindical pagada y equipos de protecci\u00f3n personal. Gracias al convenio, el sindicato ahora puede utilizar leg\u00edtimamente el espacio de la f\u00e1brica para llevar a cabo actividades sindicales.<\/p><blockquote><p>&ldquo;La fuerza y la determinaci\u00f3n de los trabajadores vencieron en Charter Link Clark. Adem\u00e1s, la solidaridad internacional de IndustriALL y sus afiliados contribuy\u00f3 al logro de este triunfo sindical&rdquo;,<\/p><\/blockquote><p>declar\u00f3 Christina Hajagos-Clausen, directora del sector textil de IndustriALL.<\/p>","protected":false},"featured_media":0,"template":"","issues":[396,398,425],"companies":[],"regions":[184],"sectors":[464],"article_tags":[],"class_list":["post-156842","article","type-article","status-publish","hentry","issues-building-strong-unions","issues-union-win","issues-workers-rights","regions-philippines","sectors-textile-leather-garment-shoes-and-textile-services"],"acf":[],"yoast_head":"<!-- This site is optimized with the Yoast SEO Premium plugin v27.1 (Yoast SEO v27.1) - https:\/\/yoast.com\/product\/yoast-seo-premium-wordpress\/ -->\n<title>Dirigentes sindicales filipinos recuperan sus empleos - industriall-union<\/title>\n<meta name=\"description\" content=\"En marzo de 2019, la Federaci\u00f3n Sindical del Sector de la Confecci\u00f3n, el Textil, el Calzado, el Pl\u00e1stico, el Cuero e Industrias Afines (TF2-FFW), afiliada\" \/>\n<meta name=\"robots\" content=\"index, follow, max-snippet:-1, max-image-preview:large, max-video-preview:-1\" \/>\n<link rel=\"canonical\" href=\"https:\/\/admin.industriall-union.org\/es\/dirigentes-sindicales-filipinos-recuperan-sus-empleos\/\" \/>\n<meta property=\"og:locale\" content=\"es_ES\" \/>\n<meta property=\"og:type\" content=\"article\" \/>\n<meta property=\"og:title\" content=\"Dirigentes sindicales filipinos recuperan sus empleos\" \/>\n<meta property=\"og:description\" content=\"En marzo de 2019, la Federaci\u00f3n Sindical del Sector de la Confecci\u00f3n, el Textil, el Calzado, el Pl\u00e1stico, el Cuero e Industrias Afines (TF2-FFW), afiliada\" \/>\n<meta property=\"og:url\" content=\"https:\/\/admin.industriall-union.org\/es\/dirigentes-sindicales-filipinos-recuperan-sus-empleos\/\" \/>\n<meta property=\"og:site_name\" content=\"industriall-union\" \/>\n<meta property=\"article:modified_time\" content=\"2025-01-28T18:17:15+00:00\" \/>\n<meta name=\"twitter:card\" content=\"summary_large_image\" \/>\n<meta name=\"twitter:label1\" content=\"Est. reading time\" \/>\n\t<meta name=\"twitter:data1\" content=\"2 minutes\" \/>\n<script type=\"application\/ld+json\" class=\"yoast-schema-graph\">{\"@context\":\"https:\/\/schema.org\",\"@graph\":[{\"@type\":\"WebPage\",\"@id\":\"https:\/\/admin.industriall-union.org\/es\/dirigentes-sindicales-filipinos-recuperan-sus-empleos\/\",\"url\":\"https:\/\/admin.industriall-union.org\/es\/dirigentes-sindicales-filipinos-recuperan-sus-empleos\/\",\"name\":\"Dirigentes sindicales filipinos recuperan sus empleos - industriall-union\",\"isPartOf\":{\"@id\":\"https:\/\/admin.industriall-union.org\/#website\"},\"datePublished\":\"2021-04-28T11:35:18+00:00\",\"dateModified\":\"2025-01-28T18:17:15+00:00\",\"description\":\"En marzo de 2019, la Federaci\u00f3n Sindical del Sector de la Confecci\u00f3n, el Textil, el Calzado, el Pl\u00e1stico, el Cuero e Industrias Afines (TF2-FFW), afiliada\",\"breadcrumb\":{\"@id\":\"https:\/\/admin.industriall-union.org\/es\/dirigentes-sindicales-filipinos-recuperan-sus-empleos\/#breadcrumb\"},\"inLanguage\":\"es-ES\",\"potentialAction\":[{\"@type\":\"ReadAction\",\"target\":[\"https:\/\/admin.industriall-union.org\/es\/dirigentes-sindicales-filipinos-recuperan-sus-empleos\/\"]}]},{\"@type\":\"BreadcrumbList\",\"@id\":\"https:\/\/admin.industriall-union.org\/es\/dirigentes-sindicales-filipinos-recuperan-sus-empleos\/#breadcrumb\",\"itemListElement\":[{\"@type\":\"ListItem\",\"position\":1,\"name\":\"Home\",\"item\":\"https:\/\/admin.industriall-union.org\/\"},{\"@type\":\"ListItem\",\"position\":2,\"name\":\"Articles\",\"item\":\"https:\/\/admin.industriall-union.org\/article\/\"},{\"@type\":\"ListItem\",\"position\":3,\"name\":\"Dirigentes sindicales filipinos recuperan sus empleos\"}]},{\"@type\":\"WebSite\",\"@id\":\"https:\/\/admin.industriall-union.org\/#website\",\"url\":\"https:\/\/admin.industriall-union.org\/\",\"name\":\"industriall-union\",\"description\":\"\",\"potentialAction\":[{\"@type\":\"SearchAction\",\"target\":{\"@type\":\"EntryPoint\",\"urlTemplate\":\"https:\/\/admin.industriall-union.org\/?s={search_term_string}\"},\"query-input\":{\"@type\":\"PropertyValueSpecification\",\"valueRequired\":true,\"valueName\":\"search_term_string\"}}],\"inLanguage\":\"es-ES\"}]}<\/script>\n<!-- \/ Yoast SEO Premium plugin. -->","yoast_head_json":{"title":"Dirigentes sindicales filipinos recuperan sus empleos - industriall-union","description":"En marzo de 2019, la Federaci\u00f3n Sindical del Sector de la Confecci\u00f3n, el Textil, el Calzado, el Pl\u00e1stico, el Cuero e Industrias Afines (TF2-FFW), afiliada","robots":{"index":"index","follow":"follow","max-snippet":"max-snippet:-1","max-image-preview":"max-image-preview:large","max-video-preview":"max-video-preview:-1"},"canonical":"https:\/\/admin.industriall-union.org\/es\/dirigentes-sindicales-filipinos-recuperan-sus-empleos\/","og_locale":"es_ES","og_type":"article","og_title":"Dirigentes sindicales filipinos recuperan sus empleos","og_description":"En marzo de 2019, la Federaci\u00f3n Sindical del Sector de la Confecci\u00f3n, el Textil, el Calzado, el Pl\u00e1stico, el Cuero e Industrias Afines (TF2-FFW), afiliada","og_url":"https:\/\/admin.industriall-union.org\/es\/dirigentes-sindicales-filipinos-recuperan-sus-empleos\/","og_site_name":"industriall-union","article_modified_time":"2025-01-28T18:17:15+00:00","twitter_card":"summary_large_image","twitter_misc":{"Est. reading time":"2 minutes"},"schema":{"@context":"https:\/\/schema.org","@graph":[{"@type":"WebPage","@id":"https:\/\/admin.industriall-union.org\/es\/dirigentes-sindicales-filipinos-recuperan-sus-empleos\/","url":"https:\/\/admin.industriall-union.org\/es\/dirigentes-sindicales-filipinos-recuperan-sus-empleos\/","name":"Dirigentes sindicales filipinos recuperan sus empleos - industriall-union","isPartOf":{"@id":"https:\/\/admin.industriall-union.org\/#website"},"datePublished":"2021-04-28T11:35:18+00:00","dateModified":"2025-01-28T18:17:15+00:00","description":"En marzo de 2019, la Federaci\u00f3n Sindical del Sector de la Confecci\u00f3n, el Textil, el Calzado, el Pl\u00e1stico, el Cuero e Industrias Afines (TF2-FFW), afiliada","breadcrumb":{"@id":"https:\/\/admin.industriall-union.org\/es\/dirigentes-sindicales-filipinos-recuperan-sus-empleos\/#breadcrumb"},"inLanguage":"es-ES","potentialAction":[{"@type":"ReadAction","target":["https:\/\/admin.industriall-union.org\/es\/dirigentes-sindicales-filipinos-recuperan-sus-empleos\/"]}]},{"@type":"BreadcrumbList","@id":"https:\/\/admin.industriall-union.org\/es\/dirigentes-sindicales-filipinos-recuperan-sus-empleos\/#breadcrumb","itemListElement":[{"@type":"ListItem","position":1,"name":"Home","item":"https:\/\/admin.industriall-union.org\/"},{"@type":"ListItem","position":2,"name":"Articles","item":"https:\/\/admin.industriall-union.org\/article\/"},{"@type":"ListItem","position":3,"name":"Dirigentes sindicales filipinos recuperan sus empleos"}]},{"@type":"WebSite","@id":"https:\/\/admin.industriall-union.org\/#website","url":"https:\/\/admin.industriall-union.org\/","name":"industriall-union","description":"","potentialAction":[{"@type":"SearchAction","target":{"@type":"EntryPoint","urlTemplate":"https:\/\/admin.industriall-union.org\/?s={search_term_string}"},"query-input":{"@type":"PropertyValueSpecification","valueRequired":true,"valueName":"search_term_string"}}],"inLanguage":"es-ES"}]}},"_links":{"self":[{"href":"https:\/\/admin.industriall-union.org\/es\/wp-json\/wp\/v2\/article\/156842","targetHints":{"allow":["GET"]}}],"collection":[{"href":"https:\/\/admin.industriall-union.org\/es\/wp-json\/wp\/v2\/article"}],"about":[{"href":"https:\/\/admin.industriall-union.org\/es\/wp-json\/wp\/v2\/types\/article"}],"wp:attachment":[{"href":"https:\/\/admin.industriall-union.org\/es\/wp-json\/wp\/v2\/media?parent=156842"}],"wp:term":[{"taxonomy":"issues","embeddable":true,"href":"https:\/\/admin.industriall-union.org\/es\/wp-json\/wp\/v2\/issues?post=156842"},{"taxonomy":"companies","embeddable":true,"href":"https:\/\/admin.industriall-union.org\/es\/wp-json\/wp\/v2\/companies?post=156842"},{"taxonomy":"regions","embeddable":true,"href":"https:\/\/admin.industriall-union.org\/es\/wp-json\/wp\/v2\/regions?post=156842"},{"taxonomy":"sectors","embeddable":true,"href":"https:\/\/admin.industriall-union.org\/es\/wp-json\/wp\/v2\/sectors?post=156842"},{"taxonomy":"article_tags","embeddable":true,"href":"https:\/\/admin.industriall-union.org\/es\/wp-json\/wp\/v2\/article_tags?post=156842"}],"curies":[{"name":"wp","href":"https:\/\/api.w.org\/{rel}","templated":true}]}}