{"id":156840,"date":"2021-04-28T15:29:09","date_gmt":"2021-04-28T15:29:09","guid":{"rendered":"https:\/\/admin.industriall-union.org\/perfil-respaldo-para-la-fuerza-de-trabajo-de-pulpa-y-papel-en-suecia\/"},"modified":"2025-01-28T18:15:12","modified_gmt":"2025-01-28T18:15:12","slug":"perfil-respaldo-para-la-fuerza-de-trabajo-de-pulpa-y-papel-en-suecia","status":"publish","type":"article","link":"https:\/\/admin.industriall-union.org\/es\/perfil-respaldo-para-la-fuerza-de-trabajo-de-pulpa-y-papel-en-suecia\/","title":{"rendered":"PERFIL: Respaldo para la fuerza de trabajo de pulpa y papel en Suecia"},"content":{"rendered":"<table border=\"1\" cellpadding=\"1\" cellspacing=\"1\" style=\"width:500px\"><tbody><tr><td colspan=\"2\"><p><strong>PERFIL<\/strong><\/p><p>Global Worker No. 1 mayo 2021<\/p><\/td><\/tr><tr><td><img decoding=\"async\" alt=\"\" src=\"\" style=\"width: 300px;height: 427px\" \/><\/td><td><p><strong>Pa\u00eds: <\/strong>Suecia<\/p><p><strong>Sindicato: <\/strong>Pappers, representa a los trabajadores y trabajadoras del sector de pulpa y papel<\/p><p><strong>Miembros:<\/strong> 13.500<\/p><\/td><\/tr><\/tbody><\/table><blockquote><p>Pontus Georgsson, presidente de Pappers, se\u00f1ala: &ldquo;Es tradici\u00f3n en Suecia que los sindicatos de mayor membres\u00eda tengan mucha influencia pol\u00edtica, pero nosotros gozamos de la ventaja de conocer realmente a nuestros miembros. Trabajamos intensamente para estar en estrecho contacto, colaborando en forma relevante con ellos&quot;.<\/p><\/blockquote><p>Desde 2019, Pontus Georgsson ha sido presidente del sindicato, que se fund\u00f3 hace 101 a\u00f1os. Trabaj\u00f3 por 22 a\u00f1os en una f\u00e1brica de papel, en gran parte como representante sindical a tiempo completo.<\/p><p>En la d\u00e9cada de 1980, el sector pulpa y papel de Suecia empleaba a 50.000 trabajadores\/as. Hoy, se ha reducido a 13.000.<\/p><blockquote><p>&ldquo;Ha sido un desaf\u00edo para nosotros, como sindicato, mantener y cambiar nuestro papel para seguir representando a nuestros miembros, ya que esta industria ha sufrido una transformaci\u00f3n masiva con cierres de f\u00e1bricas y despidos&rdquo;,<\/p><p>dice Pontus Georgsson.<\/p><\/blockquote><p>Desde 2015, el sector de pulpa y papel en Suecia ha experimentado otras grandes transformaciones. Ahora disfruta de inversiones significativas que conducen a mejores productos y mayor capacidad. Aunque se est\u00e1 reduciendo la producci\u00f3n de papel para peri\u00f3dicos, Suecia es un importante productor de envases de cart\u00f3n y papel para bolsas de papel. Alrededor de un 90% de la producci\u00f3n se exporta al resto de Europa o a Estados Unidos.<\/p><p>La industria de pulpa y papel se caracteriza por el uso de grandes m\u00e1quinas, veh\u00edculos potentes y productos qu\u00edmicos fuertes. En 2019, se produjeron 317 accidentes en los lugares de trabajo que obligaron a las v\u00edctimas a pedir licencia m\u00e9dica. Pontus Georgsson dice que la vigilancia por la salud y seguridad en el lugar de trabajo sigue siendo un aspecto clave del trabajo sindical.<\/p><p>Pappers emplea a 15 personas en su oficina central en Estocolmo, donde el presidente y otras dos personas elegidas tambi\u00e9n trabajan a tiempo completo. La legislaci\u00f3n laboral de Suecia permite realizar actividades sindicales durante las horas de trabajo. Los representantes sindicales realizan en los lugares de trabajo la mayor parte de su labor, que incluye cuestiones de salud y seguridad.<\/p><p>La pandemia de Covid-19 ha causado estragos en muchas industrias en gran parte del mundo, sin embargo el sector de pulpa y papel de Suecia ha permanecido relativamente a salvo. Pontus Georgsson menciona un ejemplo de una f\u00e1brica de papel en Suecia que ha tenido que cerrar: se trata de una peque\u00f1a planta que era una de solamente dos en Europa que fabricaban la pulpa que se requiere para fabricar posavasos para poner bebidas. El sector de hospitalidad ha sido fuertemente golpeado por el confinamiento. En consecuencia, la demanda de posavasos se ha reducido debido a que los bares est\u00e1n cerrados.<\/p><p>La producci\u00f3n de servilletas y papel de cocina tambi\u00e9n se encuentra pr\u00e1cticamente paralizada. Sin embargo, de antes del confinamiento, el papel higi\u00e9nico experiment\u00f3 un aumento de su producci\u00f3n.<\/p><blockquote><p>&ldquo;Cuando lleg\u00f3 la pandemia, el gobierno sueco introdujo planes de licencia. Eso signific\u00f3 que se salvaron puestos de trabajo en aquellas f\u00e1bricas donde se hab\u00eda reducido la producci\u00f3n&rdquo;,<\/p><\/blockquote><p>as\u00ed dijo Pontus Georgsson.<\/p><figure class=\"imageArticle imageFull\"><img decoding=\"async\" alt=\"\" src=\"\" style=\"width: 1500px;height: 1041px\" \/><figcaption class=\"imageContent\"><div class=\"imageTitle\"><h1>Enfrentando el futuro<\/h1><\/div><\/figcaption><\/figure><p>Pappers sigue organizando con \u00e9xito a los trabajadores\/as, aunque resulta m\u00e1s dif\u00edcil lograr que los m\u00e1s j\u00f3venes se afilien al sindicato. Antes del estallido de la pandemia Covid-19, Pappers hab\u00eda lanzado una de las mayores campa\u00f1as sindicales de Suecia para sindicalizar a los trabajadores\/as j\u00f3venes. Se ha tenido que dejar esos planes en suspenso por el momento, pero se piensa reanudarlos en 2022.<span style=\"font-size:12pt\"><span style=\",sans-serif\"> <\/span><\/span><\/p><figure class=\"imageArticle imageMedium colorOverlay\"><img decoding=\"async\" alt=\"\" src=\"\" style=\"width: 600px;height: 612px\" \/><figcaption class=\"imageContent\"><div class=\"imageTitle\"><h1 style=\"text-align: right\">Pontus Georgsson<\/h1><\/div><\/figcaption><\/figure><p>Pontus Georgsson afirm\u00f3 al respecto:<\/p><blockquote><p>&ldquo;Tenemos que hacer un esfuerzo. Hemos tenido que adaptarnos a las circunstancias y, en cambio, hemos logrado la presencia de 80 embajadores juveniles que han participado en debates y planificaci\u00f3n para el futuro, con el fin de generar compromiso. Tambi\u00e9n hemos visitado las 54 f\u00e1bricas de papel de Suecia para conocer a los trabajadores y trabajadoras j\u00f3venes en esos lugares&quot;.<\/p><\/blockquote><p>Las mujeres constituyen aproximadamente un 16% de la fuerza de trabajo en la industria de pulpa y papel. Sin embargo, esa cifra es un poco mayor en el caso de las mujeres menores de 30 a\u00f1os, que constituyen casi un 30% del total.<\/p><blockquote><p>&ldquo;Las cosas van por buen camino. Pero el bajo porcentaje de mujeres se refleja entre nuestros activistas sindicales. Ese n\u00famero debe aumentar. Pappers tiene que ser un sindicato que atraiga a las mujeres.<\/p><p>&ldquo;Entre otras cosas, eso significa que debemos desarrollar nuestros convenios colectivos para adaptarlos a la vida familiar actual. La vida es m\u00e1s importante que el trabajo, y como sindicato representamos a toda la fuerza laboral&rdquo;,<\/p><\/blockquote><p>concluye Pontus Georgsson.<\/p>","protected":false},"featured_media":0,"template":"","issues":[408],"companies":[],"regions":[247],"sectors":[474],"article_tags":[],"class_list":["post-156840","article","type-article","status-publish","hentry","issues-global-worker","regions-sweden","sectors-pulp-and-paper"],"acf":[],"yoast_head":"<!-- This site is optimized with the Yoast SEO Premium plugin v27.1 (Yoast SEO v27.1) - https:\/\/yoast.com\/product\/yoast-seo-premium-wordpress\/ -->\n<title>PERFIL: Respaldo para la fuerza de trabajo de pulpa y papel en Suecia - industriall-union<\/title>\n<meta name=\"description\" content=\"PERFILGlobal Worker No. 1 mayo 2021Pa\u00eds: SueciaSindicato: Pappers, representa a los trabajadores y trabajadoras del sector de pulpa y papelMiembros:\" \/>\n<meta name=\"robots\" content=\"index, follow, max-snippet:-1, max-image-preview:large, max-video-preview:-1\" \/>\n<link rel=\"canonical\" href=\"https:\/\/admin.industriall-union.org\/es\/perfil-respaldo-para-la-fuerza-de-trabajo-de-pulpa-y-papel-en-suecia\/\" \/>\n<meta property=\"og:locale\" content=\"es_ES\" \/>\n<meta property=\"og:type\" content=\"article\" \/>\n<meta property=\"og:title\" content=\"PERFIL: Respaldo para la fuerza de trabajo de pulpa y papel en Suecia\" \/>\n<meta property=\"og:description\" content=\"PERFILGlobal Worker No. 1 mayo 2021Pa\u00eds: SueciaSindicato: Pappers, representa a los trabajadores y trabajadoras del sector de pulpa y papelMiembros:\" \/>\n<meta property=\"og:url\" content=\"https:\/\/admin.industriall-union.org\/es\/perfil-respaldo-para-la-fuerza-de-trabajo-de-pulpa-y-papel-en-suecia\/\" \/>\n<meta property=\"og:site_name\" content=\"industriall-union\" \/>\n<meta property=\"article:modified_time\" content=\"2025-01-28T18:15:12+00:00\" \/>\n<meta name=\"twitter:card\" content=\"summary_large_image\" \/>\n<meta name=\"twitter:label1\" content=\"Est. reading time\" \/>\n\t<meta name=\"twitter:data1\" content=\"4 minutes\" \/>\n<script type=\"application\/ld+json\" class=\"yoast-schema-graph\">{\"@context\":\"https:\/\/schema.org\",\"@graph\":[{\"@type\":\"WebPage\",\"@id\":\"https:\/\/admin.industriall-union.org\/es\/perfil-respaldo-para-la-fuerza-de-trabajo-de-pulpa-y-papel-en-suecia\/\",\"url\":\"https:\/\/admin.industriall-union.org\/es\/perfil-respaldo-para-la-fuerza-de-trabajo-de-pulpa-y-papel-en-suecia\/\",\"name\":\"PERFIL: Respaldo para la fuerza de trabajo de pulpa y papel en Suecia - industriall-union\",\"isPartOf\":{\"@id\":\"https:\/\/admin.industriall-union.org\/#website\"},\"datePublished\":\"2021-04-28T15:29:09+00:00\",\"dateModified\":\"2025-01-28T18:15:12+00:00\",\"description\":\"PERFILGlobal Worker No. 1 mayo 2021Pa\u00eds: SueciaSindicato: Pappers, representa a los trabajadores y trabajadoras del sector de pulpa y papelMiembros:\",\"breadcrumb\":{\"@id\":\"https:\/\/admin.industriall-union.org\/es\/perfil-respaldo-para-la-fuerza-de-trabajo-de-pulpa-y-papel-en-suecia\/#breadcrumb\"},\"inLanguage\":\"es-ES\",\"potentialAction\":[{\"@type\":\"ReadAction\",\"target\":[\"https:\/\/admin.industriall-union.org\/es\/perfil-respaldo-para-la-fuerza-de-trabajo-de-pulpa-y-papel-en-suecia\/\"]}]},{\"@type\":\"BreadcrumbList\",\"@id\":\"https:\/\/admin.industriall-union.org\/es\/perfil-respaldo-para-la-fuerza-de-trabajo-de-pulpa-y-papel-en-suecia\/#breadcrumb\",\"itemListElement\":[{\"@type\":\"ListItem\",\"position\":1,\"name\":\"Home\",\"item\":\"https:\/\/admin.industriall-union.org\/\"},{\"@type\":\"ListItem\",\"position\":2,\"name\":\"Articles\",\"item\":\"https:\/\/admin.industriall-union.org\/article\/\"},{\"@type\":\"ListItem\",\"position\":3,\"name\":\"PERFIL: Respaldo para la fuerza de trabajo de pulpa y papel en Suecia\"}]},{\"@type\":\"WebSite\",\"@id\":\"https:\/\/admin.industriall-union.org\/#website\",\"url\":\"https:\/\/admin.industriall-union.org\/\",\"name\":\"industriall-union\",\"description\":\"\",\"potentialAction\":[{\"@type\":\"SearchAction\",\"target\":{\"@type\":\"EntryPoint\",\"urlTemplate\":\"https:\/\/admin.industriall-union.org\/?s={search_term_string}\"},\"query-input\":{\"@type\":\"PropertyValueSpecification\",\"valueRequired\":true,\"valueName\":\"search_term_string\"}}],\"inLanguage\":\"es-ES\"}]}<\/script>\n<!-- \/ Yoast SEO Premium plugin. -->","yoast_head_json":{"title":"PERFIL: Respaldo para la fuerza de trabajo de pulpa y papel en Suecia - industriall-union","description":"PERFILGlobal Worker No. 1 mayo 2021Pa\u00eds: SueciaSindicato: Pappers, representa a los trabajadores y trabajadoras del sector de pulpa y papelMiembros:","robots":{"index":"index","follow":"follow","max-snippet":"max-snippet:-1","max-image-preview":"max-image-preview:large","max-video-preview":"max-video-preview:-1"},"canonical":"https:\/\/admin.industriall-union.org\/es\/perfil-respaldo-para-la-fuerza-de-trabajo-de-pulpa-y-papel-en-suecia\/","og_locale":"es_ES","og_type":"article","og_title":"PERFIL: Respaldo para la fuerza de trabajo de pulpa y papel en Suecia","og_description":"PERFILGlobal Worker No. 1 mayo 2021Pa\u00eds: SueciaSindicato: Pappers, representa a los trabajadores y trabajadoras del sector de pulpa y papelMiembros:","og_url":"https:\/\/admin.industriall-union.org\/es\/perfil-respaldo-para-la-fuerza-de-trabajo-de-pulpa-y-papel-en-suecia\/","og_site_name":"industriall-union","article_modified_time":"2025-01-28T18:15:12+00:00","twitter_card":"summary_large_image","twitter_misc":{"Est. reading time":"4 minutes"},"schema":{"@context":"https:\/\/schema.org","@graph":[{"@type":"WebPage","@id":"https:\/\/admin.industriall-union.org\/es\/perfil-respaldo-para-la-fuerza-de-trabajo-de-pulpa-y-papel-en-suecia\/","url":"https:\/\/admin.industriall-union.org\/es\/perfil-respaldo-para-la-fuerza-de-trabajo-de-pulpa-y-papel-en-suecia\/","name":"PERFIL: Respaldo para la fuerza de trabajo de pulpa y papel en Suecia - industriall-union","isPartOf":{"@id":"https:\/\/admin.industriall-union.org\/#website"},"datePublished":"2021-04-28T15:29:09+00:00","dateModified":"2025-01-28T18:15:12+00:00","description":"PERFILGlobal Worker No. 1 mayo 2021Pa\u00eds: SueciaSindicato: Pappers, representa a los trabajadores y trabajadoras del sector de pulpa y papelMiembros:","breadcrumb":{"@id":"https:\/\/admin.industriall-union.org\/es\/perfil-respaldo-para-la-fuerza-de-trabajo-de-pulpa-y-papel-en-suecia\/#breadcrumb"},"inLanguage":"es-ES","potentialAction":[{"@type":"ReadAction","target":["https:\/\/admin.industriall-union.org\/es\/perfil-respaldo-para-la-fuerza-de-trabajo-de-pulpa-y-papel-en-suecia\/"]}]},{"@type":"BreadcrumbList","@id":"https:\/\/admin.industriall-union.org\/es\/perfil-respaldo-para-la-fuerza-de-trabajo-de-pulpa-y-papel-en-suecia\/#breadcrumb","itemListElement":[{"@type":"ListItem","position":1,"name":"Home","item":"https:\/\/admin.industriall-union.org\/"},{"@type":"ListItem","position":2,"name":"Articles","item":"https:\/\/admin.industriall-union.org\/article\/"},{"@type":"ListItem","position":3,"name":"PERFIL: Respaldo para la fuerza de trabajo de pulpa y papel en Suecia"}]},{"@type":"WebSite","@id":"https:\/\/admin.industriall-union.org\/#website","url":"https:\/\/admin.industriall-union.org\/","name":"industriall-union","description":"","potentialAction":[{"@type":"SearchAction","target":{"@type":"EntryPoint","urlTemplate":"https:\/\/admin.industriall-union.org\/?s={search_term_string}"},"query-input":{"@type":"PropertyValueSpecification","valueRequired":true,"valueName":"search_term_string"}}],"inLanguage":"es-ES"}]}},"_links":{"self":[{"href":"https:\/\/admin.industriall-union.org\/es\/wp-json\/wp\/v2\/article\/156840","targetHints":{"allow":["GET"]}}],"collection":[{"href":"https:\/\/admin.industriall-union.org\/es\/wp-json\/wp\/v2\/article"}],"about":[{"href":"https:\/\/admin.industriall-union.org\/es\/wp-json\/wp\/v2\/types\/article"}],"wp:attachment":[{"href":"https:\/\/admin.industriall-union.org\/es\/wp-json\/wp\/v2\/media?parent=156840"}],"wp:term":[{"taxonomy":"issues","embeddable":true,"href":"https:\/\/admin.industriall-union.org\/es\/wp-json\/wp\/v2\/issues?post=156840"},{"taxonomy":"companies","embeddable":true,"href":"https:\/\/admin.industriall-union.org\/es\/wp-json\/wp\/v2\/companies?post=156840"},{"taxonomy":"regions","embeddable":true,"href":"https:\/\/admin.industriall-union.org\/es\/wp-json\/wp\/v2\/regions?post=156840"},{"taxonomy":"sectors","embeddable":true,"href":"https:\/\/admin.industriall-union.org\/es\/wp-json\/wp\/v2\/sectors?post=156840"},{"taxonomy":"article_tags","embeddable":true,"href":"https:\/\/admin.industriall-union.org\/es\/wp-json\/wp\/v2\/article_tags?post=156840"}],"curies":[{"name":"wp","href":"https:\/\/api.w.org\/{rel}","templated":true}]}}