{"id":156830,"date":"2021-05-03T13:21:40","date_gmt":"2021-05-03T13:21:40","guid":{"rendered":"https:\/\/admin.industriall-union.org\/lafargeholcim-asume-compromisos-concretos-frente-a-los-derechos-de-los-trabajadores\/"},"modified":"2025-01-28T17:57:32","modified_gmt":"2025-01-28T17:57:32","slug":"lafargeholcim-asume-compromisos-concretos-frente-a-los-derechos-de-los-trabajadores","status":"publish","type":"article","link":"https:\/\/admin.industriall-union.org\/es\/lafargeholcim-asume-compromisos-concretos-frente-a-los-derechos-de-los-trabajadores\/","title":{"rendered":"LafargeHolcim, \u00a1asume compromisos concretos frente a los derechos de los trabajadores!"},"content":{"rendered":"<p>LafargeHolcim ha anunciado recientemente importantes pagos a los accionistas por los buenos resultados financieros obtenidos en 2020. Ahora bien, la empresa no ostentar\u00eda ese nivel de beneficios sin los miles de trabajadores que trabajan cada d\u00eda para ella. Muchos de ellos ni siquiera son reconocidos como empleados de LafargeHolcim: trabajan en la sombra como trabajadores subcontratados o de terceros.<\/p><p>Antes de la fusi\u00f3n en 2015, la plantilla combinada de LafargeHolcim se estimaba en m\u00e1s de 140.000 empleados directos. Poco menos de seis a\u00f1os despu\u00e9s, LafargeHolcim afirma emplear solo a 67.000 trabajadores. Esta dr\u00e1stica reducci\u00f3n de la plantilla se explica por el uso extremo del trabajo por contrata. En Asia del Sur, por cada empleado fijo hay aproximadamente nueve trabajadores subcontratados.<\/p><p>A pesar del anuncio de la Estrategia Ambici\u00f3n &ldquo;0&rdquo;, que tiene por objetivo conseguir cero da\u00f1os, los trabajadores de LafargeHolcim siguen trabajando en condiciones de inseguridad y perdiendo la vida.<\/p><p>La gran mayor\u00eda de las v\u00edctimas son trabajadores subcontratados o de terceros.<\/p><p>Es preciso cambiar esta mala pr\u00e1ctica laboral.<\/p><p>Exigimos que LafargeHolcim:<\/p><ul><li>Reconozca a los sindicatos mundiales como socios leg\u00edtimos e inicie un aut\u00e9ntico di\u00e1logo con miras a concluir un acuerdo marco global sobre los derechos de los trabajadores y las trabajadoras y la seguridad y salud en el trabajo.<\/li><li>Respete las normas en materia de salud y seguridad de la OIT reconocidas internacionalmente y asegure que los sindicatos tengan acceso a los lugares de trabajo y puedan inspeccionarlos, y que los trabajadores puedan rechazar los trabajos inseguros.<\/li><li>Regule la subcontrataci\u00f3n en la empresa, se asegure de que los trabajadores subcontratados y de terceros est\u00e9n bien protegidos, en particular durante la pandemia de Covid-19 y en el periodo posterior a la pandemia.<\/li><li>Incluya una dimensi\u00f3n social en las pol\u00edticas de mitigaci\u00f3n del cambio clim\u00e1tico y de digitalizaci\u00f3n de la empresa y garantice unas condiciones de empleo dignas y una transici\u00f3n justa.<\/li><\/ul><p>Descarga los&nbsp;folletos de nuestra campa\u00f1a aqu\u00ed debajo:<\/p>","protected":false},"featured_media":0,"template":"","issues":[],"companies":[87],"regions":[],"sectors":[450],"article_tags":[],"class_list":["post-156830","article","type-article","status-publish","hentry","companies-lafargeholcim","sectors-vidrio-ceramica-cemento-y-afines"],"acf":[],"yoast_head":"<!-- This site is optimized with the Yoast SEO Premium plugin v27.1 (Yoast SEO v27.1) - https:\/\/yoast.com\/product\/yoast-seo-premium-wordpress\/ -->\n<title>LafargeHolcim, \u00a1asume compromisos concretos frente a los derechos de los trabajadores! - industriall-union<\/title>\n<meta name=\"description\" content=\"LafargeHolcim ha anunciado recientemente importantes pagos a los accionistas por los buenos resultados financieros obtenidos en 2020. Ahora bien, la\" \/>\n<meta name=\"robots\" content=\"index, follow, max-snippet:-1, max-image-preview:large, max-video-preview:-1\" \/>\n<link rel=\"canonical\" href=\"https:\/\/admin.industriall-union.org\/es\/lafargeholcim-asume-compromisos-concretos-frente-a-los-derechos-de-los-trabajadores\/\" \/>\n<meta property=\"og:locale\" content=\"es_ES\" \/>\n<meta property=\"og:type\" content=\"article\" \/>\n<meta property=\"og:title\" content=\"LafargeHolcim, \u00a1asume compromisos concretos frente a los derechos de los trabajadores!\" \/>\n<meta property=\"og:description\" content=\"LafargeHolcim ha anunciado recientemente importantes pagos a los accionistas por los buenos resultados financieros obtenidos en 2020. Ahora bien, la\" \/>\n<meta property=\"og:url\" content=\"https:\/\/admin.industriall-union.org\/es\/lafargeholcim-asume-compromisos-concretos-frente-a-los-derechos-de-los-trabajadores\/\" \/>\n<meta property=\"og:site_name\" content=\"industriall-union\" \/>\n<meta property=\"article:modified_time\" content=\"2025-01-28T17:57:32+00:00\" \/>\n<meta name=\"twitter:card\" content=\"summary_large_image\" \/>\n<meta name=\"twitter:label1\" content=\"Est. reading time\" \/>\n\t<meta name=\"twitter:data1\" content=\"2 minutes\" \/>\n<script type=\"application\/ld+json\" class=\"yoast-schema-graph\">{\"@context\":\"https:\/\/schema.org\",\"@graph\":[{\"@type\":\"WebPage\",\"@id\":\"https:\/\/admin.industriall-union.org\/es\/lafargeholcim-asume-compromisos-concretos-frente-a-los-derechos-de-los-trabajadores\/\",\"url\":\"https:\/\/admin.industriall-union.org\/es\/lafargeholcim-asume-compromisos-concretos-frente-a-los-derechos-de-los-trabajadores\/\",\"name\":\"LafargeHolcim, \u00a1asume compromisos concretos frente a los derechos de los trabajadores! - industriall-union\",\"isPartOf\":{\"@id\":\"https:\/\/admin.industriall-union.org\/#website\"},\"datePublished\":\"2021-05-03T13:21:40+00:00\",\"dateModified\":\"2025-01-28T17:57:32+00:00\",\"description\":\"LafargeHolcim ha anunciado recientemente importantes pagos a los accionistas por los buenos resultados financieros obtenidos en 2020. Ahora bien, la\",\"breadcrumb\":{\"@id\":\"https:\/\/admin.industriall-union.org\/es\/lafargeholcim-asume-compromisos-concretos-frente-a-los-derechos-de-los-trabajadores\/#breadcrumb\"},\"inLanguage\":\"es-ES\",\"potentialAction\":[{\"@type\":\"ReadAction\",\"target\":[\"https:\/\/admin.industriall-union.org\/es\/lafargeholcim-asume-compromisos-concretos-frente-a-los-derechos-de-los-trabajadores\/\"]}]},{\"@type\":\"BreadcrumbList\",\"@id\":\"https:\/\/admin.industriall-union.org\/es\/lafargeholcim-asume-compromisos-concretos-frente-a-los-derechos-de-los-trabajadores\/#breadcrumb\",\"itemListElement\":[{\"@type\":\"ListItem\",\"position\":1,\"name\":\"Home\",\"item\":\"https:\/\/admin.industriall-union.org\/\"},{\"@type\":\"ListItem\",\"position\":2,\"name\":\"Articles\",\"item\":\"https:\/\/admin.industriall-union.org\/article\/\"},{\"@type\":\"ListItem\",\"position\":3,\"name\":\"LafargeHolcim, \u00a1asume compromisos concretos frente a los derechos de los trabajadores!\"}]},{\"@type\":\"WebSite\",\"@id\":\"https:\/\/admin.industriall-union.org\/#website\",\"url\":\"https:\/\/admin.industriall-union.org\/\",\"name\":\"industriall-union\",\"description\":\"\",\"potentialAction\":[{\"@type\":\"SearchAction\",\"target\":{\"@type\":\"EntryPoint\",\"urlTemplate\":\"https:\/\/admin.industriall-union.org\/?s={search_term_string}\"},\"query-input\":{\"@type\":\"PropertyValueSpecification\",\"valueRequired\":true,\"valueName\":\"search_term_string\"}}],\"inLanguage\":\"es-ES\"}]}<\/script>\n<!-- \/ Yoast SEO Premium plugin. -->","yoast_head_json":{"title":"LafargeHolcim, \u00a1asume compromisos concretos frente a los derechos de los trabajadores! - industriall-union","description":"LafargeHolcim ha anunciado recientemente importantes pagos a los accionistas por los buenos resultados financieros obtenidos en 2020. Ahora bien, la","robots":{"index":"index","follow":"follow","max-snippet":"max-snippet:-1","max-image-preview":"max-image-preview:large","max-video-preview":"max-video-preview:-1"},"canonical":"https:\/\/admin.industriall-union.org\/es\/lafargeholcim-asume-compromisos-concretos-frente-a-los-derechos-de-los-trabajadores\/","og_locale":"es_ES","og_type":"article","og_title":"LafargeHolcim, \u00a1asume compromisos concretos frente a los derechos de los trabajadores!","og_description":"LafargeHolcim ha anunciado recientemente importantes pagos a los accionistas por los buenos resultados financieros obtenidos en 2020. Ahora bien, la","og_url":"https:\/\/admin.industriall-union.org\/es\/lafargeholcim-asume-compromisos-concretos-frente-a-los-derechos-de-los-trabajadores\/","og_site_name":"industriall-union","article_modified_time":"2025-01-28T17:57:32+00:00","twitter_card":"summary_large_image","twitter_misc":{"Est. reading time":"2 minutes"},"schema":{"@context":"https:\/\/schema.org","@graph":[{"@type":"WebPage","@id":"https:\/\/admin.industriall-union.org\/es\/lafargeholcim-asume-compromisos-concretos-frente-a-los-derechos-de-los-trabajadores\/","url":"https:\/\/admin.industriall-union.org\/es\/lafargeholcim-asume-compromisos-concretos-frente-a-los-derechos-de-los-trabajadores\/","name":"LafargeHolcim, \u00a1asume compromisos concretos frente a los derechos de los trabajadores! - industriall-union","isPartOf":{"@id":"https:\/\/admin.industriall-union.org\/#website"},"datePublished":"2021-05-03T13:21:40+00:00","dateModified":"2025-01-28T17:57:32+00:00","description":"LafargeHolcim ha anunciado recientemente importantes pagos a los accionistas por los buenos resultados financieros obtenidos en 2020. Ahora bien, la","breadcrumb":{"@id":"https:\/\/admin.industriall-union.org\/es\/lafargeholcim-asume-compromisos-concretos-frente-a-los-derechos-de-los-trabajadores\/#breadcrumb"},"inLanguage":"es-ES","potentialAction":[{"@type":"ReadAction","target":["https:\/\/admin.industriall-union.org\/es\/lafargeholcim-asume-compromisos-concretos-frente-a-los-derechos-de-los-trabajadores\/"]}]},{"@type":"BreadcrumbList","@id":"https:\/\/admin.industriall-union.org\/es\/lafargeholcim-asume-compromisos-concretos-frente-a-los-derechos-de-los-trabajadores\/#breadcrumb","itemListElement":[{"@type":"ListItem","position":1,"name":"Home","item":"https:\/\/admin.industriall-union.org\/"},{"@type":"ListItem","position":2,"name":"Articles","item":"https:\/\/admin.industriall-union.org\/article\/"},{"@type":"ListItem","position":3,"name":"LafargeHolcim, \u00a1asume compromisos concretos frente a los derechos de los trabajadores!"}]},{"@type":"WebSite","@id":"https:\/\/admin.industriall-union.org\/#website","url":"https:\/\/admin.industriall-union.org\/","name":"industriall-union","description":"","potentialAction":[{"@type":"SearchAction","target":{"@type":"EntryPoint","urlTemplate":"https:\/\/admin.industriall-union.org\/?s={search_term_string}"},"query-input":{"@type":"PropertyValueSpecification","valueRequired":true,"valueName":"search_term_string"}}],"inLanguage":"es-ES"}]}},"_links":{"self":[{"href":"https:\/\/admin.industriall-union.org\/es\/wp-json\/wp\/v2\/article\/156830","targetHints":{"allow":["GET"]}}],"collection":[{"href":"https:\/\/admin.industriall-union.org\/es\/wp-json\/wp\/v2\/article"}],"about":[{"href":"https:\/\/admin.industriall-union.org\/es\/wp-json\/wp\/v2\/types\/article"}],"wp:attachment":[{"href":"https:\/\/admin.industriall-union.org\/es\/wp-json\/wp\/v2\/media?parent=156830"}],"wp:term":[{"taxonomy":"issues","embeddable":true,"href":"https:\/\/admin.industriall-union.org\/es\/wp-json\/wp\/v2\/issues?post=156830"},{"taxonomy":"companies","embeddable":true,"href":"https:\/\/admin.industriall-union.org\/es\/wp-json\/wp\/v2\/companies?post=156830"},{"taxonomy":"regions","embeddable":true,"href":"https:\/\/admin.industriall-union.org\/es\/wp-json\/wp\/v2\/regions?post=156830"},{"taxonomy":"sectors","embeddable":true,"href":"https:\/\/admin.industriall-union.org\/es\/wp-json\/wp\/v2\/sectors?post=156830"},{"taxonomy":"article_tags","embeddable":true,"href":"https:\/\/admin.industriall-union.org\/es\/wp-json\/wp\/v2\/article_tags?post=156830"}],"curies":[{"name":"wp","href":"https:\/\/api.w.org\/{rel}","templated":true}]}}