{"id":156802,"date":"2021-05-10T15:23:23","date_gmt":"2021-05-10T15:23:23","guid":{"rendered":"https:\/\/admin.industriall-union.org\/industriall-y-anglo-american-establecen-un-marco-para-el-dialogo-global\/"},"modified":"2025-01-28T17:27:07","modified_gmt":"2025-01-28T17:27:07","slug":"industriall-y-anglo-american-establecen-un-marco-para-el-dialogo-global","status":"publish","type":"article","link":"https:\/\/admin.industriall-union.org\/es\/industriall-y-anglo-american-establecen-un-marco-para-el-dialogo-global\/","title":{"rendered":"IndustriALL y Anglo American establecen un marco para el di\u00e1logo global"},"content":{"rendered":"<p>Anglo American reconoci\u00f3 a IndustriALL como interlocutor a nivel mundial y reafirm\u00f3 sus compromisos con los derechos fundamentales de la OIT en el trabajo, as\u00ed como tambi\u00e9n pondr\u00e1 en marcha mecanismos para garantizar un control permanente del acceso real de los trabajadores a estos derechos fundamentales.<\/p><p>El mecanismo de di\u00e1logo global tendr\u00e1 lugar al menos dos veces al a\u00f1o.<\/p><p>Entre otras cosas, el mecanismo de di\u00e1logo global posibilita:<\/p><ul><li>identificar oportunidades de colaboraci\u00f3n en asuntos vinculados a la salud y la seguridad en el lugar de trabajo, incluida la violencia de g\u00e9nero;<\/li><li>una oportunidad para discutir el c\u00f3digo de conducta de Anglo American y un entorno para trabajar en asuntos pol\u00edticos de inter\u00e9s mutuo, tales como la manera de gestionar la introducci\u00f3n a las nuevas tecnolog\u00edas;&nbsp;<\/li><li>la acci\u00f3n conjunta y el di\u00e1logo continuo en materia de las respuestas a la COVID-19 para mitigar su impacto sobre los trabajadores y las comunidades;<\/li><li>un di\u00e1logo sobre la manera de lograr una Transici\u00f3n Justa para los trabajadores de la industria del carb\u00f3n;<\/li><li>un compromiso conjunto con la Iniciativa para el Aseguramiento de la Miner\u00eda Responsable (IRMA).<\/li><\/ul><p>Mark Cutifiani, el director ejecutivo de Anglo American, expres\u00f3:<\/p><blockquote><p>&ldquo;Durante el \u00faltimo a\u00f1o, se nos ha vuelto a recordar el valor de la colaboraci\u00f3n en toda la industria minera. A medida que las econom\u00edas se reabren y avanzamos hacia un futuro con menos carbono, el di\u00e1logo con nuestros empleados y sus representantes nunca ha sido tan importante. Por lo tanto, recibo con gran entusiasmo la oportunidad de continuar el di\u00e1logo que tenemos con IndustriALL y espero una mayor cooperaci\u00f3n productiva&rdquo;.<\/p><\/blockquote><p>La firma de hoy fue la culminaci\u00f3n de un proceso que comenz\u00f3 en el apogeo de las crisis de materias primas, en las que los trabajadores de toda la industria minera comenzaron a perder sus empleos y las manifestaciones y huelgas se volvieron moneda corriente en las relaciones laborales. La COVID-19 trajo consigo otro per\u00edodo dif\u00edcil para la industria minera, pero tambi\u00e9n demostr\u00f3 ser una oportunidad para un mayor di\u00e1logo y colaboraci\u00f3n entre las dos partes.<\/p><p>El secretario general de IndustriALL, Valter Sanches, afirm\u00f3:<\/p><blockquote><p>&ldquo;Este memorando de entendimiento es pionero en la industria minera y proporciona canales abiertos entre nosotros y Anglo American con el fin de mejorar los procesos de resoluci\u00f3n de conflictos. El compromiso va m\u00e1s all\u00e1 del acceso real a los derechos fundamentales en el trabajo y se extiende a la salud y la seguridad, la gesti\u00f3n de la introducci\u00f3n de nuevas tecnolog\u00edas y una Transici\u00f3n Justa para los mineros de carb\u00f3n y las comunidades alrededor de las operaciones de Anglo American&rdquo;.<\/p><\/blockquote><p>Anglo American, que tiene 90.000 empleados, es el mayor fabricante mundial de platino, con alrededor del 40 por ciento de la producci\u00f3n del planeta, as\u00ed como un importante productor de diamantes, cobre, n\u00edquel, mineral de hierro y carb\u00f3n metal\u00fargico y t\u00e9rmico.&nbsp;<\/p><figure class=\"imageArticle imageFull\"><img decoding=\"async\" alt=\"\" src=\"\" style=\"width: 1200px;height: 593px\" \/><figcaption class=\"imageContent\">&nbsp;<\/figcaption><\/figure><figure class=\"imageArticle imageFull\"><figcaption class=\"imageContent\">&nbsp;<\/figcaption><\/figure><figure class=\"imageArticle imageFull\"><figcaption class=\"imageContent\">&nbsp;<\/figcaption><\/figure>","protected":false},"featured_media":0,"template":"","issues":[407,425],"companies":[],"regions":[248,251],"sectors":[494],"article_tags":[],"class_list":["post-156802","article","type-article","status-publish","hentry","issues-global-framework-agreements","issues-workers-rights","regions-switzerland","regions-united-kingdom","sectors-mining-and-dgojp"],"acf":[],"yoast_head":"<!-- This site is optimized with the Yoast SEO Premium plugin v27.1 (Yoast SEO v27.1) - https:\/\/yoast.com\/product\/yoast-seo-premium-wordpress\/ -->\n<title>IndustriALL y Anglo American establecen un marco para el di\u00e1logo global - industriall-union<\/title>\n<meta name=\"description\" content=\"Anglo American reconoci\u00f3 a IndustriALL como interlocutor a nivel mundial y reafirm\u00f3 sus compromisos con los derechos fundamentales de la OIT en el\" \/>\n<meta name=\"robots\" content=\"index, follow, max-snippet:-1, max-image-preview:large, max-video-preview:-1\" \/>\n<link rel=\"canonical\" href=\"https:\/\/admin.industriall-union.org\/es\/industriall-y-anglo-american-establecen-un-marco-para-el-dialogo-global\/\" \/>\n<meta property=\"og:locale\" content=\"es_ES\" \/>\n<meta property=\"og:type\" content=\"article\" \/>\n<meta property=\"og:title\" content=\"IndustriALL y Anglo American establecen un marco para el di\u00e1logo global\" \/>\n<meta property=\"og:description\" content=\"Anglo American reconoci\u00f3 a IndustriALL como interlocutor a nivel mundial y reafirm\u00f3 sus compromisos con los derechos fundamentales de la OIT en el\" \/>\n<meta property=\"og:url\" content=\"https:\/\/admin.industriall-union.org\/es\/industriall-y-anglo-american-establecen-un-marco-para-el-dialogo-global\/\" \/>\n<meta property=\"og:site_name\" content=\"industriall-union\" \/>\n<meta property=\"article:modified_time\" content=\"2025-01-28T17:27:07+00:00\" \/>\n<meta name=\"twitter:card\" content=\"summary_large_image\" \/>\n<meta name=\"twitter:label1\" content=\"Est. reading time\" \/>\n\t<meta name=\"twitter:data1\" content=\"3 minutes\" \/>\n<script type=\"application\/ld+json\" class=\"yoast-schema-graph\">{\"@context\":\"https:\/\/schema.org\",\"@graph\":[{\"@type\":\"WebPage\",\"@id\":\"https:\/\/admin.industriall-union.org\/es\/industriall-y-anglo-american-establecen-un-marco-para-el-dialogo-global\/\",\"url\":\"https:\/\/admin.industriall-union.org\/es\/industriall-y-anglo-american-establecen-un-marco-para-el-dialogo-global\/\",\"name\":\"IndustriALL y Anglo American establecen un marco para el di\u00e1logo global - industriall-union\",\"isPartOf\":{\"@id\":\"https:\/\/admin.industriall-union.org\/#website\"},\"datePublished\":\"2021-05-10T15:23:23+00:00\",\"dateModified\":\"2025-01-28T17:27:07+00:00\",\"description\":\"Anglo American reconoci\u00f3 a IndustriALL como interlocutor a nivel mundial y reafirm\u00f3 sus compromisos con los derechos fundamentales de la OIT en el\",\"breadcrumb\":{\"@id\":\"https:\/\/admin.industriall-union.org\/es\/industriall-y-anglo-american-establecen-un-marco-para-el-dialogo-global\/#breadcrumb\"},\"inLanguage\":\"es-ES\",\"potentialAction\":[{\"@type\":\"ReadAction\",\"target\":[\"https:\/\/admin.industriall-union.org\/es\/industriall-y-anglo-american-establecen-un-marco-para-el-dialogo-global\/\"]}]},{\"@type\":\"BreadcrumbList\",\"@id\":\"https:\/\/admin.industriall-union.org\/es\/industriall-y-anglo-american-establecen-un-marco-para-el-dialogo-global\/#breadcrumb\",\"itemListElement\":[{\"@type\":\"ListItem\",\"position\":1,\"name\":\"Home\",\"item\":\"https:\/\/admin.industriall-union.org\/\"},{\"@type\":\"ListItem\",\"position\":2,\"name\":\"Articles\",\"item\":\"https:\/\/admin.industriall-union.org\/article\/\"},{\"@type\":\"ListItem\",\"position\":3,\"name\":\"IndustriALL y Anglo American establecen un marco para el di\u00e1logo global\"}]},{\"@type\":\"WebSite\",\"@id\":\"https:\/\/admin.industriall-union.org\/#website\",\"url\":\"https:\/\/admin.industriall-union.org\/\",\"name\":\"industriall-union\",\"description\":\"\",\"potentialAction\":[{\"@type\":\"SearchAction\",\"target\":{\"@type\":\"EntryPoint\",\"urlTemplate\":\"https:\/\/admin.industriall-union.org\/?s={search_term_string}\"},\"query-input\":{\"@type\":\"PropertyValueSpecification\",\"valueRequired\":true,\"valueName\":\"search_term_string\"}}],\"inLanguage\":\"es-ES\"}]}<\/script>\n<!-- \/ Yoast SEO Premium plugin. -->","yoast_head_json":{"title":"IndustriALL y Anglo American establecen un marco para el di\u00e1logo global - industriall-union","description":"Anglo American reconoci\u00f3 a IndustriALL como interlocutor a nivel mundial y reafirm\u00f3 sus compromisos con los derechos fundamentales de la OIT en el","robots":{"index":"index","follow":"follow","max-snippet":"max-snippet:-1","max-image-preview":"max-image-preview:large","max-video-preview":"max-video-preview:-1"},"canonical":"https:\/\/admin.industriall-union.org\/es\/industriall-y-anglo-american-establecen-un-marco-para-el-dialogo-global\/","og_locale":"es_ES","og_type":"article","og_title":"IndustriALL y Anglo American establecen un marco para el di\u00e1logo global","og_description":"Anglo American reconoci\u00f3 a IndustriALL como interlocutor a nivel mundial y reafirm\u00f3 sus compromisos con los derechos fundamentales de la OIT en el","og_url":"https:\/\/admin.industriall-union.org\/es\/industriall-y-anglo-american-establecen-un-marco-para-el-dialogo-global\/","og_site_name":"industriall-union","article_modified_time":"2025-01-28T17:27:07+00:00","twitter_card":"summary_large_image","twitter_misc":{"Est. reading time":"3 minutes"},"schema":{"@context":"https:\/\/schema.org","@graph":[{"@type":"WebPage","@id":"https:\/\/admin.industriall-union.org\/es\/industriall-y-anglo-american-establecen-un-marco-para-el-dialogo-global\/","url":"https:\/\/admin.industriall-union.org\/es\/industriall-y-anglo-american-establecen-un-marco-para-el-dialogo-global\/","name":"IndustriALL y Anglo American establecen un marco para el di\u00e1logo global - industriall-union","isPartOf":{"@id":"https:\/\/admin.industriall-union.org\/#website"},"datePublished":"2021-05-10T15:23:23+00:00","dateModified":"2025-01-28T17:27:07+00:00","description":"Anglo American reconoci\u00f3 a IndustriALL como interlocutor a nivel mundial y reafirm\u00f3 sus compromisos con los derechos fundamentales de la OIT en el","breadcrumb":{"@id":"https:\/\/admin.industriall-union.org\/es\/industriall-y-anglo-american-establecen-un-marco-para-el-dialogo-global\/#breadcrumb"},"inLanguage":"es-ES","potentialAction":[{"@type":"ReadAction","target":["https:\/\/admin.industriall-union.org\/es\/industriall-y-anglo-american-establecen-un-marco-para-el-dialogo-global\/"]}]},{"@type":"BreadcrumbList","@id":"https:\/\/admin.industriall-union.org\/es\/industriall-y-anglo-american-establecen-un-marco-para-el-dialogo-global\/#breadcrumb","itemListElement":[{"@type":"ListItem","position":1,"name":"Home","item":"https:\/\/admin.industriall-union.org\/"},{"@type":"ListItem","position":2,"name":"Articles","item":"https:\/\/admin.industriall-union.org\/article\/"},{"@type":"ListItem","position":3,"name":"IndustriALL y Anglo American establecen un marco para el di\u00e1logo global"}]},{"@type":"WebSite","@id":"https:\/\/admin.industriall-union.org\/#website","url":"https:\/\/admin.industriall-union.org\/","name":"industriall-union","description":"","potentialAction":[{"@type":"SearchAction","target":{"@type":"EntryPoint","urlTemplate":"https:\/\/admin.industriall-union.org\/?s={search_term_string}"},"query-input":{"@type":"PropertyValueSpecification","valueRequired":true,"valueName":"search_term_string"}}],"inLanguage":"es-ES"}]}},"_links":{"self":[{"href":"https:\/\/admin.industriall-union.org\/es\/wp-json\/wp\/v2\/article\/156802","targetHints":{"allow":["GET"]}}],"collection":[{"href":"https:\/\/admin.industriall-union.org\/es\/wp-json\/wp\/v2\/article"}],"about":[{"href":"https:\/\/admin.industriall-union.org\/es\/wp-json\/wp\/v2\/types\/article"}],"wp:attachment":[{"href":"https:\/\/admin.industriall-union.org\/es\/wp-json\/wp\/v2\/media?parent=156802"}],"wp:term":[{"taxonomy":"issues","embeddable":true,"href":"https:\/\/admin.industriall-union.org\/es\/wp-json\/wp\/v2\/issues?post=156802"},{"taxonomy":"companies","embeddable":true,"href":"https:\/\/admin.industriall-union.org\/es\/wp-json\/wp\/v2\/companies?post=156802"},{"taxonomy":"regions","embeddable":true,"href":"https:\/\/admin.industriall-union.org\/es\/wp-json\/wp\/v2\/regions?post=156802"},{"taxonomy":"sectors","embeddable":true,"href":"https:\/\/admin.industriall-union.org\/es\/wp-json\/wp\/v2\/sectors?post=156802"},{"taxonomy":"article_tags","embeddable":true,"href":"https:\/\/admin.industriall-union.org\/es\/wp-json\/wp\/v2\/article_tags?post=156802"}],"curies":[{"name":"wp","href":"https:\/\/api.w.org\/{rel}","templated":true}]}}