{"id":156793,"date":"2021-05-12T14:09:33","date_gmt":"2021-05-12T14:09:33","guid":{"rendered":"https:\/\/admin.industriall-union.org\/india-represion-sindical-en-novartis\/"},"modified":"2025-01-28T17:09:43","modified_gmt":"2025-01-28T17:09:43","slug":"india-represion-sindical-en-novartis","status":"publish","type":"article","link":"https:\/\/admin.industriall-union.org\/es\/india-represion-sindical-en-novartis\/","title":{"rendered":"India: represi\u00f3n sindical en Novartis"},"content":{"rendered":"<p>IndustriALL Global Union, junto con el sindicato afiliado Unia y la organizaci\u00f3n de derechos humanos MultiWatch, ambos suizos, est\u00e1n uniendo fuerzas para apoyar a sus compa\u00f1eros sindicalistas indios.<\/p><p>Desde que se form\u00f3 en 1984, el Sindicato de Empleados de Novartis (NEU) de la India ha gozado de una relaci\u00f3n saludable con la direcci\u00f3n.<\/p><p>En enero de 2017, el sindicato y la direcci\u00f3n firmaron un acuerdo mediante el cual ambas partes acordaron reunirse tres veces al a\u00f1o para resolver cualquier reclamaci\u00f3n. Esto no solo no se cumpli\u00f3, sino que la direcci\u00f3n intent\u00f3 cambiar las condiciones de empleo de forma unilateral en lugar de utilizar el proceso de negociaci\u00f3n colectiva establecido.<\/p><p>El acuerdo venci\u00f3 en diciembre de 2018 y el NEU present\u00f3 una nueva carta de demandas en marzo de 2019. No obstante, hasta ahora la direcci\u00f3n se ha negado a reunirse con el sindicato para continuar la negociaci\u00f3n colectiva.<\/p><p>En su af\u00e1n por desmantelar el sindicato, la direcci\u00f3n manipul\u00f3 el sistema de evaluaci\u00f3n para utilizarlo de forma punitiva contra sus miembros e incluso para justificar despidos il\u00edcitos. La direcci\u00f3n tambi\u00e9n inform\u00f3 a la prensa sobre los despidos previstos antes de notificar a los trabajadores y al sindicato. De forma contraria a la postura expresada p\u00fablicamente por el presidente de la junta directiva de Novartis, la direcci\u00f3n india utiliz\u00f3 la pandemia de COVID-19 como excusa para llevar a cabo despidos masivos.<\/p><p>Seg\u00fan el sindicato, se ha intentado reconstruir las relaciones y la confianza por todas las v\u00edas posibles, pero la direcci\u00f3n sigue ignorando los protocolos acordados e incumpliendo los acuerdos y entendimientos firmados.<\/p><p>En una carta firmada junto con el sindicato suizo Unia y la organizaci\u00f3n de derechos humanos Multiwatch, IndustriALL pidi\u00f3 al director ejecutivo de Novartis, con sede en Suiza, que intervenga y<\/p><section class=\"boxTurquoise\"><h3>&ldquo;trabaje con la direcci\u00f3n en la India y le recuerde los compromisos sociales mundiales del grupo Novartis. Estas violaciones ensucian gravemente la imagen de Novartis. Sin embargo, con su compromiso, el da\u00f1o puede remediarse, y nuestras organizaciones est\u00e1n dispuestas a colaborar en este proceso&rdquo;.<\/h3><\/section>","protected":false},"featured_media":0,"template":"","issues":[362,425],"companies":[],"regions":[166,248],"sectors":[479],"article_tags":[],"class_list":["post-156793","article","type-article","status-publish","hentry","issues-covid-19","issues-workers-rights","regions-india","regions-switzerland","sectors-pharmaceutical"],"acf":[],"yoast_head":"<!-- This site is optimized with the Yoast SEO Premium plugin v27.1 (Yoast SEO v27.1) - https:\/\/yoast.com\/product\/yoast-seo-premium-wordpress\/ -->\n<title>India: represi\u00f3n sindical en Novartis - industriall-union<\/title>\n<meta name=\"description\" content=\"IndustriALL Global Union, junto con el sindicato afiliado Unia y la organizaci\u00f3n de derechos humanos MultiWatch, ambos suizos, est\u00e1n uniendo fuerzas para\" \/>\n<meta name=\"robots\" content=\"index, follow, max-snippet:-1, max-image-preview:large, max-video-preview:-1\" \/>\n<link rel=\"canonical\" href=\"https:\/\/admin.industriall-union.org\/es\/india-represion-sindical-en-novartis\/\" \/>\n<meta property=\"og:locale\" content=\"es_ES\" \/>\n<meta property=\"og:type\" content=\"article\" \/>\n<meta property=\"og:title\" content=\"India: represi\u00f3n sindical en Novartis\" \/>\n<meta property=\"og:description\" content=\"IndustriALL Global Union, junto con el sindicato afiliado Unia y la organizaci\u00f3n de derechos humanos MultiWatch, ambos suizos, est\u00e1n uniendo fuerzas para\" \/>\n<meta property=\"og:url\" content=\"https:\/\/admin.industriall-union.org\/es\/india-represion-sindical-en-novartis\/\" \/>\n<meta property=\"og:site_name\" content=\"industriall-union\" \/>\n<meta property=\"article:modified_time\" content=\"2025-01-28T17:09:43+00:00\" \/>\n<meta name=\"twitter:card\" content=\"summary_large_image\" \/>\n<meta name=\"twitter:label1\" content=\"Est. reading time\" \/>\n\t<meta name=\"twitter:data1\" content=\"2 minutes\" \/>\n<script type=\"application\/ld+json\" class=\"yoast-schema-graph\">{\"@context\":\"https:\/\/schema.org\",\"@graph\":[{\"@type\":\"WebPage\",\"@id\":\"https:\/\/admin.industriall-union.org\/es\/india-represion-sindical-en-novartis\/\",\"url\":\"https:\/\/admin.industriall-union.org\/es\/india-represion-sindical-en-novartis\/\",\"name\":\"India: represi\u00f3n sindical en Novartis - industriall-union\",\"isPartOf\":{\"@id\":\"https:\/\/admin.industriall-union.org\/#website\"},\"datePublished\":\"2021-05-12T14:09:33+00:00\",\"dateModified\":\"2025-01-28T17:09:43+00:00\",\"description\":\"IndustriALL Global Union, junto con el sindicato afiliado Unia y la organizaci\u00f3n de derechos humanos MultiWatch, ambos suizos, est\u00e1n uniendo fuerzas para\",\"breadcrumb\":{\"@id\":\"https:\/\/admin.industriall-union.org\/es\/india-represion-sindical-en-novartis\/#breadcrumb\"},\"inLanguage\":\"es-ES\",\"potentialAction\":[{\"@type\":\"ReadAction\",\"target\":[\"https:\/\/admin.industriall-union.org\/es\/india-represion-sindical-en-novartis\/\"]}]},{\"@type\":\"BreadcrumbList\",\"@id\":\"https:\/\/admin.industriall-union.org\/es\/india-represion-sindical-en-novartis\/#breadcrumb\",\"itemListElement\":[{\"@type\":\"ListItem\",\"position\":1,\"name\":\"Home\",\"item\":\"https:\/\/admin.industriall-union.org\/\"},{\"@type\":\"ListItem\",\"position\":2,\"name\":\"Articles\",\"item\":\"https:\/\/admin.industriall-union.org\/article\/\"},{\"@type\":\"ListItem\",\"position\":3,\"name\":\"India: represi\u00f3n sindical en Novartis\"}]},{\"@type\":\"WebSite\",\"@id\":\"https:\/\/admin.industriall-union.org\/#website\",\"url\":\"https:\/\/admin.industriall-union.org\/\",\"name\":\"industriall-union\",\"description\":\"\",\"potentialAction\":[{\"@type\":\"SearchAction\",\"target\":{\"@type\":\"EntryPoint\",\"urlTemplate\":\"https:\/\/admin.industriall-union.org\/?s={search_term_string}\"},\"query-input\":{\"@type\":\"PropertyValueSpecification\",\"valueRequired\":true,\"valueName\":\"search_term_string\"}}],\"inLanguage\":\"es-ES\"}]}<\/script>\n<!-- \/ Yoast SEO Premium plugin. -->","yoast_head_json":{"title":"India: represi\u00f3n sindical en Novartis - industriall-union","description":"IndustriALL Global Union, junto con el sindicato afiliado Unia y la organizaci\u00f3n de derechos humanos MultiWatch, ambos suizos, est\u00e1n uniendo fuerzas para","robots":{"index":"index","follow":"follow","max-snippet":"max-snippet:-1","max-image-preview":"max-image-preview:large","max-video-preview":"max-video-preview:-1"},"canonical":"https:\/\/admin.industriall-union.org\/es\/india-represion-sindical-en-novartis\/","og_locale":"es_ES","og_type":"article","og_title":"India: represi\u00f3n sindical en Novartis","og_description":"IndustriALL Global Union, junto con el sindicato afiliado Unia y la organizaci\u00f3n de derechos humanos MultiWatch, ambos suizos, est\u00e1n uniendo fuerzas para","og_url":"https:\/\/admin.industriall-union.org\/es\/india-represion-sindical-en-novartis\/","og_site_name":"industriall-union","article_modified_time":"2025-01-28T17:09:43+00:00","twitter_card":"summary_large_image","twitter_misc":{"Est. reading time":"2 minutes"},"schema":{"@context":"https:\/\/schema.org","@graph":[{"@type":"WebPage","@id":"https:\/\/admin.industriall-union.org\/es\/india-represion-sindical-en-novartis\/","url":"https:\/\/admin.industriall-union.org\/es\/india-represion-sindical-en-novartis\/","name":"India: represi\u00f3n sindical en Novartis - industriall-union","isPartOf":{"@id":"https:\/\/admin.industriall-union.org\/#website"},"datePublished":"2021-05-12T14:09:33+00:00","dateModified":"2025-01-28T17:09:43+00:00","description":"IndustriALL Global Union, junto con el sindicato afiliado Unia y la organizaci\u00f3n de derechos humanos MultiWatch, ambos suizos, est\u00e1n uniendo fuerzas para","breadcrumb":{"@id":"https:\/\/admin.industriall-union.org\/es\/india-represion-sindical-en-novartis\/#breadcrumb"},"inLanguage":"es-ES","potentialAction":[{"@type":"ReadAction","target":["https:\/\/admin.industriall-union.org\/es\/india-represion-sindical-en-novartis\/"]}]},{"@type":"BreadcrumbList","@id":"https:\/\/admin.industriall-union.org\/es\/india-represion-sindical-en-novartis\/#breadcrumb","itemListElement":[{"@type":"ListItem","position":1,"name":"Home","item":"https:\/\/admin.industriall-union.org\/"},{"@type":"ListItem","position":2,"name":"Articles","item":"https:\/\/admin.industriall-union.org\/article\/"},{"@type":"ListItem","position":3,"name":"India: represi\u00f3n sindical en Novartis"}]},{"@type":"WebSite","@id":"https:\/\/admin.industriall-union.org\/#website","url":"https:\/\/admin.industriall-union.org\/","name":"industriall-union","description":"","potentialAction":[{"@type":"SearchAction","target":{"@type":"EntryPoint","urlTemplate":"https:\/\/admin.industriall-union.org\/?s={search_term_string}"},"query-input":{"@type":"PropertyValueSpecification","valueRequired":true,"valueName":"search_term_string"}}],"inLanguage":"es-ES"}]}},"_links":{"self":[{"href":"https:\/\/admin.industriall-union.org\/es\/wp-json\/wp\/v2\/article\/156793","targetHints":{"allow":["GET"]}}],"collection":[{"href":"https:\/\/admin.industriall-union.org\/es\/wp-json\/wp\/v2\/article"}],"about":[{"href":"https:\/\/admin.industriall-union.org\/es\/wp-json\/wp\/v2\/types\/article"}],"wp:attachment":[{"href":"https:\/\/admin.industriall-union.org\/es\/wp-json\/wp\/v2\/media?parent=156793"}],"wp:term":[{"taxonomy":"issues","embeddable":true,"href":"https:\/\/admin.industriall-union.org\/es\/wp-json\/wp\/v2\/issues?post=156793"},{"taxonomy":"companies","embeddable":true,"href":"https:\/\/admin.industriall-union.org\/es\/wp-json\/wp\/v2\/companies?post=156793"},{"taxonomy":"regions","embeddable":true,"href":"https:\/\/admin.industriall-union.org\/es\/wp-json\/wp\/v2\/regions?post=156793"},{"taxonomy":"sectors","embeddable":true,"href":"https:\/\/admin.industriall-union.org\/es\/wp-json\/wp\/v2\/sectors?post=156793"},{"taxonomy":"article_tags","embeddable":true,"href":"https:\/\/admin.industriall-union.org\/es\/wp-json\/wp\/v2\/article_tags?post=156793"}],"curies":[{"name":"wp","href":"https:\/\/api.w.org\/{rel}","templated":true}]}}