{"id":156779,"date":"2021-05-14T15:27:10","date_gmt":"2021-05-14T15:27:10","guid":{"rendered":"https:\/\/admin.industriall-union.org\/sindicatos-de-estados-unidos-y-mexico-presentan-la-primera-queja-laboral-bajo-el-t-mec\/"},"modified":"2025-01-28T17:05:01","modified_gmt":"2025-01-28T17:05:01","slug":"sindicatos-de-estados-unidos-y-mexico-presentan-la-primera-queja-laboral-bajo-el-t-mec","status":"publish","type":"article","link":"https:\/\/admin.industriall-union.org\/es\/sindicatos-de-estados-unidos-y-mexico-presentan-la-primera-queja-laboral-bajo-el-t-mec\/","title":{"rendered":"Sindicatos de Estados Unidos y M\u00e9xico presentan la primera queja laboral bajo el T-MEC"},"content":{"rendered":"<p>La Federaci\u00f3n Estadounidense del Trabajo y el Congreso de Organizaciones Industriales (AFL-CIO de Estados Unidos), el Sindicato Nacional Independiente de Trabajadores de Industrias y de Servicios Movimiento 20\/32 (SNITIS de M\u00e9xico), el Sindicato Internacional de Empleados de Servicios (SEIU) y Public Citizen presentaron el primer caso laboral a partir del &quot;Mecanismo de respuesta r\u00e1pida&quot; del <a href=\"http:\/\/www.industriall-union.org\/es\/afiliados-a-industriall-respaldan-cambios-al-nuevo-t-mec\" target=\"_self\">T-MEC<\/a>.<\/p><p>Bajo el &quot;Mecanismo de Respuesta R\u00e1pida&quot; las empresas en M\u00e9xico y Estados Unidos pueden enfrentar sanciones si no garantizan los derechos de los trabajadores. En la queja, las organizaciones sindicales aseguran que la empresa de autopartes Tridonex (ubicada en Matamoros en el estado de Tamaulipas, M\u00e9xico) le neg\u00f3 a los empleados su derecho fundamental a organizarse en un sindicato independiente y a negociar tanto mejores salarios como mejores condiciones laborales.<\/p><p>Las organizaciones sindicales denuncian que los trabajadores de Tridonex fueron acosados durante dos a\u00f1os y que posteriormente la empresa despidi\u00f3 a 600 por querer organizarse en el SNITIS, en lugar del sindicato patronal de &ldquo;protecci\u00f3n&rdquo;. El gremio se form\u00f3 despu\u00e9s de las <a href=\"http:\/\/www.industriall-union.org\/es\/obreros-estallan-huelgas-simultaneas-en-45-maquiladoras-de-matamoros\" target=\"_self\">huelgas<\/a> que obligaron a las maquiladoras de Matamoros a aumentar los salarios en 2019.<\/p><p>Adem\u00e1s, la abogada del SNITIS, Susana Prieto Terrazas, fue <a href=\"http:\/\/www.industriall-union.org\/es\/encarcelan-abitrariamente-a-abogada-laborista-en-mexico\" target=\"_self\">encarcelada<\/a> de forma arbitraria por cargos falsos en 2020. Prieto fue liberada un mes despu\u00e9s, luego de aceptar el exilio en otro estado mexicano y la prohibici\u00f3n de comparecer ante un tribunal laboral.<\/p><blockquote><p>&ldquo;El T-MEC requiere que M\u00e9xico ponga fin al reinado de los sindicatos de protecci\u00f3n y a sus acuerdos corruptos con los empleadores. El acoso continuo a Susana Prieto y a los miembros del SNITIS es una violaci\u00f3n a las leyes laborales que M\u00e9xico se comprometi\u00f3 a respetar&quot;<\/p><\/blockquote><p>dijo el presidente de AFL-CIO, Richard Trumka en un <a href=\"https:\/\/aflcio.org\/press\/releases\/afl-cio-seiu-snitis-and-public-citizen-announce-filing-first-usmca-rapid-response\" target=\"_blank\">comunicado oficial<\/a>.<\/p><p>En tanto, la representante legal del SNITIS, Prieto, se\u00f1al\u00f3:<\/p><blockquote><p>&ldquo;Los trabajadores de Tridonex est\u00e1n sufriendo los abusos de un dirigente sindical corrupto y criminal, que est\u00e1 protegido por la empresa para que pueda seguir proporcionando salarios y condiciones laborales precarias. (&hellip;) Luchamos para que nadie tenga miedo a elegir libremente el sindicato que desea que los represente y para hacer historia, poniendo fin a varias generaciones de esclavitud moderna&rdquo;<\/p><\/blockquote><p>La AFL-CIO enviar\u00e1 su queja a la Oficina de Asuntos Laborales y Comerciales de EE. UU, la cual tendr\u00e1 30 d\u00edas para revisarla y determinar si debe presentarla como un caso ante el gobierno mexicano. El proceso completo para determinar posibles sanciones debe resolverse en un plazo de cinco meses.<\/p><p>Finalmente, el secretario regional de IndustriALL, Marino Vani, expres\u00f3:<\/p><blockquote><p>&ldquo;IndustriALL denuncia desde 2009 los contratos de protecci\u00f3n patronal en M\u00e9xico. Tambi\u00e9n apoyamos la lucha concreta de los sindicatos democr\u00e1ticos e independientes para combatir los contratos de protecci\u00f3n patronal. Adem\u00e1s, respaldamos la reforma laboral y el cap\u00edtulo laboral del T-MEC, y todo el esfuerzo que supone la construcci\u00f3n de sindicatos nacionales libres e independientes en dicho pa\u00eds.<\/p><p>Seguiremos acompa\u00f1ando a los trabajadores para que tengan el derecho a elegir a sus sindicatos y a definir sus contratos colectivos. A su vez, combatiremos la intervenci\u00f3n de las empresas y de los sectores del estado que promueven contratos de protecci\u00f3n patronal de hambre y&nbsp;miseria, y act\u00faan de forma anti sindical en asociaci\u00f3n ilicitica para mantener dirigentes corruptos, en detrimento de la libertad y autonom\u00eda sindical en M\u00e9xico.&rdquo;<\/p><\/blockquote>","protected":false},"featured_media":0,"template":"","issues":[422,425],"companies":[],"regions":[254,275,308,310],"sectors":[482],"article_tags":[513],"class_list":["post-156779","article","type-article","status-publish","hentry","issues-human-trade-union-rights","issues-workers-rights","regions-latin-america-and-the-caribbean","regions-mexico","regions-north-america","regions-usa","sectors-automotive","article_tags-labour-laws"],"acf":[],"yoast_head":"<!-- This site is optimized with the Yoast SEO Premium plugin v27.1 (Yoast SEO v27.1) - https:\/\/yoast.com\/product\/yoast-seo-premium-wordpress\/ -->\n<title>Sindicatos de Estados Unidos y M\u00e9xico presentan la primera queja laboral bajo el T-MEC - industriall-union<\/title>\n<meta name=\"description\" content=\"La Federaci\u00f3n Estadounidense del Trabajo y el Congreso de Organizaciones Industriales (AFL-CIO de Estados Unidos), el Sindicato Nacional Independiente de\" \/>\n<meta name=\"robots\" content=\"index, follow, max-snippet:-1, max-image-preview:large, max-video-preview:-1\" \/>\n<link rel=\"canonical\" href=\"https:\/\/admin.industriall-union.org\/es\/sindicatos-de-estados-unidos-y-mexico-presentan-la-primera-queja-laboral-bajo-el-t-mec\/\" \/>\n<meta property=\"og:locale\" content=\"es_ES\" \/>\n<meta property=\"og:type\" content=\"article\" \/>\n<meta property=\"og:title\" content=\"Sindicatos de Estados Unidos y M\u00e9xico presentan la primera queja laboral bajo el T-MEC\" \/>\n<meta property=\"og:description\" content=\"La Federaci\u00f3n Estadounidense del Trabajo y el Congreso de Organizaciones Industriales (AFL-CIO de Estados Unidos), el Sindicato Nacional Independiente de\" \/>\n<meta property=\"og:url\" content=\"https:\/\/admin.industriall-union.org\/es\/sindicatos-de-estados-unidos-y-mexico-presentan-la-primera-queja-laboral-bajo-el-t-mec\/\" \/>\n<meta property=\"og:site_name\" content=\"industriall-union\" \/>\n<meta property=\"article:modified_time\" content=\"2025-01-28T17:05:01+00:00\" \/>\n<meta name=\"twitter:card\" content=\"summary_large_image\" \/>\n<meta name=\"twitter:label1\" content=\"Est. reading time\" \/>\n\t<meta name=\"twitter:data1\" content=\"3 minutes\" \/>\n<script type=\"application\/ld+json\" class=\"yoast-schema-graph\">{\"@context\":\"https:\/\/schema.org\",\"@graph\":[{\"@type\":\"WebPage\",\"@id\":\"https:\/\/admin.industriall-union.org\/es\/sindicatos-de-estados-unidos-y-mexico-presentan-la-primera-queja-laboral-bajo-el-t-mec\/\",\"url\":\"https:\/\/admin.industriall-union.org\/es\/sindicatos-de-estados-unidos-y-mexico-presentan-la-primera-queja-laboral-bajo-el-t-mec\/\",\"name\":\"Sindicatos de Estados Unidos y M\u00e9xico presentan la primera queja laboral bajo el T-MEC - industriall-union\",\"isPartOf\":{\"@id\":\"https:\/\/admin.industriall-union.org\/#website\"},\"datePublished\":\"2021-05-14T15:27:10+00:00\",\"dateModified\":\"2025-01-28T17:05:01+00:00\",\"description\":\"La Federaci\u00f3n Estadounidense del Trabajo y el Congreso de Organizaciones Industriales (AFL-CIO de Estados Unidos), el Sindicato Nacional Independiente de\",\"breadcrumb\":{\"@id\":\"https:\/\/admin.industriall-union.org\/es\/sindicatos-de-estados-unidos-y-mexico-presentan-la-primera-queja-laboral-bajo-el-t-mec\/#breadcrumb\"},\"inLanguage\":\"es-ES\",\"potentialAction\":[{\"@type\":\"ReadAction\",\"target\":[\"https:\/\/admin.industriall-union.org\/es\/sindicatos-de-estados-unidos-y-mexico-presentan-la-primera-queja-laboral-bajo-el-t-mec\/\"]}]},{\"@type\":\"BreadcrumbList\",\"@id\":\"https:\/\/admin.industriall-union.org\/es\/sindicatos-de-estados-unidos-y-mexico-presentan-la-primera-queja-laboral-bajo-el-t-mec\/#breadcrumb\",\"itemListElement\":[{\"@type\":\"ListItem\",\"position\":1,\"name\":\"Home\",\"item\":\"https:\/\/admin.industriall-union.org\/\"},{\"@type\":\"ListItem\",\"position\":2,\"name\":\"Articles\",\"item\":\"https:\/\/admin.industriall-union.org\/article\/\"},{\"@type\":\"ListItem\",\"position\":3,\"name\":\"Sindicatos de Estados Unidos y M\u00e9xico presentan la primera queja laboral bajo el T-MEC\"}]},{\"@type\":\"WebSite\",\"@id\":\"https:\/\/admin.industriall-union.org\/#website\",\"url\":\"https:\/\/admin.industriall-union.org\/\",\"name\":\"industriall-union\",\"description\":\"\",\"potentialAction\":[{\"@type\":\"SearchAction\",\"target\":{\"@type\":\"EntryPoint\",\"urlTemplate\":\"https:\/\/admin.industriall-union.org\/?s={search_term_string}\"},\"query-input\":{\"@type\":\"PropertyValueSpecification\",\"valueRequired\":true,\"valueName\":\"search_term_string\"}}],\"inLanguage\":\"es-ES\"}]}<\/script>\n<!-- \/ Yoast SEO Premium plugin. -->","yoast_head_json":{"title":"Sindicatos de Estados Unidos y M\u00e9xico presentan la primera queja laboral bajo el T-MEC - industriall-union","description":"La Federaci\u00f3n Estadounidense del Trabajo y el Congreso de Organizaciones Industriales (AFL-CIO de Estados Unidos), el Sindicato Nacional Independiente de","robots":{"index":"index","follow":"follow","max-snippet":"max-snippet:-1","max-image-preview":"max-image-preview:large","max-video-preview":"max-video-preview:-1"},"canonical":"https:\/\/admin.industriall-union.org\/es\/sindicatos-de-estados-unidos-y-mexico-presentan-la-primera-queja-laboral-bajo-el-t-mec\/","og_locale":"es_ES","og_type":"article","og_title":"Sindicatos de Estados Unidos y M\u00e9xico presentan la primera queja laboral bajo el T-MEC","og_description":"La Federaci\u00f3n Estadounidense del Trabajo y el Congreso de Organizaciones Industriales (AFL-CIO de Estados Unidos), el Sindicato Nacional Independiente de","og_url":"https:\/\/admin.industriall-union.org\/es\/sindicatos-de-estados-unidos-y-mexico-presentan-la-primera-queja-laboral-bajo-el-t-mec\/","og_site_name":"industriall-union","article_modified_time":"2025-01-28T17:05:01+00:00","twitter_card":"summary_large_image","twitter_misc":{"Est. reading time":"3 minutes"},"schema":{"@context":"https:\/\/schema.org","@graph":[{"@type":"WebPage","@id":"https:\/\/admin.industriall-union.org\/es\/sindicatos-de-estados-unidos-y-mexico-presentan-la-primera-queja-laboral-bajo-el-t-mec\/","url":"https:\/\/admin.industriall-union.org\/es\/sindicatos-de-estados-unidos-y-mexico-presentan-la-primera-queja-laboral-bajo-el-t-mec\/","name":"Sindicatos de Estados Unidos y M\u00e9xico presentan la primera queja laboral bajo el T-MEC - industriall-union","isPartOf":{"@id":"https:\/\/admin.industriall-union.org\/#website"},"datePublished":"2021-05-14T15:27:10+00:00","dateModified":"2025-01-28T17:05:01+00:00","description":"La Federaci\u00f3n Estadounidense del Trabajo y el Congreso de Organizaciones Industriales (AFL-CIO de Estados Unidos), el Sindicato Nacional Independiente de","breadcrumb":{"@id":"https:\/\/admin.industriall-union.org\/es\/sindicatos-de-estados-unidos-y-mexico-presentan-la-primera-queja-laboral-bajo-el-t-mec\/#breadcrumb"},"inLanguage":"es-ES","potentialAction":[{"@type":"ReadAction","target":["https:\/\/admin.industriall-union.org\/es\/sindicatos-de-estados-unidos-y-mexico-presentan-la-primera-queja-laboral-bajo-el-t-mec\/"]}]},{"@type":"BreadcrumbList","@id":"https:\/\/admin.industriall-union.org\/es\/sindicatos-de-estados-unidos-y-mexico-presentan-la-primera-queja-laboral-bajo-el-t-mec\/#breadcrumb","itemListElement":[{"@type":"ListItem","position":1,"name":"Home","item":"https:\/\/admin.industriall-union.org\/"},{"@type":"ListItem","position":2,"name":"Articles","item":"https:\/\/admin.industriall-union.org\/article\/"},{"@type":"ListItem","position":3,"name":"Sindicatos de Estados Unidos y M\u00e9xico presentan la primera queja laboral bajo el T-MEC"}]},{"@type":"WebSite","@id":"https:\/\/admin.industriall-union.org\/#website","url":"https:\/\/admin.industriall-union.org\/","name":"industriall-union","description":"","potentialAction":[{"@type":"SearchAction","target":{"@type":"EntryPoint","urlTemplate":"https:\/\/admin.industriall-union.org\/?s={search_term_string}"},"query-input":{"@type":"PropertyValueSpecification","valueRequired":true,"valueName":"search_term_string"}}],"inLanguage":"es-ES"}]}},"_links":{"self":[{"href":"https:\/\/admin.industriall-union.org\/es\/wp-json\/wp\/v2\/article\/156779","targetHints":{"allow":["GET"]}}],"collection":[{"href":"https:\/\/admin.industriall-union.org\/es\/wp-json\/wp\/v2\/article"}],"about":[{"href":"https:\/\/admin.industriall-union.org\/es\/wp-json\/wp\/v2\/types\/article"}],"wp:attachment":[{"href":"https:\/\/admin.industriall-union.org\/es\/wp-json\/wp\/v2\/media?parent=156779"}],"wp:term":[{"taxonomy":"issues","embeddable":true,"href":"https:\/\/admin.industriall-union.org\/es\/wp-json\/wp\/v2\/issues?post=156779"},{"taxonomy":"companies","embeddable":true,"href":"https:\/\/admin.industriall-union.org\/es\/wp-json\/wp\/v2\/companies?post=156779"},{"taxonomy":"regions","embeddable":true,"href":"https:\/\/admin.industriall-union.org\/es\/wp-json\/wp\/v2\/regions?post=156779"},{"taxonomy":"sectors","embeddable":true,"href":"https:\/\/admin.industriall-union.org\/es\/wp-json\/wp\/v2\/sectors?post=156779"},{"taxonomy":"article_tags","embeddable":true,"href":"https:\/\/admin.industriall-union.org\/es\/wp-json\/wp\/v2\/article_tags?post=156779"}],"curies":[{"name":"wp","href":"https:\/\/api.w.org\/{rel}","templated":true}]}}