{"id":156693,"date":"2021-06-02T13:18:22","date_gmt":"2021-06-02T13:18:22","guid":{"rendered":"https:\/\/admin.industriall-union.org\/un-tribunal-obliga-a-shell-a-reducir-las-emisiones-de-gases-de-efecto-invernadero\/"},"modified":"2025-01-28T16:27:00","modified_gmt":"2025-01-28T16:27:00","slug":"un-tribunal-obliga-a-shell-a-reducir-las-emisiones-de-gases-de-efecto-invernadero","status":"publish","type":"article","link":"https:\/\/admin.industriall-union.org\/es\/un-tribunal-obliga-a-shell-a-reducir-las-emisiones-de-gases-de-efecto-invernadero\/","title":{"rendered":"Un tribunal obliga a Shell a reducir las emisiones de gases de efecto invernadero"},"content":{"rendered":"<p>Este notable avance hacia la responsabilizaci\u00f3n de las corporaciones se produjo despu\u00e9s de que grupos de activistas presentaran una demanda en abril de 2019 en nombre de m\u00e1s de 17.000 ciudadanos holandeses, alegando que la inversi\u00f3n continua de Shell en combustibles f\u00f3siles representa una amenaza para los derechos humanos. El tribunal decidi\u00f3 que &ldquo;la pol\u00edtica clim\u00e1tica de Shell no es concreta y est\u00e1 llena de condiciones (&hellip;) lo cual no es suficiente&rdquo;, y orden\u00f3 a la empresa reducir las emisiones de carbono en un asombroso 45 por ciento para 2030.<\/p><p>Este fallo sienta un precedente importante, ya que allana el camino para iniciar acciones legales relativas al cambio clim\u00e1tico contra otras empresas del sector energ\u00e9tico, como Total, BP, Exxon o Chevron, lo que las obliga a ir m\u00e1s all\u00e1 en el desarrollo y la implementaci\u00f3n de sus planes de reducci\u00f3n de emisiones.<\/p><p>Shell declar\u00f3 que apelar\u00e1 el fallo y que se ha fijado el objetivo de convertirse en una empresa neutra en carbono para 2050.<\/p><p>Sin embargo, en una <a href=\"https:\/\/www.youtube.com\/watch?v=6IwbcSsCDc8&amp;t=99s\" title=\"https:\/\/www.youtube.com\/watch?v=6IwbcSsCDc8&amp;t=99s\">entrevista reciente<\/a> sobre sus objetivos en materia de energ\u00eda limpia, el director ejecutivo de Shell, Ben Van Beurden, afirm\u00f3 que la empresa se enfoca en el lado de la demanda, y manifest\u00f3 que tiene esperanzas de que la demanda de petr\u00f3leo y gas se mantenga durante mucho tiempo. Entonces, mientras persista la demanda de estos recursos, Shell continuar\u00e1 perforando, lo que hace que sus compromisos sean poco convincentes.<\/p><p>Valter Sanches, el secretario general de IndustriALL Global Union, expres\u00f3:<\/p><blockquote><p>&ldquo;Shell no ha cumplido con su responsabilidad de debida diligencia de conformidad con la ley holandesa, ya que sus pol\u00edticas y emisiones contribuyen a un peligroso cambio clim\u00e1tico. Esperamos y exigimos que este fallo obligue a Shell y otras empresas petroleras a desarrollar planes reales para reducir sus emisiones de carbono e invertir en energ\u00eda y productos verdes acompa\u00f1ados de una Transici\u00f3n Justa socialmente aceptable. La transici\u00f3n debe realizarse en consulta con los trabajadores y sus sindicatos para lograr justicia en los lugares de trabajo y las comunidades&rdquo;.<\/p><\/blockquote><p>IndustriALL Global Union cuenta con una red sindical, en la que participan sus afiliados afectados, que ha impulsado campa\u00f1as para exigir a Shell que aplique los mismos est\u00e1ndares de alto nivel en sus operaciones en todas partes, incluidos sus proveedores. No obstante, la empresa sigue siendo hostil a los sindicatos y se niega a comprometerse con ellos para limitar el trabajo precario y mejorar la salud y la seguridad a nivel mundial. Recientemente, en EE.&nbsp;UU., Shell decidi\u00f3 retirarse de la industria de refinaci\u00f3n de forma repentina al vender la refiner\u00eda Puget a HollyFrontier y la Deer Park a la petrolera estatal mexicana Pemex, aunque esta \u00faltima siempre se present\u00f3 como una refiner\u00eda insignia de Shell en el pa\u00eds. A partir de ello, ha surgido un riesgo considerable de que cientos de trabajadores se queden por el camino. Los empleados de esta refiner\u00eda son miembros del USW, sindicato afiliado a IndustriALL. &nbsp;<\/p>","protected":false},"featured_media":0,"template":"","issues":[395],"companies":[123],"regions":[],"sectors":[483],"article_tags":[],"class_list":["post-156693","article","type-article","status-publish","hentry","issues-shell","companies-shell","sectors-energy-oil-gas-electricity-and-nuclear"],"acf":[],"yoast_head":"<!-- This site is optimized with the Yoast SEO Premium plugin v27.1 (Yoast SEO v27.1) - https:\/\/yoast.com\/product\/yoast-seo-premium-wordpress\/ -->\n<title>Un tribunal obliga a Shell a reducir las emisiones de gases de efecto invernadero - industriall-union<\/title>\n<meta name=\"description\" content=\"Este notable avance hacia la responsabilizaci\u00f3n de las corporaciones se produjo despu\u00e9s de que grupos de activistas presentaran una demanda en abril de\" \/>\n<meta name=\"robots\" content=\"index, follow, max-snippet:-1, max-image-preview:large, max-video-preview:-1\" \/>\n<link rel=\"canonical\" href=\"https:\/\/admin.industriall-union.org\/es\/un-tribunal-obliga-a-shell-a-reducir-las-emisiones-de-gases-de-efecto-invernadero\/\" \/>\n<meta property=\"og:locale\" content=\"es_ES\" \/>\n<meta property=\"og:type\" content=\"article\" \/>\n<meta property=\"og:title\" content=\"Un tribunal obliga a Shell a reducir las emisiones de gases de efecto invernadero\" \/>\n<meta property=\"og:description\" content=\"Este notable avance hacia la responsabilizaci\u00f3n de las corporaciones se produjo despu\u00e9s de que grupos de activistas presentaran una demanda en abril de\" \/>\n<meta property=\"og:url\" content=\"https:\/\/admin.industriall-union.org\/es\/un-tribunal-obliga-a-shell-a-reducir-las-emisiones-de-gases-de-efecto-invernadero\/\" \/>\n<meta property=\"og:site_name\" content=\"industriall-union\" \/>\n<meta property=\"article:modified_time\" content=\"2025-01-28T16:27:00+00:00\" \/>\n<meta name=\"twitter:card\" content=\"summary_large_image\" \/>\n<meta name=\"twitter:label1\" content=\"Est. reading time\" \/>\n\t<meta name=\"twitter:data1\" content=\"3 minutes\" \/>\n<script type=\"application\/ld+json\" class=\"yoast-schema-graph\">{\"@context\":\"https:\/\/schema.org\",\"@graph\":[{\"@type\":\"WebPage\",\"@id\":\"https:\/\/admin.industriall-union.org\/es\/un-tribunal-obliga-a-shell-a-reducir-las-emisiones-de-gases-de-efecto-invernadero\/\",\"url\":\"https:\/\/admin.industriall-union.org\/es\/un-tribunal-obliga-a-shell-a-reducir-las-emisiones-de-gases-de-efecto-invernadero\/\",\"name\":\"Un tribunal obliga a Shell a reducir las emisiones de gases de efecto invernadero - industriall-union\",\"isPartOf\":{\"@id\":\"https:\/\/admin.industriall-union.org\/#website\"},\"datePublished\":\"2021-06-02T13:18:22+00:00\",\"dateModified\":\"2025-01-28T16:27:00+00:00\",\"description\":\"Este notable avance hacia la responsabilizaci\u00f3n de las corporaciones se produjo despu\u00e9s de que grupos de activistas presentaran una demanda en abril de\",\"breadcrumb\":{\"@id\":\"https:\/\/admin.industriall-union.org\/es\/un-tribunal-obliga-a-shell-a-reducir-las-emisiones-de-gases-de-efecto-invernadero\/#breadcrumb\"},\"inLanguage\":\"es-ES\",\"potentialAction\":[{\"@type\":\"ReadAction\",\"target\":[\"https:\/\/admin.industriall-union.org\/es\/un-tribunal-obliga-a-shell-a-reducir-las-emisiones-de-gases-de-efecto-invernadero\/\"]}]},{\"@type\":\"BreadcrumbList\",\"@id\":\"https:\/\/admin.industriall-union.org\/es\/un-tribunal-obliga-a-shell-a-reducir-las-emisiones-de-gases-de-efecto-invernadero\/#breadcrumb\",\"itemListElement\":[{\"@type\":\"ListItem\",\"position\":1,\"name\":\"Home\",\"item\":\"https:\/\/admin.industriall-union.org\/\"},{\"@type\":\"ListItem\",\"position\":2,\"name\":\"Articles\",\"item\":\"https:\/\/admin.industriall-union.org\/article\/\"},{\"@type\":\"ListItem\",\"position\":3,\"name\":\"Un tribunal obliga a Shell a reducir las emisiones de gases de efecto invernadero\"}]},{\"@type\":\"WebSite\",\"@id\":\"https:\/\/admin.industriall-union.org\/#website\",\"url\":\"https:\/\/admin.industriall-union.org\/\",\"name\":\"industriall-union\",\"description\":\"\",\"potentialAction\":[{\"@type\":\"SearchAction\",\"target\":{\"@type\":\"EntryPoint\",\"urlTemplate\":\"https:\/\/admin.industriall-union.org\/?s={search_term_string}\"},\"query-input\":{\"@type\":\"PropertyValueSpecification\",\"valueRequired\":true,\"valueName\":\"search_term_string\"}}],\"inLanguage\":\"es-ES\"}]}<\/script>\n<!-- \/ Yoast SEO Premium plugin. -->","yoast_head_json":{"title":"Un tribunal obliga a Shell a reducir las emisiones de gases de efecto invernadero - industriall-union","description":"Este notable avance hacia la responsabilizaci\u00f3n de las corporaciones se produjo despu\u00e9s de que grupos de activistas presentaran una demanda en abril de","robots":{"index":"index","follow":"follow","max-snippet":"max-snippet:-1","max-image-preview":"max-image-preview:large","max-video-preview":"max-video-preview:-1"},"canonical":"https:\/\/admin.industriall-union.org\/es\/un-tribunal-obliga-a-shell-a-reducir-las-emisiones-de-gases-de-efecto-invernadero\/","og_locale":"es_ES","og_type":"article","og_title":"Un tribunal obliga a Shell a reducir las emisiones de gases de efecto invernadero","og_description":"Este notable avance hacia la responsabilizaci\u00f3n de las corporaciones se produjo despu\u00e9s de que grupos de activistas presentaran una demanda en abril de","og_url":"https:\/\/admin.industriall-union.org\/es\/un-tribunal-obliga-a-shell-a-reducir-las-emisiones-de-gases-de-efecto-invernadero\/","og_site_name":"industriall-union","article_modified_time":"2025-01-28T16:27:00+00:00","twitter_card":"summary_large_image","twitter_misc":{"Est. reading time":"3 minutes"},"schema":{"@context":"https:\/\/schema.org","@graph":[{"@type":"WebPage","@id":"https:\/\/admin.industriall-union.org\/es\/un-tribunal-obliga-a-shell-a-reducir-las-emisiones-de-gases-de-efecto-invernadero\/","url":"https:\/\/admin.industriall-union.org\/es\/un-tribunal-obliga-a-shell-a-reducir-las-emisiones-de-gases-de-efecto-invernadero\/","name":"Un tribunal obliga a Shell a reducir las emisiones de gases de efecto invernadero - industriall-union","isPartOf":{"@id":"https:\/\/admin.industriall-union.org\/#website"},"datePublished":"2021-06-02T13:18:22+00:00","dateModified":"2025-01-28T16:27:00+00:00","description":"Este notable avance hacia la responsabilizaci\u00f3n de las corporaciones se produjo despu\u00e9s de que grupos de activistas presentaran una demanda en abril de","breadcrumb":{"@id":"https:\/\/admin.industriall-union.org\/es\/un-tribunal-obliga-a-shell-a-reducir-las-emisiones-de-gases-de-efecto-invernadero\/#breadcrumb"},"inLanguage":"es-ES","potentialAction":[{"@type":"ReadAction","target":["https:\/\/admin.industriall-union.org\/es\/un-tribunal-obliga-a-shell-a-reducir-las-emisiones-de-gases-de-efecto-invernadero\/"]}]},{"@type":"BreadcrumbList","@id":"https:\/\/admin.industriall-union.org\/es\/un-tribunal-obliga-a-shell-a-reducir-las-emisiones-de-gases-de-efecto-invernadero\/#breadcrumb","itemListElement":[{"@type":"ListItem","position":1,"name":"Home","item":"https:\/\/admin.industriall-union.org\/"},{"@type":"ListItem","position":2,"name":"Articles","item":"https:\/\/admin.industriall-union.org\/article\/"},{"@type":"ListItem","position":3,"name":"Un tribunal obliga a Shell a reducir las emisiones de gases de efecto invernadero"}]},{"@type":"WebSite","@id":"https:\/\/admin.industriall-union.org\/#website","url":"https:\/\/admin.industriall-union.org\/","name":"industriall-union","description":"","potentialAction":[{"@type":"SearchAction","target":{"@type":"EntryPoint","urlTemplate":"https:\/\/admin.industriall-union.org\/?s={search_term_string}"},"query-input":{"@type":"PropertyValueSpecification","valueRequired":true,"valueName":"search_term_string"}}],"inLanguage":"es-ES"}]}},"_links":{"self":[{"href":"https:\/\/admin.industriall-union.org\/es\/wp-json\/wp\/v2\/article\/156693","targetHints":{"allow":["GET"]}}],"collection":[{"href":"https:\/\/admin.industriall-union.org\/es\/wp-json\/wp\/v2\/article"}],"about":[{"href":"https:\/\/admin.industriall-union.org\/es\/wp-json\/wp\/v2\/types\/article"}],"wp:attachment":[{"href":"https:\/\/admin.industriall-union.org\/es\/wp-json\/wp\/v2\/media?parent=156693"}],"wp:term":[{"taxonomy":"issues","embeddable":true,"href":"https:\/\/admin.industriall-union.org\/es\/wp-json\/wp\/v2\/issues?post=156693"},{"taxonomy":"companies","embeddable":true,"href":"https:\/\/admin.industriall-union.org\/es\/wp-json\/wp\/v2\/companies?post=156693"},{"taxonomy":"regions","embeddable":true,"href":"https:\/\/admin.industriall-union.org\/es\/wp-json\/wp\/v2\/regions?post=156693"},{"taxonomy":"sectors","embeddable":true,"href":"https:\/\/admin.industriall-union.org\/es\/wp-json\/wp\/v2\/sectors?post=156693"},{"taxonomy":"article_tags","embeddable":true,"href":"https:\/\/admin.industriall-union.org\/es\/wp-json\/wp\/v2\/article_tags?post=156693"}],"curies":[{"name":"wp","href":"https:\/\/api.w.org\/{rel}","templated":true}]}}