{"id":156650,"date":"2021-06-10T11:07:28","date_gmt":"2021-06-10T11:07:28","guid":{"rendered":"https:\/\/admin.industriall-union.org\/albania-trabajadores-del-sector-hidroelectrico-protestan-por-despidos-injustos\/"},"modified":"2025-01-28T15:50:12","modified_gmt":"2025-01-28T15:50:12","slug":"albania-trabajadores-del-sector-hidroelectrico-protestan-por-despidos-injustos","status":"publish","type":"article","link":"https:\/\/admin.industriall-union.org\/es\/albania-trabajadores-del-sector-hidroelectrico-protestan-por-despidos-injustos\/","title":{"rendered":"Albania: trabajadores del sector hidroel\u00e9ctrico protestan por despidos injustos"},"content":{"rendered":"<p>Estas centrales hidroel\u00e9ctricas se encuentran entre las cuatro adquiridas por la empresa K\u00fcr\u00fcm Holdings, con sede en Turqu\u00eda, del gobierno alban\u00e9s en un acuerdo de privatizaci\u00f3n en 2013. Desde que compr\u00f3 las centrales el\u00e9ctricas por 110 millones de euros, K\u00fcr\u00fcm ha reducido la plantilla en 120, dejando solo 43 trabajadores. Las plantas de energ\u00eda son la \u00fanica fuente importante de empleo en la regi\u00f3n, un \u00e1rea pintoresca con parques nacionales y lagos.<\/p><p>La empresa prometi\u00f3 que no habr\u00eda m\u00e1s despidos y que toda reducci\u00f3n de personal adicional se realizar\u00eda de forma natural al no reemplazar a las personas que se jubilen. La mayor\u00eda de los empleados de las centrales el\u00e9ctricas tienen 30 a\u00f1os de servicio y muchos est\u00e1n cerca de la jubilaci\u00f3n.<\/p><p>Sin embargo, el 22 de mayo de 2021, en contravenci\u00f3n de su convenio colectivo, se concret\u00f3 el despido de 20 mec\u00e1nicos y electricistas.<\/p><figure class=\"imageArticle imageFull\"><img decoding=\"async\" alt=\"\" src=\"\" style=\"width: 1316px;height: 640px\" \/><figcaption class=\"imageContent\"><div class=\"imageCaption\"><p>Los sindicalistas bloquean el camino de acceso a la planta<\/p><\/div><\/figcaption><\/figure><p>Los trabajadores han organizado manifestaciones diarias, con piquetes en las centrales y ocasionales bloqueos de carreteras. Ellos afirman que esta reestructuraci\u00f3n &ldquo;los deja sin pan&rdquo; y que intensificar\u00e1n la protesta hasta una huelga de hambre si es necesario. La empresa respondi\u00f3 persiguiendo al comit\u00e9 sindical y suspendiendo a quienes participaron en la huelga.<\/p><p>Los trabajadores est\u00e1n representados por la Federaci\u00f3n Sindical de Trabajadores Industriales de Albania (FSPISH), afiliada a IndustriALL Global Union. Han viajado activistas sindicales desde todo el pa\u00eds para unirse a los piquetes. El secretario general de la FSPISH, Taf Koleci, expres\u00f3:<\/p><blockquote><p>&ldquo;Pedimos al propietario que se siente con el sindicato y acepte anular de inmediato el despido de los trabajadores&rdquo;.<\/p><\/blockquote><p>Los secretarios generales de IndustriALL Global Union y industriAll European Trade Union, Valter Sanches y Luc Triangle, le <a href=\"\/wp-content\/uploads\/documents\/2021\/ALBANIA\/industriall_global_and_europe_joint_letter_to_prime_minister_of_albania_03-06-202114.pdf\">escribieron<\/a> lo siguiente al primer ministro de Albania, Edi Rama:<\/p><blockquote><p>&ldquo;Exhortamos al gobierno de Albania a intervenir de inmediato en K\u00fcr\u00fcm International para garantizar la implementaci\u00f3n y el pleno respeto del convenio colectivo firmado en 2019 por la empresa y nuestra afiliada, la Federaci\u00f3n Sindical de Trabajadores Industriales de Albania, y lograr el reintegro de todos los trabajadores que han sido despedidos injustamente&rdquo;.<\/p><\/blockquote><p>K\u00fcr\u00fcm es principalmente un productor de hierro y acero, con grandes operaciones en los Balcanes y el sur de Europa. Las centrales hidroel\u00e9ctricas, que datan de la d\u00e9cada de 1950, funcionan de manera rentable.<\/p>","protected":false},"featured_media":0,"template":"","issues":[],"companies":[],"regions":[203,202],"sectors":[483],"article_tags":[],"class_list":["post-156650","article","type-article","status-publish","hentry","regions-albania","regions-europe","sectors-energy-oil-gas-electricity-and-nuclear"],"acf":[],"yoast_head":"<!-- This site is optimized with the Yoast SEO Premium plugin v27.1 (Yoast SEO v27.1) - https:\/\/yoast.com\/product\/yoast-seo-premium-wordpress\/ -->\n<title>Albania: trabajadores del sector hidroel\u00e9ctrico protestan por despidos injustos - industriall-union<\/title>\n<meta name=\"description\" content=\"Estas centrales hidroel\u00e9ctricas se encuentran entre las cuatro adquiridas por la empresa K\u00fcr\u00fcm Holdings, con sede en Turqu\u00eda, del gobierno alban\u00e9s en un\" \/>\n<meta name=\"robots\" content=\"index, follow, max-snippet:-1, max-image-preview:large, max-video-preview:-1\" \/>\n<link rel=\"canonical\" href=\"https:\/\/admin.industriall-union.org\/es\/albania-trabajadores-del-sector-hidroelectrico-protestan-por-despidos-injustos\/\" \/>\n<meta property=\"og:locale\" content=\"es_ES\" \/>\n<meta property=\"og:type\" content=\"article\" \/>\n<meta property=\"og:title\" content=\"Albania: trabajadores del sector hidroel\u00e9ctrico protestan por despidos injustos\" \/>\n<meta property=\"og:description\" content=\"Estas centrales hidroel\u00e9ctricas se encuentran entre las cuatro adquiridas por la empresa K\u00fcr\u00fcm Holdings, con sede en Turqu\u00eda, del gobierno alban\u00e9s en un\" \/>\n<meta property=\"og:url\" content=\"https:\/\/admin.industriall-union.org\/es\/albania-trabajadores-del-sector-hidroelectrico-protestan-por-despidos-injustos\/\" \/>\n<meta property=\"og:site_name\" content=\"industriall-union\" \/>\n<meta property=\"article:modified_time\" content=\"2025-01-28T15:50:12+00:00\" \/>\n<meta name=\"twitter:card\" content=\"summary_large_image\" \/>\n<meta name=\"twitter:label1\" content=\"Est. reading time\" \/>\n\t<meta name=\"twitter:data1\" content=\"2 minutes\" \/>\n<script type=\"application\/ld+json\" class=\"yoast-schema-graph\">{\"@context\":\"https:\/\/schema.org\",\"@graph\":[{\"@type\":\"WebPage\",\"@id\":\"https:\/\/admin.industriall-union.org\/es\/albania-trabajadores-del-sector-hidroelectrico-protestan-por-despidos-injustos\/\",\"url\":\"https:\/\/admin.industriall-union.org\/es\/albania-trabajadores-del-sector-hidroelectrico-protestan-por-despidos-injustos\/\",\"name\":\"Albania: trabajadores del sector hidroel\u00e9ctrico protestan por despidos injustos - industriall-union\",\"isPartOf\":{\"@id\":\"https:\/\/admin.industriall-union.org\/#website\"},\"datePublished\":\"2021-06-10T11:07:28+00:00\",\"dateModified\":\"2025-01-28T15:50:12+00:00\",\"description\":\"Estas centrales hidroel\u00e9ctricas se encuentran entre las cuatro adquiridas por la empresa K\u00fcr\u00fcm Holdings, con sede en Turqu\u00eda, del gobierno alban\u00e9s en un\",\"breadcrumb\":{\"@id\":\"https:\/\/admin.industriall-union.org\/es\/albania-trabajadores-del-sector-hidroelectrico-protestan-por-despidos-injustos\/#breadcrumb\"},\"inLanguage\":\"es-ES\",\"potentialAction\":[{\"@type\":\"ReadAction\",\"target\":[\"https:\/\/admin.industriall-union.org\/es\/albania-trabajadores-del-sector-hidroelectrico-protestan-por-despidos-injustos\/\"]}]},{\"@type\":\"BreadcrumbList\",\"@id\":\"https:\/\/admin.industriall-union.org\/es\/albania-trabajadores-del-sector-hidroelectrico-protestan-por-despidos-injustos\/#breadcrumb\",\"itemListElement\":[{\"@type\":\"ListItem\",\"position\":1,\"name\":\"Home\",\"item\":\"https:\/\/admin.industriall-union.org\/\"},{\"@type\":\"ListItem\",\"position\":2,\"name\":\"Articles\",\"item\":\"https:\/\/admin.industriall-union.org\/article\/\"},{\"@type\":\"ListItem\",\"position\":3,\"name\":\"Albania: trabajadores del sector hidroel\u00e9ctrico protestan por despidos injustos\"}]},{\"@type\":\"WebSite\",\"@id\":\"https:\/\/admin.industriall-union.org\/#website\",\"url\":\"https:\/\/admin.industriall-union.org\/\",\"name\":\"industriall-union\",\"description\":\"\",\"potentialAction\":[{\"@type\":\"SearchAction\",\"target\":{\"@type\":\"EntryPoint\",\"urlTemplate\":\"https:\/\/admin.industriall-union.org\/?s={search_term_string}\"},\"query-input\":{\"@type\":\"PropertyValueSpecification\",\"valueRequired\":true,\"valueName\":\"search_term_string\"}}],\"inLanguage\":\"es-ES\"}]}<\/script>\n<!-- \/ Yoast SEO Premium plugin. -->","yoast_head_json":{"title":"Albania: trabajadores del sector hidroel\u00e9ctrico protestan por despidos injustos - industriall-union","description":"Estas centrales hidroel\u00e9ctricas se encuentran entre las cuatro adquiridas por la empresa K\u00fcr\u00fcm Holdings, con sede en Turqu\u00eda, del gobierno alban\u00e9s en un","robots":{"index":"index","follow":"follow","max-snippet":"max-snippet:-1","max-image-preview":"max-image-preview:large","max-video-preview":"max-video-preview:-1"},"canonical":"https:\/\/admin.industriall-union.org\/es\/albania-trabajadores-del-sector-hidroelectrico-protestan-por-despidos-injustos\/","og_locale":"es_ES","og_type":"article","og_title":"Albania: trabajadores del sector hidroel\u00e9ctrico protestan por despidos injustos","og_description":"Estas centrales hidroel\u00e9ctricas se encuentran entre las cuatro adquiridas por la empresa K\u00fcr\u00fcm Holdings, con sede en Turqu\u00eda, del gobierno alban\u00e9s en un","og_url":"https:\/\/admin.industriall-union.org\/es\/albania-trabajadores-del-sector-hidroelectrico-protestan-por-despidos-injustos\/","og_site_name":"industriall-union","article_modified_time":"2025-01-28T15:50:12+00:00","twitter_card":"summary_large_image","twitter_misc":{"Est. reading time":"2 minutes"},"schema":{"@context":"https:\/\/schema.org","@graph":[{"@type":"WebPage","@id":"https:\/\/admin.industriall-union.org\/es\/albania-trabajadores-del-sector-hidroelectrico-protestan-por-despidos-injustos\/","url":"https:\/\/admin.industriall-union.org\/es\/albania-trabajadores-del-sector-hidroelectrico-protestan-por-despidos-injustos\/","name":"Albania: trabajadores del sector hidroel\u00e9ctrico protestan por despidos injustos - industriall-union","isPartOf":{"@id":"https:\/\/admin.industriall-union.org\/#website"},"datePublished":"2021-06-10T11:07:28+00:00","dateModified":"2025-01-28T15:50:12+00:00","description":"Estas centrales hidroel\u00e9ctricas se encuentran entre las cuatro adquiridas por la empresa K\u00fcr\u00fcm Holdings, con sede en Turqu\u00eda, del gobierno alban\u00e9s en un","breadcrumb":{"@id":"https:\/\/admin.industriall-union.org\/es\/albania-trabajadores-del-sector-hidroelectrico-protestan-por-despidos-injustos\/#breadcrumb"},"inLanguage":"es-ES","potentialAction":[{"@type":"ReadAction","target":["https:\/\/admin.industriall-union.org\/es\/albania-trabajadores-del-sector-hidroelectrico-protestan-por-despidos-injustos\/"]}]},{"@type":"BreadcrumbList","@id":"https:\/\/admin.industriall-union.org\/es\/albania-trabajadores-del-sector-hidroelectrico-protestan-por-despidos-injustos\/#breadcrumb","itemListElement":[{"@type":"ListItem","position":1,"name":"Home","item":"https:\/\/admin.industriall-union.org\/"},{"@type":"ListItem","position":2,"name":"Articles","item":"https:\/\/admin.industriall-union.org\/article\/"},{"@type":"ListItem","position":3,"name":"Albania: trabajadores del sector hidroel\u00e9ctrico protestan por despidos injustos"}]},{"@type":"WebSite","@id":"https:\/\/admin.industriall-union.org\/#website","url":"https:\/\/admin.industriall-union.org\/","name":"industriall-union","description":"","potentialAction":[{"@type":"SearchAction","target":{"@type":"EntryPoint","urlTemplate":"https:\/\/admin.industriall-union.org\/?s={search_term_string}"},"query-input":{"@type":"PropertyValueSpecification","valueRequired":true,"valueName":"search_term_string"}}],"inLanguage":"es-ES"}]}},"_links":{"self":[{"href":"https:\/\/admin.industriall-union.org\/es\/wp-json\/wp\/v2\/article\/156650","targetHints":{"allow":["GET"]}}],"collection":[{"href":"https:\/\/admin.industriall-union.org\/es\/wp-json\/wp\/v2\/article"}],"about":[{"href":"https:\/\/admin.industriall-union.org\/es\/wp-json\/wp\/v2\/types\/article"}],"wp:attachment":[{"href":"https:\/\/admin.industriall-union.org\/es\/wp-json\/wp\/v2\/media?parent=156650"}],"wp:term":[{"taxonomy":"issues","embeddable":true,"href":"https:\/\/admin.industriall-union.org\/es\/wp-json\/wp\/v2\/issues?post=156650"},{"taxonomy":"companies","embeddable":true,"href":"https:\/\/admin.industriall-union.org\/es\/wp-json\/wp\/v2\/companies?post=156650"},{"taxonomy":"regions","embeddable":true,"href":"https:\/\/admin.industriall-union.org\/es\/wp-json\/wp\/v2\/regions?post=156650"},{"taxonomy":"sectors","embeddable":true,"href":"https:\/\/admin.industriall-union.org\/es\/wp-json\/wp\/v2\/sectors?post=156650"},{"taxonomy":"article_tags","embeddable":true,"href":"https:\/\/admin.industriall-union.org\/es\/wp-json\/wp\/v2\/article_tags?post=156650"}],"curies":[{"name":"wp","href":"https:\/\/api.w.org\/{rel}","templated":true}]}}