{"id":156606,"date":"2021-06-23T12:23:52","date_gmt":"2021-06-23T12:23:52","guid":{"rendered":"https:\/\/admin.industriall-union.org\/la-oit-adopta-una-resolucion-para-exigir-el-retorno-a-la-democracia-en-myanmar\/"},"modified":"2025-01-28T15:30:23","modified_gmt":"2025-01-28T15:30:23","slug":"la-oit-adopta-una-resolucion-para-exigir-el-retorno-a-la-democracia-en-myanmar","status":"publish","type":"article","link":"https:\/\/admin.industriall-union.org\/es\/la-oit-adopta-una-resolucion-para-exigir-el-retorno-a-la-democracia-en-myanmar\/","title":{"rendered":"La OIT adopta una resoluci\u00f3n para exigir el retorno a la democracia en Myanmar"},"content":{"rendered":"<p>El 9 de junio, el Grupo de los Trabajadores de la OIT, formado por m\u00e1s de cien confederaciones de sindicatos a nivel mundial, present\u00f3 un proyecto de resoluci\u00f3n sobre Myanmar de car\u00e1cter urgente. La Comisi\u00f3n de Proposiciones de la OIT adopt\u00f3 oficialmente la resoluci\u00f3n el 19 de junio.<\/p><p>La <a href=\"https:\/\/www.ilo.org\/wcmsp5\/groups\/public\/---ed_norm\/---relconf\/documents\/meetingdocument\/wcms_806089.pdf\">resoluci\u00f3n llama a Myanmar<\/a> a restaurar el orden democr\u00e1tico y el gobierno civil, cesar todos los ataques o amenazas contra los trabajadores, empleadores, sus organizaciones y ciudadanos involucrados en protestas pac\u00edficas del movimiento de desobediencia civil.<\/p><p>Adem\u00e1s, insta al r\u00e9gimen militar a poner fin a las violaciones de los derechos humanos, respetar el Convenio 87 de la OIT sobre la libertad sindical, poner fin a la violencia y las detenciones y arrestos arbitrarios. Se recomend\u00f3 a los Estados miembros que respalden el retorno a la democracia a trav\u00e9s de las Naciones Unidas y otros organismos multilaterales y regionales.<\/p><p>La represi\u00f3n militar contra los activistas y trabajadores prodemocracia sigue vigente. Hasta la fecha, 871 personas han sido asesinadas y 5033 han sido detenidas, imputadas o condenadas. Uno de ellos es Chan Myae Kyaw, minero y miembro de la MWFM, afiliada a IndustriALL.<\/p><p>El r\u00e9gimen militar revoc\u00f3 los pasaportes de los miembros del comit\u00e9 ejecutivo de la Confederaci\u00f3n de Sindicatos de Myanmar (CTUM) y la mayor\u00eda de ellos se han visto obligados a esconderse. A pesar de la intensificaci\u00f3n de la represi\u00f3n, el secretario general adjunto de la CTUM, Phyo Sandar, fue elegido miembro adjunto del Grupo de los Trabajadores del consejo de administraci\u00f3n de la OIT.<\/p><p>El secretario general de IndustriALL, Valter Sanches, expres\u00f3:<\/p><blockquote><p>&ldquo;Condenamos en\u00e9rgicamente la represi\u00f3n del pueblo de Myanmar que defiende la democracia. El r\u00e9gimen militar debe dimitir, restaurar el gobierno electo y detener los ataques contra las personas y los sindicatos. Celebro la adopci\u00f3n de la resoluci\u00f3n en la 109.&ordf; CIT. Ahora es el momento de que los Estados miembros de la OIT ejerzan presi\u00f3n sobre Myanmar y dejen de reconocer el r\u00e9gimen ileg\u00edtimo&rdquo;.<\/p><\/blockquote><p>Desde el golpe de estado de febrero, IndustriALL se ha solidarizado con los sindicatos y los trabajadores de Myanmar presionando a las empresas multinacionales para que corten los lazos con empresas vinculadas al ej\u00e9rcito y movilizando a sus afiliados para que hagan donaciones al fondo de huelga de Myanmar.<\/p><p>Durante el discurso plenario, la presidenta del Grupo de los Trabajadores, Catelene Passchier, solicit\u00f3 al consejo de administraci\u00f3n de la OIT que haga un seguimiento con respecto a la implementaci\u00f3n de la resoluci\u00f3n en la CIT del pr\u00f3ximo a\u00f1o.<\/p>","protected":false},"featured_media":0,"template":"","issues":[423,420,424,425],"companies":[],"regions":[177,248],"sectors":[],"article_tags":[],"class_list":["post-156606","article","type-article","status-publish","hentry","issues-ilo-watch","issues-solidarity","issues-violation","issues-workers-rights","regions-myanmar","regions-switzerland"],"acf":[],"yoast_head":"<!-- This site is optimized with the Yoast SEO Premium plugin v27.1 (Yoast SEO v27.1) - https:\/\/yoast.com\/product\/yoast-seo-premium-wordpress\/ -->\n<title>La OIT adopta una resoluci\u00f3n para exigir el retorno a la democracia en Myanmar - industriall-union<\/title>\n<meta name=\"description\" content=\"El 9 de junio, el Grupo de los Trabajadores de la OIT, formado por m\u00e1s de cien confederaciones de sindicatos a nivel mundial, present\u00f3 un proyecto de\" \/>\n<meta name=\"robots\" content=\"index, follow, max-snippet:-1, max-image-preview:large, max-video-preview:-1\" \/>\n<link rel=\"canonical\" href=\"https:\/\/admin.industriall-union.org\/es\/la-oit-adopta-una-resolucion-para-exigir-el-retorno-a-la-democracia-en-myanmar\/\" \/>\n<meta property=\"og:locale\" content=\"es_ES\" \/>\n<meta property=\"og:type\" content=\"article\" \/>\n<meta property=\"og:title\" content=\"La OIT adopta una resoluci\u00f3n para exigir el retorno a la democracia en Myanmar\" \/>\n<meta property=\"og:description\" content=\"El 9 de junio, el Grupo de los Trabajadores de la OIT, formado por m\u00e1s de cien confederaciones de sindicatos a nivel mundial, present\u00f3 un proyecto de\" \/>\n<meta property=\"og:url\" content=\"https:\/\/admin.industriall-union.org\/es\/la-oit-adopta-una-resolucion-para-exigir-el-retorno-a-la-democracia-en-myanmar\/\" \/>\n<meta property=\"og:site_name\" content=\"industriall-union\" \/>\n<meta property=\"article:modified_time\" content=\"2025-01-28T15:30:23+00:00\" \/>\n<meta name=\"twitter:card\" content=\"summary_large_image\" \/>\n<meta name=\"twitter:label1\" content=\"Est. reading time\" \/>\n\t<meta name=\"twitter:data1\" content=\"2 minutes\" \/>\n<script type=\"application\/ld+json\" class=\"yoast-schema-graph\">{\"@context\":\"https:\/\/schema.org\",\"@graph\":[{\"@type\":\"WebPage\",\"@id\":\"https:\/\/admin.industriall-union.org\/es\/la-oit-adopta-una-resolucion-para-exigir-el-retorno-a-la-democracia-en-myanmar\/\",\"url\":\"https:\/\/admin.industriall-union.org\/es\/la-oit-adopta-una-resolucion-para-exigir-el-retorno-a-la-democracia-en-myanmar\/\",\"name\":\"La OIT adopta una resoluci\u00f3n para exigir el retorno a la democracia en Myanmar - industriall-union\",\"isPartOf\":{\"@id\":\"https:\/\/admin.industriall-union.org\/#website\"},\"datePublished\":\"2021-06-23T12:23:52+00:00\",\"dateModified\":\"2025-01-28T15:30:23+00:00\",\"description\":\"El 9 de junio, el Grupo de los Trabajadores de la OIT, formado por m\u00e1s de cien confederaciones de sindicatos a nivel mundial, present\u00f3 un proyecto de\",\"breadcrumb\":{\"@id\":\"https:\/\/admin.industriall-union.org\/es\/la-oit-adopta-una-resolucion-para-exigir-el-retorno-a-la-democracia-en-myanmar\/#breadcrumb\"},\"inLanguage\":\"es-ES\",\"potentialAction\":[{\"@type\":\"ReadAction\",\"target\":[\"https:\/\/admin.industriall-union.org\/es\/la-oit-adopta-una-resolucion-para-exigir-el-retorno-a-la-democracia-en-myanmar\/\"]}]},{\"@type\":\"BreadcrumbList\",\"@id\":\"https:\/\/admin.industriall-union.org\/es\/la-oit-adopta-una-resolucion-para-exigir-el-retorno-a-la-democracia-en-myanmar\/#breadcrumb\",\"itemListElement\":[{\"@type\":\"ListItem\",\"position\":1,\"name\":\"Home\",\"item\":\"https:\/\/admin.industriall-union.org\/\"},{\"@type\":\"ListItem\",\"position\":2,\"name\":\"Articles\",\"item\":\"https:\/\/admin.industriall-union.org\/article\/\"},{\"@type\":\"ListItem\",\"position\":3,\"name\":\"La OIT adopta una resoluci\u00f3n para exigir el retorno a la democracia en Myanmar\"}]},{\"@type\":\"WebSite\",\"@id\":\"https:\/\/admin.industriall-union.org\/#website\",\"url\":\"https:\/\/admin.industriall-union.org\/\",\"name\":\"industriall-union\",\"description\":\"\",\"potentialAction\":[{\"@type\":\"SearchAction\",\"target\":{\"@type\":\"EntryPoint\",\"urlTemplate\":\"https:\/\/admin.industriall-union.org\/?s={search_term_string}\"},\"query-input\":{\"@type\":\"PropertyValueSpecification\",\"valueRequired\":true,\"valueName\":\"search_term_string\"}}],\"inLanguage\":\"es-ES\"}]}<\/script>\n<!-- \/ Yoast SEO Premium plugin. -->","yoast_head_json":{"title":"La OIT adopta una resoluci\u00f3n para exigir el retorno a la democracia en Myanmar - industriall-union","description":"El 9 de junio, el Grupo de los Trabajadores de la OIT, formado por m\u00e1s de cien confederaciones de sindicatos a nivel mundial, present\u00f3 un proyecto de","robots":{"index":"index","follow":"follow","max-snippet":"max-snippet:-1","max-image-preview":"max-image-preview:large","max-video-preview":"max-video-preview:-1"},"canonical":"https:\/\/admin.industriall-union.org\/es\/la-oit-adopta-una-resolucion-para-exigir-el-retorno-a-la-democracia-en-myanmar\/","og_locale":"es_ES","og_type":"article","og_title":"La OIT adopta una resoluci\u00f3n para exigir el retorno a la democracia en Myanmar","og_description":"El 9 de junio, el Grupo de los Trabajadores de la OIT, formado por m\u00e1s de cien confederaciones de sindicatos a nivel mundial, present\u00f3 un proyecto de","og_url":"https:\/\/admin.industriall-union.org\/es\/la-oit-adopta-una-resolucion-para-exigir-el-retorno-a-la-democracia-en-myanmar\/","og_site_name":"industriall-union","article_modified_time":"2025-01-28T15:30:23+00:00","twitter_card":"summary_large_image","twitter_misc":{"Est. reading time":"2 minutes"},"schema":{"@context":"https:\/\/schema.org","@graph":[{"@type":"WebPage","@id":"https:\/\/admin.industriall-union.org\/es\/la-oit-adopta-una-resolucion-para-exigir-el-retorno-a-la-democracia-en-myanmar\/","url":"https:\/\/admin.industriall-union.org\/es\/la-oit-adopta-una-resolucion-para-exigir-el-retorno-a-la-democracia-en-myanmar\/","name":"La OIT adopta una resoluci\u00f3n para exigir el retorno a la democracia en Myanmar - industriall-union","isPartOf":{"@id":"https:\/\/admin.industriall-union.org\/#website"},"datePublished":"2021-06-23T12:23:52+00:00","dateModified":"2025-01-28T15:30:23+00:00","description":"El 9 de junio, el Grupo de los Trabajadores de la OIT, formado por m\u00e1s de cien confederaciones de sindicatos a nivel mundial, present\u00f3 un proyecto de","breadcrumb":{"@id":"https:\/\/admin.industriall-union.org\/es\/la-oit-adopta-una-resolucion-para-exigir-el-retorno-a-la-democracia-en-myanmar\/#breadcrumb"},"inLanguage":"es-ES","potentialAction":[{"@type":"ReadAction","target":["https:\/\/admin.industriall-union.org\/es\/la-oit-adopta-una-resolucion-para-exigir-el-retorno-a-la-democracia-en-myanmar\/"]}]},{"@type":"BreadcrumbList","@id":"https:\/\/admin.industriall-union.org\/es\/la-oit-adopta-una-resolucion-para-exigir-el-retorno-a-la-democracia-en-myanmar\/#breadcrumb","itemListElement":[{"@type":"ListItem","position":1,"name":"Home","item":"https:\/\/admin.industriall-union.org\/"},{"@type":"ListItem","position":2,"name":"Articles","item":"https:\/\/admin.industriall-union.org\/article\/"},{"@type":"ListItem","position":3,"name":"La OIT adopta una resoluci\u00f3n para exigir el retorno a la democracia en Myanmar"}]},{"@type":"WebSite","@id":"https:\/\/admin.industriall-union.org\/#website","url":"https:\/\/admin.industriall-union.org\/","name":"industriall-union","description":"","potentialAction":[{"@type":"SearchAction","target":{"@type":"EntryPoint","urlTemplate":"https:\/\/admin.industriall-union.org\/?s={search_term_string}"},"query-input":{"@type":"PropertyValueSpecification","valueRequired":true,"valueName":"search_term_string"}}],"inLanguage":"es-ES"}]}},"_links":{"self":[{"href":"https:\/\/admin.industriall-union.org\/es\/wp-json\/wp\/v2\/article\/156606","targetHints":{"allow":["GET"]}}],"collection":[{"href":"https:\/\/admin.industriall-union.org\/es\/wp-json\/wp\/v2\/article"}],"about":[{"href":"https:\/\/admin.industriall-union.org\/es\/wp-json\/wp\/v2\/types\/article"}],"wp:attachment":[{"href":"https:\/\/admin.industriall-union.org\/es\/wp-json\/wp\/v2\/media?parent=156606"}],"wp:term":[{"taxonomy":"issues","embeddable":true,"href":"https:\/\/admin.industriall-union.org\/es\/wp-json\/wp\/v2\/issues?post=156606"},{"taxonomy":"companies","embeddable":true,"href":"https:\/\/admin.industriall-union.org\/es\/wp-json\/wp\/v2\/companies?post=156606"},{"taxonomy":"regions","embeddable":true,"href":"https:\/\/admin.industriall-union.org\/es\/wp-json\/wp\/v2\/regions?post=156606"},{"taxonomy":"sectors","embeddable":true,"href":"https:\/\/admin.industriall-union.org\/es\/wp-json\/wp\/v2\/sectors?post=156606"},{"taxonomy":"article_tags","embeddable":true,"href":"https:\/\/admin.industriall-union.org\/es\/wp-json\/wp\/v2\/article_tags?post=156606"}],"curies":[{"name":"wp","href":"https:\/\/api.w.org\/{rel}","templated":true}]}}