{"id":156604,"date":"2021-06-22T14:21:23","date_gmt":"2021-06-22T14:21:23","guid":{"rendered":"https:\/\/admin.industriall-union.org\/trabajadores-de-basf-unidos-mas-alla-de-las-fronteras\/"},"modified":"2025-01-28T15:26:02","modified_gmt":"2025-01-28T15:26:02","slug":"trabajadores-de-basf-unidos-mas-alla-de-las-fronteras","status":"publish","type":"article","link":"https:\/\/admin.industriall-union.org\/es\/trabajadores-de-basf-unidos-mas-alla-de-las-fronteras\/","title":{"rendered":"Trabajadores de BASF unidos m\u00e1s all\u00e1 de las fronteras"},"content":{"rendered":"<figure class=\"imageArticle imageFull\"><img decoding=\"async\" alt=\"\" src=\"\/wp-content\/uploads\/images\/2021\/GERMANY\/BASF\/screenshot_2021-06-16_at_15.21.12.png\" style=\"width: 2560px;height: 1440px\" \/><figcaption class=\"imageContent\">&nbsp;<\/figcaption><\/figure><p>BASF es la empresa de productos qu\u00edmicos m\u00e1s grande del mundo. Con sede en Alemania, sus operaciones en cada continente est\u00e1n a cargo de miembros de sindicatos afiliados a IndustriALL. El 16 de junio, se celebraron tres reuniones sindicales internacionales importantes de BASF, en las que se analiz\u00f3 la situaci\u00f3n actual de la empresa y las relaciones sindicales, tanto a nivel mundial como en cada pa\u00eds de Asia y de Am\u00e9rica latina.<\/p><p>Los tres encuentros, celebrados en el marco de la alianza estrat\u00e9gica ininterrumpida entre IndustriALL y la Friedrich Ebert Stiftung, contaron con la participaci\u00f3n de 70 dirigentes sindicales de 12 pa\u00edses, que se reunieron en calidad de integrantes de la Red Sindical de BASF en Asia, la Red Sindical de BASF en Am\u00e9rica Latina y la Reuni\u00f3n de Coordinadores Regionales. La participaci\u00f3n del IG BCE y el dirigente del Comit\u00e9 de Empresa de BASF en Alemania fue significativa en las tres reuniones.<\/p><p>Kemal \u00d6zkan, secretario general adjunto de IndustriALL Global Union, inform\u00f3 sobre el trabajo pol\u00edtico de IndustriALL dentro de la OIT, orientado a exigir que la recuperaci\u00f3n de la pandemia se base en la protecci\u00f3n social, el di\u00e1logo social y los derechos, sobre la campa\u00f1a a favor del reconocimiento de la salud y la seguridad laboral como un derecho fundamental de los trabajadores, y la campa\u00f1a para que el futuro del trabajo se construya sobre empleos de calidad.<\/p><p>En la reuni\u00f3n se destac\u00f3 la importancia del di\u00e1logo con el empleador, ya que, entre las preocupaciones planteadas por los sindicatos, se mencion\u00f3 el escaso di\u00e1logo mantenido con ellos durante los procesos de fusi\u00f3n y adquisici\u00f3n en ambas regiones y la falta de claridad en cuanto a la posici\u00f3n de la empresa sobre las vacunas contra la COVID-19 y la clasificaci\u00f3n del fallecimiento por esta enfermedad como riesgo laboral.<\/p><p>En la India, donde la direcci\u00f3n de la f\u00e1brica respondi\u00f3 a la pandemia subcontratando m\u00e1s trabajadores precarios, tambi\u00e9n se plantearon preocupaciones. Esta situaci\u00f3n genera malestar no solo a nivel de seguridad, sino tambi\u00e9n en lo que respecta a los derechos sindicales.<\/p><p>Tanto en Asia como en Am\u00e9rica Latina, la direcci\u00f3n les ha dicho a los sindicatos, en varias ocasiones, que las decisiones se toman en el pa\u00eds de or\u00edgen de la empresa, Alemania, y que los socios locales no tienen acceso a estos procesos. Un ejemplo pol\u00e9mico de esto es la participaci\u00f3n en las ganancias y los pagos anuales de bonos, que son temas prioritarios para los empleados latinoamericanos.<\/p><p>Se realizaron debates en profundidad sobre cuestiones relativas a las nuevas tecnolog\u00edas en el trabajo, los EPP, los salarios, las condiciones del teletrabajo, las medidas tomadas para combatir la COVID-19 y los efectos de la reestructuraci\u00f3n en Argentina, Chile, Per\u00fa, India, Indonesia y otros pa\u00edses.<\/p><p>El coordinador de la Red Sindical de BASF en Am\u00e9rica Latina, F\u00e1bio Lins, expres\u00f3:<\/p><blockquote><p>&ldquo;Est\u00e1bamos insatisfechos con la reestructuraci\u00f3n de BASF en nuestra regi\u00f3n, realizada sin la debida consulta con los trabajadores. Queremos que se garanticen empleos en Argentina para aquellos compa\u00f1eros que tanto han aportado a la empresa. Si los despidos son totalmente inevitables, nuestros compa\u00f1eros deben recibir una compensaci\u00f3n adecuada&rdquo;.<\/p><\/blockquote><p>Raghuram, el coordinador de la Red Sindical de BASF en Asia, declar\u00f3:<\/p><blockquote><p>&ldquo;Nuestra red quiere dejar en claro a la direcci\u00f3n de la sede de la empresa que la Red Sindical de BASF en Asia debe ser reconocida. Los trabajadores de esta regi\u00f3n han contribuido mucho aun en pandemia, durante la cual todos hemos trabajado arduamente. Si bien estamos distanciados socialmente, no hay distancias entre los corazones de los trabajadores de BASF&rdquo;.<\/p><\/blockquote><p>Sinischa Horvat, presidente del Comit\u00e9 de Empresa alem\u00e1n de BASF, afirm\u00f3:<\/p><blockquote><p>&ldquo;Nuestra empresa es capaz de tener una red sindical mundial que funcione y sea reconocida, como las que existen en otras multinacionales alemanas. Trabajemos todos juntos hacia ese objetivo&rdquo;.<\/p><\/blockquote><p>El director del sector de productos qu\u00edmicos de IndustriALL, Tom Grinter, declar\u00f3:<\/p><blockquote><p>&ldquo;Este grupo de sindicalistas comprometidos est\u00e1 en un nivel alt\u00edsimo en t\u00e9rminos de profesionalismo, acciones sobre temas clave, comprensi\u00f3n de las megatendencias y herramientas sindicales internacionales. La empresa se beneficiar\u00e1 considerablemente cuando la direcci\u00f3n reconozca a las redes sindicales asi\u00e1ticas y mundiales de BASF como interlocutores sociales oficiales&rdquo;.<\/p><\/blockquote><p><em>Foto: CC BASF. Instalaci\u00f3n de almacenamiento de tanques de BASF en Ludwigshafen. <\/em><\/p>","protected":false},"featured_media":0,"template":"","issues":[],"companies":[15],"regions":[219],"sectors":[477,476],"article_tags":[],"class_list":["post-156604","article","type-article","status-publish","hentry","companies-basf","regions-germany","sectors-chemical","sectors-chemical-pharmaceutical-bio-science"],"acf":[],"yoast_head":"<!-- This site is optimized with the Yoast SEO Premium plugin v27.1 (Yoast SEO v27.1) - https:\/\/yoast.com\/product\/yoast-seo-premium-wordpress\/ -->\n<title>Trabajadores de BASF unidos m\u00e1s all\u00e1 de las fronteras - industriall-union<\/title>\n<meta name=\"description\" content=\"&nbsp;BASF es la empresa de productos qu\u00edmicos m\u00e1s grande del mundo. Con sede en Alemania, sus operaciones en cada continente est\u00e1n a cargo de miembros de\" \/>\n<meta name=\"robots\" content=\"index, follow, max-snippet:-1, max-image-preview:large, max-video-preview:-1\" \/>\n<link rel=\"canonical\" href=\"https:\/\/admin.industriall-union.org\/es\/trabajadores-de-basf-unidos-mas-alla-de-las-fronteras\/\" \/>\n<meta property=\"og:locale\" content=\"es_ES\" \/>\n<meta property=\"og:type\" content=\"article\" \/>\n<meta property=\"og:title\" content=\"Trabajadores de BASF unidos m\u00e1s all\u00e1 de las fronteras\" \/>\n<meta property=\"og:description\" content=\"&nbsp;BASF es la empresa de productos qu\u00edmicos m\u00e1s grande del mundo. Con sede en Alemania, sus operaciones en cada continente est\u00e1n a cargo de miembros de\" \/>\n<meta property=\"og:url\" content=\"https:\/\/admin.industriall-union.org\/es\/trabajadores-de-basf-unidos-mas-alla-de-las-fronteras\/\" \/>\n<meta property=\"og:site_name\" content=\"industriall-union\" \/>\n<meta property=\"article:modified_time\" content=\"2025-01-28T15:26:02+00:00\" \/>\n<meta name=\"twitter:card\" content=\"summary_large_image\" \/>\n<meta name=\"twitter:label1\" content=\"Est. reading time\" \/>\n\t<meta name=\"twitter:data1\" content=\"4 minutes\" \/>\n<script type=\"application\/ld+json\" class=\"yoast-schema-graph\">{\"@context\":\"https:\/\/schema.org\",\"@graph\":[{\"@type\":\"WebPage\",\"@id\":\"https:\/\/admin.industriall-union.org\/es\/trabajadores-de-basf-unidos-mas-alla-de-las-fronteras\/\",\"url\":\"https:\/\/admin.industriall-union.org\/es\/trabajadores-de-basf-unidos-mas-alla-de-las-fronteras\/\",\"name\":\"Trabajadores de BASF unidos m\u00e1s all\u00e1 de las fronteras - industriall-union\",\"isPartOf\":{\"@id\":\"https:\/\/admin.industriall-union.org\/#website\"},\"datePublished\":\"2021-06-22T14:21:23+00:00\",\"dateModified\":\"2025-01-28T15:26:02+00:00\",\"description\":\"&nbsp;BASF es la empresa de productos qu\u00edmicos m\u00e1s grande del mundo. Con sede en Alemania, sus operaciones en cada continente est\u00e1n a cargo de miembros de\",\"breadcrumb\":{\"@id\":\"https:\/\/admin.industriall-union.org\/es\/trabajadores-de-basf-unidos-mas-alla-de-las-fronteras\/#breadcrumb\"},\"inLanguage\":\"es-ES\",\"potentialAction\":[{\"@type\":\"ReadAction\",\"target\":[\"https:\/\/admin.industriall-union.org\/es\/trabajadores-de-basf-unidos-mas-alla-de-las-fronteras\/\"]}]},{\"@type\":\"BreadcrumbList\",\"@id\":\"https:\/\/admin.industriall-union.org\/es\/trabajadores-de-basf-unidos-mas-alla-de-las-fronteras\/#breadcrumb\",\"itemListElement\":[{\"@type\":\"ListItem\",\"position\":1,\"name\":\"Home\",\"item\":\"https:\/\/admin.industriall-union.org\/\"},{\"@type\":\"ListItem\",\"position\":2,\"name\":\"Articles\",\"item\":\"https:\/\/admin.industriall-union.org\/article\/\"},{\"@type\":\"ListItem\",\"position\":3,\"name\":\"Trabajadores de BASF unidos m\u00e1s all\u00e1 de las fronteras\"}]},{\"@type\":\"WebSite\",\"@id\":\"https:\/\/admin.industriall-union.org\/#website\",\"url\":\"https:\/\/admin.industriall-union.org\/\",\"name\":\"industriall-union\",\"description\":\"\",\"potentialAction\":[{\"@type\":\"SearchAction\",\"target\":{\"@type\":\"EntryPoint\",\"urlTemplate\":\"https:\/\/admin.industriall-union.org\/?s={search_term_string}\"},\"query-input\":{\"@type\":\"PropertyValueSpecification\",\"valueRequired\":true,\"valueName\":\"search_term_string\"}}],\"inLanguage\":\"es-ES\"}]}<\/script>\n<!-- \/ Yoast SEO Premium plugin. -->","yoast_head_json":{"title":"Trabajadores de BASF unidos m\u00e1s all\u00e1 de las fronteras - industriall-union","description":"&nbsp;BASF es la empresa de productos qu\u00edmicos m\u00e1s grande del mundo. Con sede en Alemania, sus operaciones en cada continente est\u00e1n a cargo de miembros de","robots":{"index":"index","follow":"follow","max-snippet":"max-snippet:-1","max-image-preview":"max-image-preview:large","max-video-preview":"max-video-preview:-1"},"canonical":"https:\/\/admin.industriall-union.org\/es\/trabajadores-de-basf-unidos-mas-alla-de-las-fronteras\/","og_locale":"es_ES","og_type":"article","og_title":"Trabajadores de BASF unidos m\u00e1s all\u00e1 de las fronteras","og_description":"&nbsp;BASF es la empresa de productos qu\u00edmicos m\u00e1s grande del mundo. Con sede en Alemania, sus operaciones en cada continente est\u00e1n a cargo de miembros de","og_url":"https:\/\/admin.industriall-union.org\/es\/trabajadores-de-basf-unidos-mas-alla-de-las-fronteras\/","og_site_name":"industriall-union","article_modified_time":"2025-01-28T15:26:02+00:00","twitter_card":"summary_large_image","twitter_misc":{"Est. reading time":"4 minutes"},"schema":{"@context":"https:\/\/schema.org","@graph":[{"@type":"WebPage","@id":"https:\/\/admin.industriall-union.org\/es\/trabajadores-de-basf-unidos-mas-alla-de-las-fronteras\/","url":"https:\/\/admin.industriall-union.org\/es\/trabajadores-de-basf-unidos-mas-alla-de-las-fronteras\/","name":"Trabajadores de BASF unidos m\u00e1s all\u00e1 de las fronteras - industriall-union","isPartOf":{"@id":"https:\/\/admin.industriall-union.org\/#website"},"datePublished":"2021-06-22T14:21:23+00:00","dateModified":"2025-01-28T15:26:02+00:00","description":"&nbsp;BASF es la empresa de productos qu\u00edmicos m\u00e1s grande del mundo. Con sede en Alemania, sus operaciones en cada continente est\u00e1n a cargo de miembros de","breadcrumb":{"@id":"https:\/\/admin.industriall-union.org\/es\/trabajadores-de-basf-unidos-mas-alla-de-las-fronteras\/#breadcrumb"},"inLanguage":"es-ES","potentialAction":[{"@type":"ReadAction","target":["https:\/\/admin.industriall-union.org\/es\/trabajadores-de-basf-unidos-mas-alla-de-las-fronteras\/"]}]},{"@type":"BreadcrumbList","@id":"https:\/\/admin.industriall-union.org\/es\/trabajadores-de-basf-unidos-mas-alla-de-las-fronteras\/#breadcrumb","itemListElement":[{"@type":"ListItem","position":1,"name":"Home","item":"https:\/\/admin.industriall-union.org\/"},{"@type":"ListItem","position":2,"name":"Articles","item":"https:\/\/admin.industriall-union.org\/article\/"},{"@type":"ListItem","position":3,"name":"Trabajadores de BASF unidos m\u00e1s all\u00e1 de las fronteras"}]},{"@type":"WebSite","@id":"https:\/\/admin.industriall-union.org\/#website","url":"https:\/\/admin.industriall-union.org\/","name":"industriall-union","description":"","potentialAction":[{"@type":"SearchAction","target":{"@type":"EntryPoint","urlTemplate":"https:\/\/admin.industriall-union.org\/?s={search_term_string}"},"query-input":{"@type":"PropertyValueSpecification","valueRequired":true,"valueName":"search_term_string"}}],"inLanguage":"es-ES"}]}},"_links":{"self":[{"href":"https:\/\/admin.industriall-union.org\/es\/wp-json\/wp\/v2\/article\/156604","targetHints":{"allow":["GET"]}}],"collection":[{"href":"https:\/\/admin.industriall-union.org\/es\/wp-json\/wp\/v2\/article"}],"about":[{"href":"https:\/\/admin.industriall-union.org\/es\/wp-json\/wp\/v2\/types\/article"}],"wp:attachment":[{"href":"https:\/\/admin.industriall-union.org\/es\/wp-json\/wp\/v2\/media?parent=156604"}],"wp:term":[{"taxonomy":"issues","embeddable":true,"href":"https:\/\/admin.industriall-union.org\/es\/wp-json\/wp\/v2\/issues?post=156604"},{"taxonomy":"companies","embeddable":true,"href":"https:\/\/admin.industriall-union.org\/es\/wp-json\/wp\/v2\/companies?post=156604"},{"taxonomy":"regions","embeddable":true,"href":"https:\/\/admin.industriall-union.org\/es\/wp-json\/wp\/v2\/regions?post=156604"},{"taxonomy":"sectors","embeddable":true,"href":"https:\/\/admin.industriall-union.org\/es\/wp-json\/wp\/v2\/sectors?post=156604"},{"taxonomy":"article_tags","embeddable":true,"href":"https:\/\/admin.industriall-union.org\/es\/wp-json\/wp\/v2\/article_tags?post=156604"}],"curies":[{"name":"wp","href":"https:\/\/api.w.org\/{rel}","templated":true}]}}