{"id":156537,"date":"2021-07-08T14:04:43","date_gmt":"2021-07-08T14:04:43","guid":{"rendered":"https:\/\/admin.industriall-union.org\/clinicas-administradas-por-el-sindicato-del-sector-de-la-confeccion-de-sudafrica-certificadas-para-vacunar-contra-la-covid-19\/"},"modified":"2025-01-28T09:47:50","modified_gmt":"2025-01-28T09:47:50","slug":"clinicas-administradas-por-el-sindicato-del-sector-de-la-confeccion-de-sudafrica-certificadas-para-vacunar-contra-la-covid-19","status":"publish","type":"article","link":"https:\/\/admin.industriall-union.org\/es\/clinicas-administradas-por-el-sindicato-del-sector-de-la-confeccion-de-sudafrica-certificadas-para-vacunar-contra-la-covid-19\/","title":{"rendered":"Cl\u00ednicas administradas por el sindicato del sector de la confecci\u00f3n de Sud\u00e1frica certificadas para vacunar contra la COVID-19"},"content":{"rendered":"<p>El 3 de julio, en un ensayo realizado en una cl\u00ednica en Durban, 15 trabajadores recibieron sus dosis. Estas cl\u00ednicas, que tienen capacidad para vacunar al menos 6000 trabajadores por semana, estar\u00e1n vinculadas al programa nacional de vacunaci\u00f3n.<\/p><p>Las cl\u00ednicas administradas por el sindicato han estado brindando asistencia m\u00e9dica a los trabajadores de la confecci\u00f3n durante varias d\u00e9cadas (la primera se estableci\u00f3 en 1942) y forman parte de la estrategia del sindicato en materia de salud y seguridad. Se gestionan con el apoyo del Consejo Nacional de Negociaci\u00f3n para la Industria de la Confecci\u00f3n en el marco del sistema tripartito de relaciones laborales de Sud\u00e1frica.<\/p><p>Los esfuerzos del sindicato est\u00e1n contribuyendo a un programa nacional destinado a vacunar a la mayor cantidad posible de personas para combatir una ola devastadora de contagios de COVID-19, que se han multiplicado recientemente debido a la variante Delta, la m\u00e1s contagiosa, que ahora domina el pa\u00eds. Los sindicatos han expresado preocupaci\u00f3n por la lentitud de la vacunaci\u00f3n.<\/p><p>Andre Kriel, secretario general del SACTWU, expres\u00f3:<\/p><blockquote><p>&ldquo;Este emocionante avance sigue a la reciente conclusi\u00f3n de negociaciones exitosas para un hist\u00f3rico acuerdo marco sobre la vacunaci\u00f3n COVID-19 para nuestra industria, firmado entre el SACTWU y todas las asociaciones de empleadores del sector de la confecci\u00f3n en abril. Parte del acuerdo marco establece que pondremos a disposici\u00f3n nuestras cl\u00ednicas industriales y su personal m\u00e9dico calificado para colaborar con la campa\u00f1a de vacunaci\u00f3n contra la COVID-19&rdquo;.<\/p><\/blockquote><p>Paule France Ndessomin, secretaria regional de IndustriALL para \u00c1frica Subsahariana, declar\u00f3:<\/p><blockquote><p>&ldquo;Felicitamos los esfuerzos de SACTWU, un sindicato l\u00edder en la campa\u00f1a de prevenci\u00f3n y vacunaci\u00f3n para contener la COVID-19 en las f\u00e1bricas y lugares de trabajo. Es importante que el sindicato haya integrado esta enfermedad en sus actividades de salud y seguridad, lo que justifica por qu\u00e9 la COVID-19 debe ser reconocida como una enfermedad laboral&rdquo;.<\/p><\/blockquote><p>Con m\u00e1s de 63.000 fallecimientos, Sud\u00e1frica presenta la tasa de infecci\u00f3n por COVID-19 m\u00e1s alta de \u00c1frica Subsahariana. Seg\u00fan el Consejo de Investigaci\u00f3n M\u00e9dica de Sud\u00e1frica, se ha registrado un exceso de mortalidad de m\u00e1s de 176.700 muertes en el pa\u00eds desde el brote de la pandemia.<\/p><p>Adem\u00e1s, seg\u00fan el Departamento de Salud, el 7 de julio, el pa\u00eds africano ten\u00eda 195.493 casos activos y 411 muertes diarias por complicaciones relacionadas con la COVID-19. Sud\u00e1frica registra 21.427 nuevas infecciones por d\u00eda. Hasta ahora se han vacunado 3.819.730 personas, pero esta cifra es demasiado baja comparaci\u00f3n con los 40 millones de personas a las que se pretende vacunar para lograr la inmunidad colectiva. Los informes indican que algunos de los hospitales del pa\u00eds en los lugares m\u00e1s afectados por la enfermedad, como Johannesburgo, se est\u00e1n quedando sin camas de hospital para pacientes que necesitan internaci\u00f3n.<\/p>","protected":false},"featured_media":0,"template":"","issues":[362],"companies":[],"regions":[350,311],"sectors":[464],"article_tags":[],"class_list":["post-156537","article","type-article","status-publish","hentry","issues-covid-19","regions-south-africa","regions-sub-saharan-africa","sectors-textile-leather-garment-shoes-and-textile-services"],"acf":[],"yoast_head":"<!-- This site is optimized with the Yoast SEO Premium plugin v27.1 (Yoast SEO v27.1) - https:\/\/yoast.com\/product\/yoast-seo-premium-wordpress\/ -->\n<title>Cl\u00ednicas administradas por el sindicato del sector de la confecci\u00f3n de Sud\u00e1frica certificadas para vacunar contra la COVID-19 - industriall-union<\/title>\n<meta name=\"description\" content=\"El 3 de julio, en un ensayo realizado en una cl\u00ednica en Durban, 15 trabajadores recibieron sus dosis. Estas cl\u00ednicas, que tienen capacidad para vacunar al\" \/>\n<meta name=\"robots\" content=\"index, follow, max-snippet:-1, max-image-preview:large, max-video-preview:-1\" \/>\n<link rel=\"canonical\" href=\"https:\/\/admin.industriall-union.org\/es\/clinicas-administradas-por-el-sindicato-del-sector-de-la-confeccion-de-sudafrica-certificadas-para-vacunar-contra-la-covid-19\/\" \/>\n<meta property=\"og:locale\" content=\"es_ES\" \/>\n<meta property=\"og:type\" content=\"article\" \/>\n<meta property=\"og:title\" content=\"Cl\u00ednicas administradas por el sindicato del sector de la confecci\u00f3n de Sud\u00e1frica certificadas para vacunar contra la COVID-19\" \/>\n<meta property=\"og:description\" content=\"El 3 de julio, en un ensayo realizado en una cl\u00ednica en Durban, 15 trabajadores recibieron sus dosis. Estas cl\u00ednicas, que tienen capacidad para vacunar al\" \/>\n<meta property=\"og:url\" content=\"https:\/\/admin.industriall-union.org\/es\/clinicas-administradas-por-el-sindicato-del-sector-de-la-confeccion-de-sudafrica-certificadas-para-vacunar-contra-la-covid-19\/\" \/>\n<meta property=\"og:site_name\" content=\"industriall-union\" \/>\n<meta property=\"article:modified_time\" content=\"2025-01-28T09:47:50+00:00\" \/>\n<meta name=\"twitter:card\" content=\"summary_large_image\" \/>\n<meta name=\"twitter:label1\" content=\"Est. reading time\" \/>\n\t<meta name=\"twitter:data1\" content=\"2 minutes\" \/>\n<script type=\"application\/ld+json\" class=\"yoast-schema-graph\">{\"@context\":\"https:\/\/schema.org\",\"@graph\":[{\"@type\":\"WebPage\",\"@id\":\"https:\/\/admin.industriall-union.org\/es\/clinicas-administradas-por-el-sindicato-del-sector-de-la-confeccion-de-sudafrica-certificadas-para-vacunar-contra-la-covid-19\/\",\"url\":\"https:\/\/admin.industriall-union.org\/es\/clinicas-administradas-por-el-sindicato-del-sector-de-la-confeccion-de-sudafrica-certificadas-para-vacunar-contra-la-covid-19\/\",\"name\":\"Cl\u00ednicas administradas por el sindicato del sector de la confecci\u00f3n de Sud\u00e1frica certificadas para vacunar contra la COVID-19 - industriall-union\",\"isPartOf\":{\"@id\":\"https:\/\/admin.industriall-union.org\/#website\"},\"datePublished\":\"2021-07-08T14:04:43+00:00\",\"dateModified\":\"2025-01-28T09:47:50+00:00\",\"description\":\"El 3 de julio, en un ensayo realizado en una cl\u00ednica en Durban, 15 trabajadores recibieron sus dosis. Estas cl\u00ednicas, que tienen capacidad para vacunar al\",\"breadcrumb\":{\"@id\":\"https:\/\/admin.industriall-union.org\/es\/clinicas-administradas-por-el-sindicato-del-sector-de-la-confeccion-de-sudafrica-certificadas-para-vacunar-contra-la-covid-19\/#breadcrumb\"},\"inLanguage\":\"es-ES\",\"potentialAction\":[{\"@type\":\"ReadAction\",\"target\":[\"https:\/\/admin.industriall-union.org\/es\/clinicas-administradas-por-el-sindicato-del-sector-de-la-confeccion-de-sudafrica-certificadas-para-vacunar-contra-la-covid-19\/\"]}]},{\"@type\":\"BreadcrumbList\",\"@id\":\"https:\/\/admin.industriall-union.org\/es\/clinicas-administradas-por-el-sindicato-del-sector-de-la-confeccion-de-sudafrica-certificadas-para-vacunar-contra-la-covid-19\/#breadcrumb\",\"itemListElement\":[{\"@type\":\"ListItem\",\"position\":1,\"name\":\"Home\",\"item\":\"https:\/\/admin.industriall-union.org\/\"},{\"@type\":\"ListItem\",\"position\":2,\"name\":\"Articles\",\"item\":\"https:\/\/admin.industriall-union.org\/article\/\"},{\"@type\":\"ListItem\",\"position\":3,\"name\":\"Cl\u00ednicas administradas por el sindicato del sector de la confecci\u00f3n de Sud\u00e1frica certificadas para vacunar contra la COVID-19\"}]},{\"@type\":\"WebSite\",\"@id\":\"https:\/\/admin.industriall-union.org\/#website\",\"url\":\"https:\/\/admin.industriall-union.org\/\",\"name\":\"industriall-union\",\"description\":\"\",\"potentialAction\":[{\"@type\":\"SearchAction\",\"target\":{\"@type\":\"EntryPoint\",\"urlTemplate\":\"https:\/\/admin.industriall-union.org\/?s={search_term_string}\"},\"query-input\":{\"@type\":\"PropertyValueSpecification\",\"valueRequired\":true,\"valueName\":\"search_term_string\"}}],\"inLanguage\":\"es-ES\"}]}<\/script>\n<!-- \/ Yoast SEO Premium plugin. -->","yoast_head_json":{"title":"Cl\u00ednicas administradas por el sindicato del sector de la confecci\u00f3n de Sud\u00e1frica certificadas para vacunar contra la COVID-19 - industriall-union","description":"El 3 de julio, en un ensayo realizado en una cl\u00ednica en Durban, 15 trabajadores recibieron sus dosis. Estas cl\u00ednicas, que tienen capacidad para vacunar al","robots":{"index":"index","follow":"follow","max-snippet":"max-snippet:-1","max-image-preview":"max-image-preview:large","max-video-preview":"max-video-preview:-1"},"canonical":"https:\/\/admin.industriall-union.org\/es\/clinicas-administradas-por-el-sindicato-del-sector-de-la-confeccion-de-sudafrica-certificadas-para-vacunar-contra-la-covid-19\/","og_locale":"es_ES","og_type":"article","og_title":"Cl\u00ednicas administradas por el sindicato del sector de la confecci\u00f3n de Sud\u00e1frica certificadas para vacunar contra la COVID-19","og_description":"El 3 de julio, en un ensayo realizado en una cl\u00ednica en Durban, 15 trabajadores recibieron sus dosis. Estas cl\u00ednicas, que tienen capacidad para vacunar al","og_url":"https:\/\/admin.industriall-union.org\/es\/clinicas-administradas-por-el-sindicato-del-sector-de-la-confeccion-de-sudafrica-certificadas-para-vacunar-contra-la-covid-19\/","og_site_name":"industriall-union","article_modified_time":"2025-01-28T09:47:50+00:00","twitter_card":"summary_large_image","twitter_misc":{"Est. reading time":"2 minutes"},"schema":{"@context":"https:\/\/schema.org","@graph":[{"@type":"WebPage","@id":"https:\/\/admin.industriall-union.org\/es\/clinicas-administradas-por-el-sindicato-del-sector-de-la-confeccion-de-sudafrica-certificadas-para-vacunar-contra-la-covid-19\/","url":"https:\/\/admin.industriall-union.org\/es\/clinicas-administradas-por-el-sindicato-del-sector-de-la-confeccion-de-sudafrica-certificadas-para-vacunar-contra-la-covid-19\/","name":"Cl\u00ednicas administradas por el sindicato del sector de la confecci\u00f3n de Sud\u00e1frica certificadas para vacunar contra la COVID-19 - industriall-union","isPartOf":{"@id":"https:\/\/admin.industriall-union.org\/#website"},"datePublished":"2021-07-08T14:04:43+00:00","dateModified":"2025-01-28T09:47:50+00:00","description":"El 3 de julio, en un ensayo realizado en una cl\u00ednica en Durban, 15 trabajadores recibieron sus dosis. Estas cl\u00ednicas, que tienen capacidad para vacunar al","breadcrumb":{"@id":"https:\/\/admin.industriall-union.org\/es\/clinicas-administradas-por-el-sindicato-del-sector-de-la-confeccion-de-sudafrica-certificadas-para-vacunar-contra-la-covid-19\/#breadcrumb"},"inLanguage":"es-ES","potentialAction":[{"@type":"ReadAction","target":["https:\/\/admin.industriall-union.org\/es\/clinicas-administradas-por-el-sindicato-del-sector-de-la-confeccion-de-sudafrica-certificadas-para-vacunar-contra-la-covid-19\/"]}]},{"@type":"BreadcrumbList","@id":"https:\/\/admin.industriall-union.org\/es\/clinicas-administradas-por-el-sindicato-del-sector-de-la-confeccion-de-sudafrica-certificadas-para-vacunar-contra-la-covid-19\/#breadcrumb","itemListElement":[{"@type":"ListItem","position":1,"name":"Home","item":"https:\/\/admin.industriall-union.org\/"},{"@type":"ListItem","position":2,"name":"Articles","item":"https:\/\/admin.industriall-union.org\/article\/"},{"@type":"ListItem","position":3,"name":"Cl\u00ednicas administradas por el sindicato del sector de la confecci\u00f3n de Sud\u00e1frica certificadas para vacunar contra la COVID-19"}]},{"@type":"WebSite","@id":"https:\/\/admin.industriall-union.org\/#website","url":"https:\/\/admin.industriall-union.org\/","name":"industriall-union","description":"","potentialAction":[{"@type":"SearchAction","target":{"@type":"EntryPoint","urlTemplate":"https:\/\/admin.industriall-union.org\/?s={search_term_string}"},"query-input":{"@type":"PropertyValueSpecification","valueRequired":true,"valueName":"search_term_string"}}],"inLanguage":"es-ES"}]}},"_links":{"self":[{"href":"https:\/\/admin.industriall-union.org\/es\/wp-json\/wp\/v2\/article\/156537","targetHints":{"allow":["GET"]}}],"collection":[{"href":"https:\/\/admin.industriall-union.org\/es\/wp-json\/wp\/v2\/article"}],"about":[{"href":"https:\/\/admin.industriall-union.org\/es\/wp-json\/wp\/v2\/types\/article"}],"wp:attachment":[{"href":"https:\/\/admin.industriall-union.org\/es\/wp-json\/wp\/v2\/media?parent=156537"}],"wp:term":[{"taxonomy":"issues","embeddable":true,"href":"https:\/\/admin.industriall-union.org\/es\/wp-json\/wp\/v2\/issues?post=156537"},{"taxonomy":"companies","embeddable":true,"href":"https:\/\/admin.industriall-union.org\/es\/wp-json\/wp\/v2\/companies?post=156537"},{"taxonomy":"regions","embeddable":true,"href":"https:\/\/admin.industriall-union.org\/es\/wp-json\/wp\/v2\/regions?post=156537"},{"taxonomy":"sectors","embeddable":true,"href":"https:\/\/admin.industriall-union.org\/es\/wp-json\/wp\/v2\/sectors?post=156537"},{"taxonomy":"article_tags","embeddable":true,"href":"https:\/\/admin.industriall-union.org\/es\/wp-json\/wp\/v2\/article_tags?post=156537"}],"curies":[{"name":"wp","href":"https:\/\/api.w.org\/{rel}","templated":true}]}}