{"id":156518,"date":"2021-07-09T19:32:46","date_gmt":"2021-07-09T19:32:46","guid":{"rendered":"https:\/\/admin.industriall-union.org\/trabajadores-latinoamericanos-del-sector-electronico-buscan-sindicalizar-la-cadena-de-suministro\/"},"modified":"2025-01-28T09:47:32","modified_gmt":"2025-01-28T09:47:32","slug":"trabajadores-latinoamericanos-del-sector-electronico-buscan-sindicalizar-la-cadena-de-suministro","status":"publish","type":"article","link":"https:\/\/admin.industriall-union.org\/es\/trabajadores-latinoamericanos-del-sector-electronico-buscan-sindicalizar-la-cadena-de-suministro\/","title":{"rendered":"Trabajadores latinoamericanos del sector electr\u00f3nico buscan sindicalizar la cadena de suministro"},"content":{"rendered":"<p>Durante la reuni\u00f3n en l\u00ednea, los participantes hablaron sobre la industria electr\u00f3nica y la sindicalizaci\u00f3n a nivel global y regional. El director de IndustriALL para el sector electr\u00f3nico, Kan Matsuzaki, asegur\u00f3 que la tendencia es que el 60% de las principales 20 empresas que dominan el mercado, tengan una densidad sindical muy baja o inexistente.<\/p><p>Mencion\u00f3 que los pa\u00edses de Asia donde se fabrican productos electr\u00f3nicos, no ratificaron la libertad de asociaci\u00f3n y de negociaci\u00f3n colectiva de los convenios de la OIT. Por ende, los pa\u00edses latinoamericanos tienen que competir contra un mercado donde no respetan los derechos de los trabajadores.<\/p><p>Al mismo tiempo, las principales 10 empresas de servicios de manufactura de productos electr\u00f3nicos (como Foxconn o Pegatron) emplean a medio mill\u00f3n de trabajadores y tienen una densidad sindical muy baja. Explic\u00f3 que IndustriALL est\u00e1 tratando de que los trabajadores se contacten y se organicen.<\/p><p>Por su parte, los dirigentes sindicales hablaron de cu\u00e1l es la situaci\u00f3n en sus pa\u00edses. Maria Ros\u00e1ngela Lopes de la CNM\/CUT (afiliada a IndustriALL en Brasil) dijo que en el gigante sudamericano est\u00e1n empresas como Foxconn, Hitachi, Fenex, Inatel e Intelbras, donde hacen un trabajo permanente para sindicalizar.<\/p><p>&ldquo;El problema es que muchas de estas empresas se resisten a negociar un acuerdo colectivo con los sindicatos. No quieren tener un convenio \u00fanico, prefieren tener acuerdos aislados para tickets de alimentaci\u00f3n, otro de horas trabajadas, pero no quieren negociar temas como ajustes de salarios, a pesar de las ganancias que tienen.&rdquo;<\/p><p>En tanto, los dirigentes sindicales de M\u00e9xico explicaron que muchas de las empresas del sector tercerizan a sus trabajadores, lo que hace que tengan empleos precarios y que no puedan organizarse en un sindicato.<\/p><p>En el encuentro tambi\u00e9n debatieron sobre el cambio de paradigma que est\u00e1n atravesando muchas empresas del sector. Por ejemplo en Siemens, la cual tiene una divisi\u00f3n de energ\u00eda que clasifica como un derivado de la empresa. Si bien IndustriALL tiene un <a href=\"http:\/\/www.industriall-union.org\/es\/la-industriall-firma-un-amm-con-siemens\" target=\"_self\">Acuerdo Marco Global<\/a> con ellos, el mismo no cubre a la empresa derivada. Por eso, acordaron que es muy importante desarrollar una estrategia en la cadena de suministro para organizar a los trabajadores.<\/p><p>La secretaria regional adjunta de IndustriALL, Laura Carter dijo&nbsp;al respecto:<\/p><blockquote><p>&ldquo;M\u00e1s del 90% se produce por trabajadores de las cadenas de suministro. Si no las entendemos bien, es muy dif\u00edcil defender a los trabajadores. Tenemos que apoyar el trabajo decente en las cadenas de suministro, a trav\u00e9s de la debida diligencia. Las empresas tienen que saber cu\u00e1les son los riesgos y respetar los derechos de sus trabajadores.&rdquo;<\/p><\/blockquote><p>Finalmente, los trabajadores acordaron que impulsar\u00e1n la construcci\u00f3n de redes sindicales por empresa en los subsectores. A su vez, realizar\u00e1n un mapeo de las empresas del sector para ver d\u00f3nde y c\u00f3mo sindicalizar a los trabajadores de las cadenas de suministro. Adem\u00e1s, van a desarrollar un seminario sobre c\u00f3mo desarrollar acciones sindicales para las empresas que manufacturan productos electr\u00f3nicos para las grandes marcas del sector electr\u00f3nico.<\/p>","protected":false},"featured_media":0,"template":"","issues":[415,425],"companies":[],"regions":[254],"sectors":[439],"article_tags":[505,511],"class_list":["post-156518","article","type-article","status-publish","hentry","issues-stop-precarious-work","issues-workers-rights","regions-latin-america-and-the-caribbean","sectors-itc-electricidad-y-electronica","article_tags-collective-bargaining","article_tags-industriall"],"acf":[],"yoast_head":"<!-- This site is optimized with the Yoast SEO Premium plugin v27.1 (Yoast SEO v27.1) - https:\/\/yoast.com\/product\/yoast-seo-premium-wordpress\/ -->\n<title>Trabajadores latinoamericanos del sector electr\u00f3nico buscan sindicalizar la cadena de suministro - industriall-union<\/title>\n<meta name=\"description\" content=\"Durante la reuni\u00f3n en l\u00ednea, los participantes hablaron sobre la industria electr\u00f3nica y la sindicalizaci\u00f3n a nivel global y regional. El director de\" \/>\n<meta name=\"robots\" content=\"index, follow, max-snippet:-1, max-image-preview:large, max-video-preview:-1\" \/>\n<link rel=\"canonical\" href=\"https:\/\/admin.industriall-union.org\/es\/trabajadores-latinoamericanos-del-sector-electronico-buscan-sindicalizar-la-cadena-de-suministro\/\" \/>\n<meta property=\"og:locale\" content=\"es_ES\" \/>\n<meta property=\"og:type\" content=\"article\" \/>\n<meta property=\"og:title\" content=\"Trabajadores latinoamericanos del sector electr\u00f3nico buscan sindicalizar la cadena de suministro\" \/>\n<meta property=\"og:description\" content=\"Durante la reuni\u00f3n en l\u00ednea, los participantes hablaron sobre la industria electr\u00f3nica y la sindicalizaci\u00f3n a nivel global y regional. El director de\" \/>\n<meta property=\"og:url\" content=\"https:\/\/admin.industriall-union.org\/es\/trabajadores-latinoamericanos-del-sector-electronico-buscan-sindicalizar-la-cadena-de-suministro\/\" \/>\n<meta property=\"og:site_name\" content=\"industriall-union\" \/>\n<meta property=\"article:modified_time\" content=\"2025-01-28T09:47:32+00:00\" \/>\n<meta name=\"twitter:card\" content=\"summary_large_image\" \/>\n<meta name=\"twitter:label1\" content=\"Est. reading time\" \/>\n\t<meta name=\"twitter:data1\" content=\"3 minutes\" \/>\n<script type=\"application\/ld+json\" class=\"yoast-schema-graph\">{\"@context\":\"https:\/\/schema.org\",\"@graph\":[{\"@type\":\"WebPage\",\"@id\":\"https:\/\/admin.industriall-union.org\/es\/trabajadores-latinoamericanos-del-sector-electronico-buscan-sindicalizar-la-cadena-de-suministro\/\",\"url\":\"https:\/\/admin.industriall-union.org\/es\/trabajadores-latinoamericanos-del-sector-electronico-buscan-sindicalizar-la-cadena-de-suministro\/\",\"name\":\"Trabajadores latinoamericanos del sector electr\u00f3nico buscan sindicalizar la cadena de suministro - industriall-union\",\"isPartOf\":{\"@id\":\"https:\/\/admin.industriall-union.org\/#website\"},\"datePublished\":\"2021-07-09T19:32:46+00:00\",\"dateModified\":\"2025-01-28T09:47:32+00:00\",\"description\":\"Durante la reuni\u00f3n en l\u00ednea, los participantes hablaron sobre la industria electr\u00f3nica y la sindicalizaci\u00f3n a nivel global y regional. El director de\",\"breadcrumb\":{\"@id\":\"https:\/\/admin.industriall-union.org\/es\/trabajadores-latinoamericanos-del-sector-electronico-buscan-sindicalizar-la-cadena-de-suministro\/#breadcrumb\"},\"inLanguage\":\"es-ES\",\"potentialAction\":[{\"@type\":\"ReadAction\",\"target\":[\"https:\/\/admin.industriall-union.org\/es\/trabajadores-latinoamericanos-del-sector-electronico-buscan-sindicalizar-la-cadena-de-suministro\/\"]}]},{\"@type\":\"BreadcrumbList\",\"@id\":\"https:\/\/admin.industriall-union.org\/es\/trabajadores-latinoamericanos-del-sector-electronico-buscan-sindicalizar-la-cadena-de-suministro\/#breadcrumb\",\"itemListElement\":[{\"@type\":\"ListItem\",\"position\":1,\"name\":\"Home\",\"item\":\"https:\/\/admin.industriall-union.org\/\"},{\"@type\":\"ListItem\",\"position\":2,\"name\":\"Articles\",\"item\":\"https:\/\/admin.industriall-union.org\/article\/\"},{\"@type\":\"ListItem\",\"position\":3,\"name\":\"Trabajadores latinoamericanos del sector electr\u00f3nico buscan sindicalizar la cadena de suministro\"}]},{\"@type\":\"WebSite\",\"@id\":\"https:\/\/admin.industriall-union.org\/#website\",\"url\":\"https:\/\/admin.industriall-union.org\/\",\"name\":\"industriall-union\",\"description\":\"\",\"potentialAction\":[{\"@type\":\"SearchAction\",\"target\":{\"@type\":\"EntryPoint\",\"urlTemplate\":\"https:\/\/admin.industriall-union.org\/?s={search_term_string}\"},\"query-input\":{\"@type\":\"PropertyValueSpecification\",\"valueRequired\":true,\"valueName\":\"search_term_string\"}}],\"inLanguage\":\"es-ES\"}]}<\/script>\n<!-- \/ Yoast SEO Premium plugin. -->","yoast_head_json":{"title":"Trabajadores latinoamericanos del sector electr\u00f3nico buscan sindicalizar la cadena de suministro - industriall-union","description":"Durante la reuni\u00f3n en l\u00ednea, los participantes hablaron sobre la industria electr\u00f3nica y la sindicalizaci\u00f3n a nivel global y regional. El director de","robots":{"index":"index","follow":"follow","max-snippet":"max-snippet:-1","max-image-preview":"max-image-preview:large","max-video-preview":"max-video-preview:-1"},"canonical":"https:\/\/admin.industriall-union.org\/es\/trabajadores-latinoamericanos-del-sector-electronico-buscan-sindicalizar-la-cadena-de-suministro\/","og_locale":"es_ES","og_type":"article","og_title":"Trabajadores latinoamericanos del sector electr\u00f3nico buscan sindicalizar la cadena de suministro","og_description":"Durante la reuni\u00f3n en l\u00ednea, los participantes hablaron sobre la industria electr\u00f3nica y la sindicalizaci\u00f3n a nivel global y regional. El director de","og_url":"https:\/\/admin.industriall-union.org\/es\/trabajadores-latinoamericanos-del-sector-electronico-buscan-sindicalizar-la-cadena-de-suministro\/","og_site_name":"industriall-union","article_modified_time":"2025-01-28T09:47:32+00:00","twitter_card":"summary_large_image","twitter_misc":{"Est. reading time":"3 minutes"},"schema":{"@context":"https:\/\/schema.org","@graph":[{"@type":"WebPage","@id":"https:\/\/admin.industriall-union.org\/es\/trabajadores-latinoamericanos-del-sector-electronico-buscan-sindicalizar-la-cadena-de-suministro\/","url":"https:\/\/admin.industriall-union.org\/es\/trabajadores-latinoamericanos-del-sector-electronico-buscan-sindicalizar-la-cadena-de-suministro\/","name":"Trabajadores latinoamericanos del sector electr\u00f3nico buscan sindicalizar la cadena de suministro - industriall-union","isPartOf":{"@id":"https:\/\/admin.industriall-union.org\/#website"},"datePublished":"2021-07-09T19:32:46+00:00","dateModified":"2025-01-28T09:47:32+00:00","description":"Durante la reuni\u00f3n en l\u00ednea, los participantes hablaron sobre la industria electr\u00f3nica y la sindicalizaci\u00f3n a nivel global y regional. El director de","breadcrumb":{"@id":"https:\/\/admin.industriall-union.org\/es\/trabajadores-latinoamericanos-del-sector-electronico-buscan-sindicalizar-la-cadena-de-suministro\/#breadcrumb"},"inLanguage":"es-ES","potentialAction":[{"@type":"ReadAction","target":["https:\/\/admin.industriall-union.org\/es\/trabajadores-latinoamericanos-del-sector-electronico-buscan-sindicalizar-la-cadena-de-suministro\/"]}]},{"@type":"BreadcrumbList","@id":"https:\/\/admin.industriall-union.org\/es\/trabajadores-latinoamericanos-del-sector-electronico-buscan-sindicalizar-la-cadena-de-suministro\/#breadcrumb","itemListElement":[{"@type":"ListItem","position":1,"name":"Home","item":"https:\/\/admin.industriall-union.org\/"},{"@type":"ListItem","position":2,"name":"Articles","item":"https:\/\/admin.industriall-union.org\/article\/"},{"@type":"ListItem","position":3,"name":"Trabajadores latinoamericanos del sector electr\u00f3nico buscan sindicalizar la cadena de suministro"}]},{"@type":"WebSite","@id":"https:\/\/admin.industriall-union.org\/#website","url":"https:\/\/admin.industriall-union.org\/","name":"industriall-union","description":"","potentialAction":[{"@type":"SearchAction","target":{"@type":"EntryPoint","urlTemplate":"https:\/\/admin.industriall-union.org\/?s={search_term_string}"},"query-input":{"@type":"PropertyValueSpecification","valueRequired":true,"valueName":"search_term_string"}}],"inLanguage":"es-ES"}]}},"_links":{"self":[{"href":"https:\/\/admin.industriall-union.org\/es\/wp-json\/wp\/v2\/article\/156518","targetHints":{"allow":["GET"]}}],"collection":[{"href":"https:\/\/admin.industriall-union.org\/es\/wp-json\/wp\/v2\/article"}],"about":[{"href":"https:\/\/admin.industriall-union.org\/es\/wp-json\/wp\/v2\/types\/article"}],"wp:attachment":[{"href":"https:\/\/admin.industriall-union.org\/es\/wp-json\/wp\/v2\/media?parent=156518"}],"wp:term":[{"taxonomy":"issues","embeddable":true,"href":"https:\/\/admin.industriall-union.org\/es\/wp-json\/wp\/v2\/issues?post=156518"},{"taxonomy":"companies","embeddable":true,"href":"https:\/\/admin.industriall-union.org\/es\/wp-json\/wp\/v2\/companies?post=156518"},{"taxonomy":"regions","embeddable":true,"href":"https:\/\/admin.industriall-union.org\/es\/wp-json\/wp\/v2\/regions?post=156518"},{"taxonomy":"sectors","embeddable":true,"href":"https:\/\/admin.industriall-union.org\/es\/wp-json\/wp\/v2\/sectors?post=156518"},{"taxonomy":"article_tags","embeddable":true,"href":"https:\/\/admin.industriall-union.org\/es\/wp-json\/wp\/v2\/article_tags?post=156518"}],"curies":[{"name":"wp","href":"https:\/\/api.w.org\/{rel}","templated":true}]}}