{"id":156445,"date":"2021-07-29T14:57:35","date_gmt":"2021-07-29T14:57:35","guid":{"rendered":"https:\/\/admin.industriall-union.org\/trabajadores-del-cemento-albaneses-celebran-la-firma-de-un-convenio-colectivo-en-elbasan\/"},"modified":"2025-01-28T09:15:12","modified_gmt":"2025-01-28T09:15:12","slug":"trabajadores-del-cemento-albaneses-celebran-la-firma-de-un-convenio-colectivo-en-elbasan","status":"publish","type":"article","link":"https:\/\/admin.industriall-union.org\/es\/trabajadores-del-cemento-albaneses-celebran-la-firma-de-un-convenio-colectivo-en-elbasan\/","title":{"rendered":"Trabajadores del cemento albaneses celebran la firma de un convenio colectivo en Elbasan"},"content":{"rendered":"<p>El convenio, que tendr\u00e1 validez por dos a\u00f1os, mejora considerablemente las condiciones de trabajo y la remuneraci\u00f3n de los 560 trabajadores en la f\u00e1brica de cemento del distrito de Elbasan, Albania.<\/p><p>El presidente del SPMSH, Gezim Kalaja, quien junto con el delegado sindical Skender Ndregjoni firm\u00f3 el convenio por parte del sindicato, expres\u00f3:<\/p><blockquote><p>&ldquo;Esta victoria es el resultado del poder de la negociaci\u00f3n colectiva y del poder de nuestro sindicato en Albania. Con la firma de este convenio colectivo, el SPMSH hace frente a la crisis econ\u00f3mica causada por la pandemia de COVID-19&rdquo;.<\/p><\/blockquote><p>Gezim Kalaja hizo hincapi\u00e9 en algunos elementos clave del convenio colectivo, entre ellos:<\/p><ul><li>Aumentos salariales para todos los empleados, especialmente importantes durante la pandemia.<\/li><li>Retribuci\u00f3n adicional a los empleados luego de su jubilaci\u00f3n.<\/li><li>Mejora de la redacci\u00f3n en materia de la aplicaci\u00f3n estricta de las leyes sobre salud y seguridad laboral en la f\u00e1brica.<\/li><li>Introducci\u00f3n del salario vacacional y un aguinaldo a fin de a\u00f1o para todos los empleados de Elbasan Cement Factory.<\/li><\/ul><p>El principal accionista de Elbasan Cement Factory es la empresa transnacional libanesa de comercio de cemento Seament Holding a trav\u00e9s de su filial albanesa.<\/p>","protected":false},"featured_media":0,"template":"","issues":[],"companies":[],"regions":[203,202],"sectors":[485,484],"article_tags":[],"class_list":["post-156445","article","type-article","status-publish","hentry","regions-albania","regions-europe","sectors-cement","sectors-glass-cement-ceramic-and-associated-industries"],"acf":[],"yoast_head":"<!-- This site is optimized with the Yoast SEO Premium plugin v27.1 (Yoast SEO v27.1) - https:\/\/yoast.com\/product\/yoast-seo-premium-wordpress\/ -->\n<title>Trabajadores del cemento albaneses celebran la firma de un convenio colectivo en Elbasan - industriall-union<\/title>\n<meta name=\"description\" content=\"El convenio, que tendr\u00e1 validez por dos a\u00f1os, mejora considerablemente las condiciones de trabajo y la remuneraci\u00f3n de los 560 trabajadores en la f\u00e1brica\" \/>\n<meta name=\"robots\" content=\"index, follow, max-snippet:-1, max-image-preview:large, max-video-preview:-1\" \/>\n<link rel=\"canonical\" href=\"https:\/\/admin.industriall-union.org\/es\/trabajadores-del-cemento-albaneses-celebran-la-firma-de-un-convenio-colectivo-en-elbasan\/\" \/>\n<meta property=\"og:locale\" content=\"es_ES\" \/>\n<meta property=\"og:type\" content=\"article\" \/>\n<meta property=\"og:title\" content=\"Trabajadores del cemento albaneses celebran la firma de un convenio colectivo en Elbasan\" \/>\n<meta property=\"og:description\" content=\"El convenio, que tendr\u00e1 validez por dos a\u00f1os, mejora considerablemente las condiciones de trabajo y la remuneraci\u00f3n de los 560 trabajadores en la f\u00e1brica\" \/>\n<meta property=\"og:url\" content=\"https:\/\/admin.industriall-union.org\/es\/trabajadores-del-cemento-albaneses-celebran-la-firma-de-un-convenio-colectivo-en-elbasan\/\" \/>\n<meta property=\"og:site_name\" content=\"industriall-union\" \/>\n<meta property=\"article:modified_time\" content=\"2025-01-28T09:15:12+00:00\" \/>\n<meta name=\"twitter:card\" content=\"summary_large_image\" \/>\n<meta name=\"twitter:label1\" content=\"Est. reading time\" \/>\n\t<meta name=\"twitter:data1\" content=\"1 minute\" \/>\n<script type=\"application\/ld+json\" class=\"yoast-schema-graph\">{\"@context\":\"https:\/\/schema.org\",\"@graph\":[{\"@type\":\"WebPage\",\"@id\":\"https:\/\/admin.industriall-union.org\/es\/trabajadores-del-cemento-albaneses-celebran-la-firma-de-un-convenio-colectivo-en-elbasan\/\",\"url\":\"https:\/\/admin.industriall-union.org\/es\/trabajadores-del-cemento-albaneses-celebran-la-firma-de-un-convenio-colectivo-en-elbasan\/\",\"name\":\"Trabajadores del cemento albaneses celebran la firma de un convenio colectivo en Elbasan - industriall-union\",\"isPartOf\":{\"@id\":\"https:\/\/admin.industriall-union.org\/#website\"},\"datePublished\":\"2021-07-29T14:57:35+00:00\",\"dateModified\":\"2025-01-28T09:15:12+00:00\",\"description\":\"El convenio, que tendr\u00e1 validez por dos a\u00f1os, mejora considerablemente las condiciones de trabajo y la remuneraci\u00f3n de los 560 trabajadores en la f\u00e1brica\",\"breadcrumb\":{\"@id\":\"https:\/\/admin.industriall-union.org\/es\/trabajadores-del-cemento-albaneses-celebran-la-firma-de-un-convenio-colectivo-en-elbasan\/#breadcrumb\"},\"inLanguage\":\"es-ES\",\"potentialAction\":[{\"@type\":\"ReadAction\",\"target\":[\"https:\/\/admin.industriall-union.org\/es\/trabajadores-del-cemento-albaneses-celebran-la-firma-de-un-convenio-colectivo-en-elbasan\/\"]}]},{\"@type\":\"BreadcrumbList\",\"@id\":\"https:\/\/admin.industriall-union.org\/es\/trabajadores-del-cemento-albaneses-celebran-la-firma-de-un-convenio-colectivo-en-elbasan\/#breadcrumb\",\"itemListElement\":[{\"@type\":\"ListItem\",\"position\":1,\"name\":\"Home\",\"item\":\"https:\/\/admin.industriall-union.org\/\"},{\"@type\":\"ListItem\",\"position\":2,\"name\":\"Articles\",\"item\":\"https:\/\/admin.industriall-union.org\/article\/\"},{\"@type\":\"ListItem\",\"position\":3,\"name\":\"Trabajadores del cemento albaneses celebran la firma de un convenio colectivo en Elbasan\"}]},{\"@type\":\"WebSite\",\"@id\":\"https:\/\/admin.industriall-union.org\/#website\",\"url\":\"https:\/\/admin.industriall-union.org\/\",\"name\":\"industriall-union\",\"description\":\"\",\"potentialAction\":[{\"@type\":\"SearchAction\",\"target\":{\"@type\":\"EntryPoint\",\"urlTemplate\":\"https:\/\/admin.industriall-union.org\/?s={search_term_string}\"},\"query-input\":{\"@type\":\"PropertyValueSpecification\",\"valueRequired\":true,\"valueName\":\"search_term_string\"}}],\"inLanguage\":\"es-ES\"}]}<\/script>\n<!-- \/ Yoast SEO Premium plugin. -->","yoast_head_json":{"title":"Trabajadores del cemento albaneses celebran la firma de un convenio colectivo en Elbasan - industriall-union","description":"El convenio, que tendr\u00e1 validez por dos a\u00f1os, mejora considerablemente las condiciones de trabajo y la remuneraci\u00f3n de los 560 trabajadores en la f\u00e1brica","robots":{"index":"index","follow":"follow","max-snippet":"max-snippet:-1","max-image-preview":"max-image-preview:large","max-video-preview":"max-video-preview:-1"},"canonical":"https:\/\/admin.industriall-union.org\/es\/trabajadores-del-cemento-albaneses-celebran-la-firma-de-un-convenio-colectivo-en-elbasan\/","og_locale":"es_ES","og_type":"article","og_title":"Trabajadores del cemento albaneses celebran la firma de un convenio colectivo en Elbasan","og_description":"El convenio, que tendr\u00e1 validez por dos a\u00f1os, mejora considerablemente las condiciones de trabajo y la remuneraci\u00f3n de los 560 trabajadores en la f\u00e1brica","og_url":"https:\/\/admin.industriall-union.org\/es\/trabajadores-del-cemento-albaneses-celebran-la-firma-de-un-convenio-colectivo-en-elbasan\/","og_site_name":"industriall-union","article_modified_time":"2025-01-28T09:15:12+00:00","twitter_card":"summary_large_image","twitter_misc":{"Est. reading time":"1 minute"},"schema":{"@context":"https:\/\/schema.org","@graph":[{"@type":"WebPage","@id":"https:\/\/admin.industriall-union.org\/es\/trabajadores-del-cemento-albaneses-celebran-la-firma-de-un-convenio-colectivo-en-elbasan\/","url":"https:\/\/admin.industriall-union.org\/es\/trabajadores-del-cemento-albaneses-celebran-la-firma-de-un-convenio-colectivo-en-elbasan\/","name":"Trabajadores del cemento albaneses celebran la firma de un convenio colectivo en Elbasan - industriall-union","isPartOf":{"@id":"https:\/\/admin.industriall-union.org\/#website"},"datePublished":"2021-07-29T14:57:35+00:00","dateModified":"2025-01-28T09:15:12+00:00","description":"El convenio, que tendr\u00e1 validez por dos a\u00f1os, mejora considerablemente las condiciones de trabajo y la remuneraci\u00f3n de los 560 trabajadores en la f\u00e1brica","breadcrumb":{"@id":"https:\/\/admin.industriall-union.org\/es\/trabajadores-del-cemento-albaneses-celebran-la-firma-de-un-convenio-colectivo-en-elbasan\/#breadcrumb"},"inLanguage":"es-ES","potentialAction":[{"@type":"ReadAction","target":["https:\/\/admin.industriall-union.org\/es\/trabajadores-del-cemento-albaneses-celebran-la-firma-de-un-convenio-colectivo-en-elbasan\/"]}]},{"@type":"BreadcrumbList","@id":"https:\/\/admin.industriall-union.org\/es\/trabajadores-del-cemento-albaneses-celebran-la-firma-de-un-convenio-colectivo-en-elbasan\/#breadcrumb","itemListElement":[{"@type":"ListItem","position":1,"name":"Home","item":"https:\/\/admin.industriall-union.org\/"},{"@type":"ListItem","position":2,"name":"Articles","item":"https:\/\/admin.industriall-union.org\/article\/"},{"@type":"ListItem","position":3,"name":"Trabajadores del cemento albaneses celebran la firma de un convenio colectivo en Elbasan"}]},{"@type":"WebSite","@id":"https:\/\/admin.industriall-union.org\/#website","url":"https:\/\/admin.industriall-union.org\/","name":"industriall-union","description":"","potentialAction":[{"@type":"SearchAction","target":{"@type":"EntryPoint","urlTemplate":"https:\/\/admin.industriall-union.org\/?s={search_term_string}"},"query-input":{"@type":"PropertyValueSpecification","valueRequired":true,"valueName":"search_term_string"}}],"inLanguage":"es-ES"}]}},"_links":{"self":[{"href":"https:\/\/admin.industriall-union.org\/es\/wp-json\/wp\/v2\/article\/156445","targetHints":{"allow":["GET"]}}],"collection":[{"href":"https:\/\/admin.industriall-union.org\/es\/wp-json\/wp\/v2\/article"}],"about":[{"href":"https:\/\/admin.industriall-union.org\/es\/wp-json\/wp\/v2\/types\/article"}],"wp:attachment":[{"href":"https:\/\/admin.industriall-union.org\/es\/wp-json\/wp\/v2\/media?parent=156445"}],"wp:term":[{"taxonomy":"issues","embeddable":true,"href":"https:\/\/admin.industriall-union.org\/es\/wp-json\/wp\/v2\/issues?post=156445"},{"taxonomy":"companies","embeddable":true,"href":"https:\/\/admin.industriall-union.org\/es\/wp-json\/wp\/v2\/companies?post=156445"},{"taxonomy":"regions","embeddable":true,"href":"https:\/\/admin.industriall-union.org\/es\/wp-json\/wp\/v2\/regions?post=156445"},{"taxonomy":"sectors","embeddable":true,"href":"https:\/\/admin.industriall-union.org\/es\/wp-json\/wp\/v2\/sectors?post=156445"},{"taxonomy":"article_tags","embeddable":true,"href":"https:\/\/admin.industriall-union.org\/es\/wp-json\/wp\/v2\/article_tags?post=156445"}],"curies":[{"name":"wp","href":"https:\/\/api.w.org\/{rel}","templated":true}]}}