{"id":156444,"date":"2021-08-03T12:20:45","date_gmt":"2021-08-03T12:20:45","guid":{"rendered":"https:\/\/admin.industriall-union.org\/los-trabajadores-de-la-confeccion-de-bangladesh-sufren-la-reapertura-de-las-fabricas-en-medio-del-confinamiento-por-covid-19\/"},"modified":"2025-01-28T09:14:40","modified_gmt":"2025-01-28T09:14:40","slug":"los-trabajadores-de-la-confeccion-de-bangladesh-sufren-la-reapertura-de-las-fabricas-en-medio-del-confinamiento-por-covid-19","status":"publish","type":"article","link":"https:\/\/admin.industriall-union.org\/es\/los-trabajadores-de-la-confeccion-de-bangladesh-sufren-la-reapertura-de-las-fabricas-en-medio-del-confinamiento-por-covid-19\/","title":{"rendered":"Los trabajadores de la confecci\u00f3n de Bangladesh sufren la reapertura de las f\u00e1bricas en medio del confinamiento por COVID-19"},"content":{"rendered":"<p>Debido a la falta de transporte, los trabajadores que regresaron al trabajo despu\u00e9s de las vacaciones del Eid se enfrentaron a inmensas dificultades y al riesgo de contagiarse de COVID.<\/p><figure class=\"imageArticle imageMedium\"><figcaption class=\"imageContent\"><div class=\"imageCaption\"><p>Los trabajadores se vieron obligados a regresar r\u00e1pidamente al trabajo utilizando cualquier medio de transporte que pudieran encontrar.<\/p><\/div><\/figcaption><\/figure><p>El viernes 30 de julio, las autoridades gubernamentales emitieron un aviso que permit\u00eda que las f\u00e1bricas de exportaci\u00f3n de prendas de vestir reanudaran sus actividades el 1 de agosto, tras recibir presi\u00f3n constante de los fabricantes y exportadores del sector para que se habilitara el funcionamiento de las f\u00e1bricas. El repentino anuncio gener\u00f3 p\u00e1nico entre los trabajadores, ya que la mayor\u00eda hab\u00eda abandonado Daca y regresado a sus pueblos y peque\u00f1as ciudades para pasar las vacaciones de Eid y el posterior confinamiento.<\/p><figure class=\"imageArticle imageMedium\"><figcaption class=\"imageContent\"><div class=\"imageCaption\"><p>Los trabajadores se vieron obligados a regresar r\u00e1pidamente al trabajo utilizando cualquier medio de transporte que pudieran encontrar.<\/p><\/div><\/figcaption><\/figure><p>El gobierno anunci\u00f3 la reanudaci\u00f3n de los servicios de transporte reci\u00e9n en la noche del 31 de julio.&nbsp;Para entonces, los trabajadores de la confecci\u00f3n ya se hab\u00edan embarcado en un dif\u00edcil viaje de regreso para presentarse al trabajo, por temor a perder el empleo y el pago de sus salarios. Los transbordadores, camiones y transportadores de mercanc\u00edas, que solo funcionaban para servicios de emergencia, transportaron a miles de trabajadores de este rubro en condiciones peligrosas y hacinadas.<a href=\"https:\/\/www.newagebd.net\/article\/145181\/90pc-rmg-workers-join-work-as-factories-reopen\"> Los medios de comunicaci\u00f3n informaron<\/a> que alrededor del 90 por ciento de los trabajadores de la confecci\u00f3n se presentaron a trabajar. Sin embargo, estos contin\u00faan sufriendo la <a href=\"https:\/\/www.thedailystar.net\/news\/bangladesh\/transport\/news\/garment-workers-gazipur-block-highway-due-absence-public-transport-2142881\">falta de acceso a los servicios de transporte <\/a>y pagando m\u00e1s del precio normal por sus traslados al trabajo.<\/p><p>El 2 de agosto, se <a href=\"https:\/\/www.worldometers.info\/coronavirus\/country\/bangladesh\/\">informaron 15.989 nuevos casos<\/a> de COVID en un pa\u00eds con 150.407 casos activos. La situaci\u00f3n de la pandemia sigue siendo motivo de preocupaci\u00f3n en Bangladesh, y la direcci\u00f3n general de servicios de salud del pa\u00eds recomend\u00f3 la extensi\u00f3n del confinamiento en todo el territorio, donde a\u00fan existen estrictas restricciones de movimiento.<\/p><p>Salauddin Shapon, vicepresidente senior del Consejo de IndustriALL en Bangladesh, expres\u00f3:<\/p><blockquote><p>&ldquo;Nos entristece que cientos y miles de trabajadores se hayan visto obligados a regresar a trabajar en condiciones de viaje inseguras. El gobierno y los empleadores deben garantizar que se adopten estrictas medidas de seguridad y pautas de salud en los lugares de trabajo para proteger a los trabajadores de los contagios&rdquo;.<\/p><p>&ldquo;En las circunstancias actuales, ning\u00fan trabajador deber\u00eda ser despedido por no presentarse a trabajar. Todos los trabajadores deben recibir su salario durante el per\u00edodo de confinamiento. Continuaremos aumentando nuestra demanda de medidas para cubrir el riesgo de COVID para los trabajadores de la confecci\u00f3n&rdquo;.<\/p><\/blockquote><p>Apoorva Kaiwar, la secretaria regional de IndustriALL para el sur de Asia, declar\u00f3:<\/p><blockquote><p>&ldquo;Es inaceptable que los trabajadores de la confecci\u00f3n se vean obligados a correr tales riesgos para cumplir los objetivos comerciales. Abrir las f\u00e1bricas durante el confinamiento y exigir que los trabajadores que se presenten a trabajar cuando se hab\u00eda suspendido todo el transporte es inhumano&rdquo;.<\/p><p>&ldquo;El gobierno de Bangladesh y los empleadores deben asegurarse de que los trabajadores no se enfrenten a p\u00e9rdidas salariales si no pueden presentarse a trabajar en medio de la pandemia. Las f\u00e1bricas deben mantener todas las medidas preventivas y de protecci\u00f3n. Las marcas internacionales deben garantizar que sus proveedores no socaven el derecho de los trabajadores a la salud y seguridad laboral, y nadie debe ser obligado a trabajar en condiciones inseguras&rdquo;.<\/p><\/blockquote>","protected":false},"featured_media":0,"template":"","issues":[362],"companies":[],"regions":[155,159],"sectors":[464],"article_tags":[528],"class_list":["post-156444","article","type-article","status-publish","hentry","issues-covid-19","regions-asia-pacific","regions-bangladesh","sectors-textile-leather-garment-shoes-and-textile-services","article_tags-south-asia"],"acf":[],"yoast_head":"<!-- This site is optimized with the Yoast SEO Premium plugin v27.1 (Yoast SEO v27.1) - https:\/\/yoast.com\/product\/yoast-seo-premium-wordpress\/ -->\n<title>Los trabajadores de la confecci\u00f3n de Bangladesh sufren la reapertura de las f\u00e1bricas en medio del confinamiento por COVID-19 - industriall-union<\/title>\n<meta name=\"description\" content=\"Debido a la falta de transporte, los trabajadores que regresaron al trabajo despu\u00e9s de las vacaciones del Eid se enfrentaron a inmensas dificultades y al\" \/>\n<meta name=\"robots\" content=\"index, follow, max-snippet:-1, max-image-preview:large, max-video-preview:-1\" \/>\n<link rel=\"canonical\" href=\"https:\/\/admin.industriall-union.org\/es\/los-trabajadores-de-la-confeccion-de-bangladesh-sufren-la-reapertura-de-las-fabricas-en-medio-del-confinamiento-por-covid-19\/\" \/>\n<meta property=\"og:locale\" content=\"es_ES\" \/>\n<meta property=\"og:type\" content=\"article\" \/>\n<meta property=\"og:title\" content=\"Los trabajadores de la confecci\u00f3n de Bangladesh sufren la reapertura de las f\u00e1bricas en medio del confinamiento por COVID-19\" \/>\n<meta property=\"og:description\" content=\"Debido a la falta de transporte, los trabajadores que regresaron al trabajo despu\u00e9s de las vacaciones del Eid se enfrentaron a inmensas dificultades y al\" \/>\n<meta property=\"og:url\" content=\"https:\/\/admin.industriall-union.org\/es\/los-trabajadores-de-la-confeccion-de-bangladesh-sufren-la-reapertura-de-las-fabricas-en-medio-del-confinamiento-por-covid-19\/\" \/>\n<meta property=\"og:site_name\" content=\"industriall-union\" \/>\n<meta property=\"article:modified_time\" content=\"2025-01-28T09:14:40+00:00\" \/>\n<meta name=\"twitter:card\" content=\"summary_large_image\" \/>\n<meta name=\"twitter:label1\" content=\"Est. reading time\" \/>\n\t<meta name=\"twitter:data1\" content=\"3 minutes\" \/>\n<script type=\"application\/ld+json\" class=\"yoast-schema-graph\">{\"@context\":\"https:\/\/schema.org\",\"@graph\":[{\"@type\":\"WebPage\",\"@id\":\"https:\/\/admin.industriall-union.org\/es\/los-trabajadores-de-la-confeccion-de-bangladesh-sufren-la-reapertura-de-las-fabricas-en-medio-del-confinamiento-por-covid-19\/\",\"url\":\"https:\/\/admin.industriall-union.org\/es\/los-trabajadores-de-la-confeccion-de-bangladesh-sufren-la-reapertura-de-las-fabricas-en-medio-del-confinamiento-por-covid-19\/\",\"name\":\"Los trabajadores de la confecci\u00f3n de Bangladesh sufren la reapertura de las f\u00e1bricas en medio del confinamiento por COVID-19 - industriall-union\",\"isPartOf\":{\"@id\":\"https:\/\/admin.industriall-union.org\/#website\"},\"datePublished\":\"2021-08-03T12:20:45+00:00\",\"dateModified\":\"2025-01-28T09:14:40+00:00\",\"description\":\"Debido a la falta de transporte, los trabajadores que regresaron al trabajo despu\u00e9s de las vacaciones del Eid se enfrentaron a inmensas dificultades y al\",\"breadcrumb\":{\"@id\":\"https:\/\/admin.industriall-union.org\/es\/los-trabajadores-de-la-confeccion-de-bangladesh-sufren-la-reapertura-de-las-fabricas-en-medio-del-confinamiento-por-covid-19\/#breadcrumb\"},\"inLanguage\":\"es-ES\",\"potentialAction\":[{\"@type\":\"ReadAction\",\"target\":[\"https:\/\/admin.industriall-union.org\/es\/los-trabajadores-de-la-confeccion-de-bangladesh-sufren-la-reapertura-de-las-fabricas-en-medio-del-confinamiento-por-covid-19\/\"]}]},{\"@type\":\"BreadcrumbList\",\"@id\":\"https:\/\/admin.industriall-union.org\/es\/los-trabajadores-de-la-confeccion-de-bangladesh-sufren-la-reapertura-de-las-fabricas-en-medio-del-confinamiento-por-covid-19\/#breadcrumb\",\"itemListElement\":[{\"@type\":\"ListItem\",\"position\":1,\"name\":\"Home\",\"item\":\"https:\/\/admin.industriall-union.org\/\"},{\"@type\":\"ListItem\",\"position\":2,\"name\":\"Articles\",\"item\":\"https:\/\/admin.industriall-union.org\/article\/\"},{\"@type\":\"ListItem\",\"position\":3,\"name\":\"Los trabajadores de la confecci\u00f3n de Bangladesh sufren la reapertura de las f\u00e1bricas en medio del confinamiento por COVID-19\"}]},{\"@type\":\"WebSite\",\"@id\":\"https:\/\/admin.industriall-union.org\/#website\",\"url\":\"https:\/\/admin.industriall-union.org\/\",\"name\":\"industriall-union\",\"description\":\"\",\"potentialAction\":[{\"@type\":\"SearchAction\",\"target\":{\"@type\":\"EntryPoint\",\"urlTemplate\":\"https:\/\/admin.industriall-union.org\/?s={search_term_string}\"},\"query-input\":{\"@type\":\"PropertyValueSpecification\",\"valueRequired\":true,\"valueName\":\"search_term_string\"}}],\"inLanguage\":\"es-ES\"}]}<\/script>\n<!-- \/ Yoast SEO Premium plugin. -->","yoast_head_json":{"title":"Los trabajadores de la confecci\u00f3n de Bangladesh sufren la reapertura de las f\u00e1bricas en medio del confinamiento por COVID-19 - industriall-union","description":"Debido a la falta de transporte, los trabajadores que regresaron al trabajo despu\u00e9s de las vacaciones del Eid se enfrentaron a inmensas dificultades y al","robots":{"index":"index","follow":"follow","max-snippet":"max-snippet:-1","max-image-preview":"max-image-preview:large","max-video-preview":"max-video-preview:-1"},"canonical":"https:\/\/admin.industriall-union.org\/es\/los-trabajadores-de-la-confeccion-de-bangladesh-sufren-la-reapertura-de-las-fabricas-en-medio-del-confinamiento-por-covid-19\/","og_locale":"es_ES","og_type":"article","og_title":"Los trabajadores de la confecci\u00f3n de Bangladesh sufren la reapertura de las f\u00e1bricas en medio del confinamiento por COVID-19","og_description":"Debido a la falta de transporte, los trabajadores que regresaron al trabajo despu\u00e9s de las vacaciones del Eid se enfrentaron a inmensas dificultades y al","og_url":"https:\/\/admin.industriall-union.org\/es\/los-trabajadores-de-la-confeccion-de-bangladesh-sufren-la-reapertura-de-las-fabricas-en-medio-del-confinamiento-por-covid-19\/","og_site_name":"industriall-union","article_modified_time":"2025-01-28T09:14:40+00:00","twitter_card":"summary_large_image","twitter_misc":{"Est. reading time":"3 minutes"},"schema":{"@context":"https:\/\/schema.org","@graph":[{"@type":"WebPage","@id":"https:\/\/admin.industriall-union.org\/es\/los-trabajadores-de-la-confeccion-de-bangladesh-sufren-la-reapertura-de-las-fabricas-en-medio-del-confinamiento-por-covid-19\/","url":"https:\/\/admin.industriall-union.org\/es\/los-trabajadores-de-la-confeccion-de-bangladesh-sufren-la-reapertura-de-las-fabricas-en-medio-del-confinamiento-por-covid-19\/","name":"Los trabajadores de la confecci\u00f3n de Bangladesh sufren la reapertura de las f\u00e1bricas en medio del confinamiento por COVID-19 - industriall-union","isPartOf":{"@id":"https:\/\/admin.industriall-union.org\/#website"},"datePublished":"2021-08-03T12:20:45+00:00","dateModified":"2025-01-28T09:14:40+00:00","description":"Debido a la falta de transporte, los trabajadores que regresaron al trabajo despu\u00e9s de las vacaciones del Eid se enfrentaron a inmensas dificultades y al","breadcrumb":{"@id":"https:\/\/admin.industriall-union.org\/es\/los-trabajadores-de-la-confeccion-de-bangladesh-sufren-la-reapertura-de-las-fabricas-en-medio-del-confinamiento-por-covid-19\/#breadcrumb"},"inLanguage":"es-ES","potentialAction":[{"@type":"ReadAction","target":["https:\/\/admin.industriall-union.org\/es\/los-trabajadores-de-la-confeccion-de-bangladesh-sufren-la-reapertura-de-las-fabricas-en-medio-del-confinamiento-por-covid-19\/"]}]},{"@type":"BreadcrumbList","@id":"https:\/\/admin.industriall-union.org\/es\/los-trabajadores-de-la-confeccion-de-bangladesh-sufren-la-reapertura-de-las-fabricas-en-medio-del-confinamiento-por-covid-19\/#breadcrumb","itemListElement":[{"@type":"ListItem","position":1,"name":"Home","item":"https:\/\/admin.industriall-union.org\/"},{"@type":"ListItem","position":2,"name":"Articles","item":"https:\/\/admin.industriall-union.org\/article\/"},{"@type":"ListItem","position":3,"name":"Los trabajadores de la confecci\u00f3n de Bangladesh sufren la reapertura de las f\u00e1bricas en medio del confinamiento por COVID-19"}]},{"@type":"WebSite","@id":"https:\/\/admin.industriall-union.org\/#website","url":"https:\/\/admin.industriall-union.org\/","name":"industriall-union","description":"","potentialAction":[{"@type":"SearchAction","target":{"@type":"EntryPoint","urlTemplate":"https:\/\/admin.industriall-union.org\/?s={search_term_string}"},"query-input":{"@type":"PropertyValueSpecification","valueRequired":true,"valueName":"search_term_string"}}],"inLanguage":"es-ES"}]}},"_links":{"self":[{"href":"https:\/\/admin.industriall-union.org\/es\/wp-json\/wp\/v2\/article\/156444","targetHints":{"allow":["GET"]}}],"collection":[{"href":"https:\/\/admin.industriall-union.org\/es\/wp-json\/wp\/v2\/article"}],"about":[{"href":"https:\/\/admin.industriall-union.org\/es\/wp-json\/wp\/v2\/types\/article"}],"wp:attachment":[{"href":"https:\/\/admin.industriall-union.org\/es\/wp-json\/wp\/v2\/media?parent=156444"}],"wp:term":[{"taxonomy":"issues","embeddable":true,"href":"https:\/\/admin.industriall-union.org\/es\/wp-json\/wp\/v2\/issues?post=156444"},{"taxonomy":"companies","embeddable":true,"href":"https:\/\/admin.industriall-union.org\/es\/wp-json\/wp\/v2\/companies?post=156444"},{"taxonomy":"regions","embeddable":true,"href":"https:\/\/admin.industriall-union.org\/es\/wp-json\/wp\/v2\/regions?post=156444"},{"taxonomy":"sectors","embeddable":true,"href":"https:\/\/admin.industriall-union.org\/es\/wp-json\/wp\/v2\/sectors?post=156444"},{"taxonomy":"article_tags","embeddable":true,"href":"https:\/\/admin.industriall-union.org\/es\/wp-json\/wp\/v2\/article_tags?post=156444"}],"curies":[{"name":"wp","href":"https:\/\/api.w.org\/{rel}","templated":true}]}}