{"id":156403,"date":"2021-08-11T15:55:18","date_gmt":"2021-08-11T15:55:18","guid":{"rendered":"https:\/\/admin.industriall-union.org\/trabajadores-paralizan-actividades-en-electrolux-chile-en-defensa-de-la-negociacion-colectiva\/"},"modified":"2025-01-28T08:59:23","modified_gmt":"2025-01-28T08:59:23","slug":"trabajadores-paralizan-actividades-en-electrolux-chile-en-defensa-de-la-negociacion-colectiva","status":"publish","type":"article","link":"https:\/\/admin.industriall-union.org\/es\/trabajadores-paralizan-actividades-en-electrolux-chile-en-defensa-de-la-negociacion-colectiva\/","title":{"rendered":"Trabajadores paralizan actividades en Electrolux Chile en defensa de la negociaci\u00f3n colectiva"},"content":{"rendered":"<p>800 trabajadores de Electrolux rechazaron la \u00faltima propuesta de negociaci\u00f3n colectiva efectuada por la empresa, durante una asamblea parcial el 13 de julio. Al enterarse de dicha resoluci\u00f3n, las autoridades de la compa\u00f1\u00eda le informaron a los empleados sindicalizados que les descontar\u00eda las horas correspondientes a una paralizaci\u00f3n de actividades que hab\u00edan realizado en el mes de junio y a reuniones sindicales, previamente autorizadas.<\/p><p>Frente a este escenario, los sindicatos desarrollaron una &ldquo;huelga de brazos ca\u00eddos&rdquo; los d\u00edas 14 y 15 de julio, y paralizaron las plantas productivas y el centro de distribuci\u00f3n hasta el d\u00eda de hoy. Los trabajadores tambi\u00e9n desarrollan la medida de acci\u00f3n para rechazar la actitud de la empresa, la cual demor\u00f3 casi un a\u00f1o en iniciar el proceso de negociaci\u00f3n colectiva: deber\u00eda haberse llevado a cabo entre octubre y diciembre de 2020.<\/p><p>Electrolux justific\u00f3 su decisi\u00f3n de suspender la negociaci\u00f3n colectiva durante meses en que estaba aguardando una respuesta a una solicitud de &ldquo;recalificaci\u00f3n de servicios m\u00ednimos&rdquo;. Durante ese per\u00edodo, tambi\u00e9n se neg\u00f3 a responder a los proyectos de Contrato Colectivo que presentaron ambas organizaciones sindicales y a reunirse con sus dirigencias.<\/p><p>Por su parte, los sindicatos recurrieron a la Inspecci\u00f3n regional del trabajo, quien corrobor\u00f3 que la solicitud de tipo administrativo no suspend\u00eda el proceso de negociaci\u00f3n colectiva reglada. El Director nacional del trabajo emiti\u00f3 la resoluci\u00f3n definitiva el 11 de marzo de 2021 donde rechaz\u00f3 la solicitud de revisi\u00f3n de calificaci\u00f3n de Electrolux.<\/p><blockquote><p>&ldquo;Hoy m\u00e1s que nunca se hace indispensable la solidaridad de clase nacional e internacional con los trabajadores\/as de los Sindicatos 1 y 2 de Electrolux, quienes luchan por su dignidad y reivindican el derecho a negociaci\u00f3n colectiva y a huelga, negado por la indolencia y mala fe patronal.&rdquo;<\/p><\/blockquote><p>dijeron los sindicatos en una comunicaci\u00f3n oficial.<\/p><p>Las organizaciones sindicales alegan que presentaron un proyecto de contrato colectivo que contemplaba la repercusi\u00f3n de la crisis social y econ\u00f3mica en su vida familiar. Hasta el momento, los trabajadores no aceptaron ninguna de las propuestas de la empresa porque consideran que no atienden sus&nbsp;peticiones.<\/p><p>Adem\u00e1s, denunciaron que la gerencia de la empresa no actu\u00f3 de forma correcta ya que decidi\u00f3 recurrir a canales informales para informar algunos de los t\u00e9rminos y cifras que se estaban conversando durante las negociaciones, con el prop\u00f3sito de generar conflicto entre la dirigencia y la base.<\/p><p>Por su parte, el secretario regional de IndustriALL, Marino Vani, expres\u00f3:<\/p><blockquote><p>&ldquo;Lamentamos el actuar de Electrolux. Esperamos que la empresa apueste al di\u00e1logo y a la negociaci\u00f3n de buena fe. Los trabajadores tienen a sus representantes sindicales, y merecen una relaci\u00f3n reglada en base al respeto y a la dignidad laboral.<\/p><p>Nos solidarizamos con los trabajadores, los sindicatos y con nuestra afiliada Industrial Chile-CONSTRAMET.&nbsp;Acompa\u00f1amos su lucha y construcci\u00f3n de acciones solidarias con los trabajadores.&quot;<\/p><\/blockquote>","protected":false},"featured_media":0,"template":"","issues":[422,425],"companies":[37],"regions":[263,254],"sectors":[439],"article_tags":[505,513],"class_list":["post-156403","article","type-article","status-publish","hentry","issues-human-trade-union-rights","issues-workers-rights","companies-electrolux","regions-chile","regions-latin-america-and-the-caribbean","sectors-itc-electricidad-y-electronica","article_tags-collective-bargaining","article_tags-labour-laws"],"acf":[],"yoast_head":"<!-- This site is optimized with the Yoast SEO Premium plugin v27.1 (Yoast SEO v27.1) - https:\/\/yoast.com\/product\/yoast-seo-premium-wordpress\/ -->\n<title>Trabajadores paralizan actividades en Electrolux Chile en defensa de la negociaci\u00f3n colectiva - industriall-union<\/title>\n<meta name=\"description\" content=\"800 trabajadores de Electrolux rechazaron la \u00faltima propuesta de negociaci\u00f3n colectiva efectuada por la empresa, durante una asamblea parcial el 13 de\" \/>\n<meta name=\"robots\" content=\"index, follow, max-snippet:-1, max-image-preview:large, max-video-preview:-1\" \/>\n<link rel=\"canonical\" href=\"https:\/\/admin.industriall-union.org\/es\/trabajadores-paralizan-actividades-en-electrolux-chile-en-defensa-de-la-negociacion-colectiva\/\" \/>\n<meta property=\"og:locale\" content=\"es_ES\" \/>\n<meta property=\"og:type\" content=\"article\" \/>\n<meta property=\"og:title\" content=\"Trabajadores paralizan actividades en Electrolux Chile en defensa de la negociaci\u00f3n colectiva\" \/>\n<meta property=\"og:description\" content=\"800 trabajadores de Electrolux rechazaron la \u00faltima propuesta de negociaci\u00f3n colectiva efectuada por la empresa, durante una asamblea parcial el 13 de\" \/>\n<meta property=\"og:url\" content=\"https:\/\/admin.industriall-union.org\/es\/trabajadores-paralizan-actividades-en-electrolux-chile-en-defensa-de-la-negociacion-colectiva\/\" \/>\n<meta property=\"og:site_name\" content=\"industriall-union\" \/>\n<meta property=\"article:modified_time\" content=\"2025-01-28T08:59:23+00:00\" \/>\n<meta name=\"twitter:card\" content=\"summary_large_image\" \/>\n<meta name=\"twitter:label1\" content=\"Est. reading time\" \/>\n\t<meta name=\"twitter:data1\" content=\"3 minutes\" \/>\n<script type=\"application\/ld+json\" class=\"yoast-schema-graph\">{\"@context\":\"https:\/\/schema.org\",\"@graph\":[{\"@type\":\"WebPage\",\"@id\":\"https:\/\/admin.industriall-union.org\/es\/trabajadores-paralizan-actividades-en-electrolux-chile-en-defensa-de-la-negociacion-colectiva\/\",\"url\":\"https:\/\/admin.industriall-union.org\/es\/trabajadores-paralizan-actividades-en-electrolux-chile-en-defensa-de-la-negociacion-colectiva\/\",\"name\":\"Trabajadores paralizan actividades en Electrolux Chile en defensa de la negociaci\u00f3n colectiva - industriall-union\",\"isPartOf\":{\"@id\":\"https:\/\/admin.industriall-union.org\/#website\"},\"datePublished\":\"2021-08-11T15:55:18+00:00\",\"dateModified\":\"2025-01-28T08:59:23+00:00\",\"description\":\"800 trabajadores de Electrolux rechazaron la \u00faltima propuesta de negociaci\u00f3n colectiva efectuada por la empresa, durante una asamblea parcial el 13 de\",\"breadcrumb\":{\"@id\":\"https:\/\/admin.industriall-union.org\/es\/trabajadores-paralizan-actividades-en-electrolux-chile-en-defensa-de-la-negociacion-colectiva\/#breadcrumb\"},\"inLanguage\":\"es-ES\",\"potentialAction\":[{\"@type\":\"ReadAction\",\"target\":[\"https:\/\/admin.industriall-union.org\/es\/trabajadores-paralizan-actividades-en-electrolux-chile-en-defensa-de-la-negociacion-colectiva\/\"]}]},{\"@type\":\"BreadcrumbList\",\"@id\":\"https:\/\/admin.industriall-union.org\/es\/trabajadores-paralizan-actividades-en-electrolux-chile-en-defensa-de-la-negociacion-colectiva\/#breadcrumb\",\"itemListElement\":[{\"@type\":\"ListItem\",\"position\":1,\"name\":\"Home\",\"item\":\"https:\/\/admin.industriall-union.org\/\"},{\"@type\":\"ListItem\",\"position\":2,\"name\":\"Articles\",\"item\":\"https:\/\/admin.industriall-union.org\/article\/\"},{\"@type\":\"ListItem\",\"position\":3,\"name\":\"Trabajadores paralizan actividades en Electrolux Chile en defensa de la negociaci\u00f3n colectiva\"}]},{\"@type\":\"WebSite\",\"@id\":\"https:\/\/admin.industriall-union.org\/#website\",\"url\":\"https:\/\/admin.industriall-union.org\/\",\"name\":\"industriall-union\",\"description\":\"\",\"potentialAction\":[{\"@type\":\"SearchAction\",\"target\":{\"@type\":\"EntryPoint\",\"urlTemplate\":\"https:\/\/admin.industriall-union.org\/?s={search_term_string}\"},\"query-input\":{\"@type\":\"PropertyValueSpecification\",\"valueRequired\":true,\"valueName\":\"search_term_string\"}}],\"inLanguage\":\"es-ES\"}]}<\/script>\n<!-- \/ Yoast SEO Premium plugin. -->","yoast_head_json":{"title":"Trabajadores paralizan actividades en Electrolux Chile en defensa de la negociaci\u00f3n colectiva - industriall-union","description":"800 trabajadores de Electrolux rechazaron la \u00faltima propuesta de negociaci\u00f3n colectiva efectuada por la empresa, durante una asamblea parcial el 13 de","robots":{"index":"index","follow":"follow","max-snippet":"max-snippet:-1","max-image-preview":"max-image-preview:large","max-video-preview":"max-video-preview:-1"},"canonical":"https:\/\/admin.industriall-union.org\/es\/trabajadores-paralizan-actividades-en-electrolux-chile-en-defensa-de-la-negociacion-colectiva\/","og_locale":"es_ES","og_type":"article","og_title":"Trabajadores paralizan actividades en Electrolux Chile en defensa de la negociaci\u00f3n colectiva","og_description":"800 trabajadores de Electrolux rechazaron la \u00faltima propuesta de negociaci\u00f3n colectiva efectuada por la empresa, durante una asamblea parcial el 13 de","og_url":"https:\/\/admin.industriall-union.org\/es\/trabajadores-paralizan-actividades-en-electrolux-chile-en-defensa-de-la-negociacion-colectiva\/","og_site_name":"industriall-union","article_modified_time":"2025-01-28T08:59:23+00:00","twitter_card":"summary_large_image","twitter_misc":{"Est. reading time":"3 minutes"},"schema":{"@context":"https:\/\/schema.org","@graph":[{"@type":"WebPage","@id":"https:\/\/admin.industriall-union.org\/es\/trabajadores-paralizan-actividades-en-electrolux-chile-en-defensa-de-la-negociacion-colectiva\/","url":"https:\/\/admin.industriall-union.org\/es\/trabajadores-paralizan-actividades-en-electrolux-chile-en-defensa-de-la-negociacion-colectiva\/","name":"Trabajadores paralizan actividades en Electrolux Chile en defensa de la negociaci\u00f3n colectiva - industriall-union","isPartOf":{"@id":"https:\/\/admin.industriall-union.org\/#website"},"datePublished":"2021-08-11T15:55:18+00:00","dateModified":"2025-01-28T08:59:23+00:00","description":"800 trabajadores de Electrolux rechazaron la \u00faltima propuesta de negociaci\u00f3n colectiva efectuada por la empresa, durante una asamblea parcial el 13 de","breadcrumb":{"@id":"https:\/\/admin.industriall-union.org\/es\/trabajadores-paralizan-actividades-en-electrolux-chile-en-defensa-de-la-negociacion-colectiva\/#breadcrumb"},"inLanguage":"es-ES","potentialAction":[{"@type":"ReadAction","target":["https:\/\/admin.industriall-union.org\/es\/trabajadores-paralizan-actividades-en-electrolux-chile-en-defensa-de-la-negociacion-colectiva\/"]}]},{"@type":"BreadcrumbList","@id":"https:\/\/admin.industriall-union.org\/es\/trabajadores-paralizan-actividades-en-electrolux-chile-en-defensa-de-la-negociacion-colectiva\/#breadcrumb","itemListElement":[{"@type":"ListItem","position":1,"name":"Home","item":"https:\/\/admin.industriall-union.org\/"},{"@type":"ListItem","position":2,"name":"Articles","item":"https:\/\/admin.industriall-union.org\/article\/"},{"@type":"ListItem","position":3,"name":"Trabajadores paralizan actividades en Electrolux Chile en defensa de la negociaci\u00f3n colectiva"}]},{"@type":"WebSite","@id":"https:\/\/admin.industriall-union.org\/#website","url":"https:\/\/admin.industriall-union.org\/","name":"industriall-union","description":"","potentialAction":[{"@type":"SearchAction","target":{"@type":"EntryPoint","urlTemplate":"https:\/\/admin.industriall-union.org\/?s={search_term_string}"},"query-input":{"@type":"PropertyValueSpecification","valueRequired":true,"valueName":"search_term_string"}}],"inLanguage":"es-ES"}]}},"_links":{"self":[{"href":"https:\/\/admin.industriall-union.org\/es\/wp-json\/wp\/v2\/article\/156403","targetHints":{"allow":["GET"]}}],"collection":[{"href":"https:\/\/admin.industriall-union.org\/es\/wp-json\/wp\/v2\/article"}],"about":[{"href":"https:\/\/admin.industriall-union.org\/es\/wp-json\/wp\/v2\/types\/article"}],"wp:attachment":[{"href":"https:\/\/admin.industriall-union.org\/es\/wp-json\/wp\/v2\/media?parent=156403"}],"wp:term":[{"taxonomy":"issues","embeddable":true,"href":"https:\/\/admin.industriall-union.org\/es\/wp-json\/wp\/v2\/issues?post=156403"},{"taxonomy":"companies","embeddable":true,"href":"https:\/\/admin.industriall-union.org\/es\/wp-json\/wp\/v2\/companies?post=156403"},{"taxonomy":"regions","embeddable":true,"href":"https:\/\/admin.industriall-union.org\/es\/wp-json\/wp\/v2\/regions?post=156403"},{"taxonomy":"sectors","embeddable":true,"href":"https:\/\/admin.industriall-union.org\/es\/wp-json\/wp\/v2\/sectors?post=156403"},{"taxonomy":"article_tags","embeddable":true,"href":"https:\/\/admin.industriall-union.org\/es\/wp-json\/wp\/v2\/article_tags?post=156403"}],"curies":[{"name":"wp","href":"https:\/\/api.w.org\/{rel}","templated":true}]}}