{"id":156256,"date":"2021-08-30T14:47:41","date_gmt":"2021-08-30T14:47:41","guid":{"rendered":"https:\/\/admin.industriall-union.org\/sindicatos-reunidos-por-una-accion-unitaria-y-una-transicion-justa-en-colombia\/"},"modified":"2025-01-28T08:33:45","modified_gmt":"2025-01-28T08:33:45","slug":"sindicatos-reunidos-por-una-accion-unitaria-y-una-transicion-justa-en-colombia","status":"publish","type":"article","link":"https:\/\/admin.industriall-union.org\/es\/sindicatos-reunidos-por-una-accion-unitaria-y-una-transicion-justa-en-colombia\/","title":{"rendered":"Sindicatos reunidos por una acci\u00f3n unitaria y una transici\u00f3n justa en Colombia."},"content":{"rendered":"<p>Las afiliadas a IndustriALL en Colombia, USO, SINTRACARB\u00d3N Y SINTRAELECOL se reunieron el pasado 18 de agosto en el Encuentro pol\u00edtico de unidad minero energ\u00e9tica para la transici\u00f3n justa de Colombia. En el encuentro participaron organizaciones pol\u00edticas y acad\u00e9micas qui\u00e9nes brindaron sus aportes al debate y manifestaron su apoyo, cooperaci\u00f3n y colaboraci\u00f3n en esta lucha.<br \/>Los sindicatos ratificaron su responsabilidad y compromiso para promover el cambio de las pol\u00edticas minero energ\u00e9ticas procedentes del Gobierno colombiano y al servicio del capital financiero que centraliza los mandatos, margina las necesidades del pa\u00eds, y sostiene un modelo de desarrollo excluyente, injusto e insostenible desde lo ambiental, lo econ\u00f3mico y lo social.<\/p><p>Seg\u00fan el secretario regional de IndustriALL, Marino Vani:<\/p><blockquote><p>&ldquo;Para la construcci\u00f3n del desarrollo sostenible necesitamos tener una transici\u00f3n justa, equilibrada, para esto los trabajadores deben ser considerados como actores centrales de esta agenda. Este debate y definici\u00f3n pol\u00edtica de nuestras afiliadas es un marco, demuestra visi\u00f3n y compromiso con propuestas concretas y una capacidad de acci\u00f3n propositiva y de influencia al pa\u00eds y los trabajadores de Colombia, felicitaciones companer@s.&rdquo;<\/p><\/blockquote><p>La llegada masiva de nuevas energ\u00edas provenientes de las multinacionales son promotoras de reg\u00edmenes de trabajo precario, despidos y de la reducci\u00f3n de las garant\u00edas laborales que los trabajadores han conquistado, para sacar de plano a las organizaciones sindicales m\u00e1s importantes del pa\u00eds.<br \/>Los trabajadores consideran que lo \u00fanico que puede obstaculizar esas decisiones irracionales es la unidad sindical, la unidad de acci\u00f3n a trav\u00e9s de la elaboraci\u00f3n de proyectos y pol\u00edticas de estado para una transici\u00f3n energ\u00e9tica justa.&nbsp;<\/p><p>El presidente de SINTRACARBON, afiliada a IndustriALL, Igor D\u00edaz L\u00f3pez, expres\u00f3:<\/p><blockquote><p>&ldquo;Necesariamente nuestras organizaciones sindicales, los trabajadores, debemos activarnos socialmente para reclamar los derechos sociales y laborales de los trabajadores&rdquo;<\/p><\/blockquote><p>El proyecto se va a construir desde un enfoque territorial, que asume una apuesta en<br \/>la lucha por el petr\u00f3leo y los recursos naturales.<\/p><p>Por su parte, el presidente de la USO, afiliada a IndustriALL, Edwin Palma Egea:&nbsp;<\/p><blockquote><p>&ldquo;Podemos combatir esto por la v\u00eda de la unidad conformando un aparato sindical energ\u00e9tico y la otra v\u00eda, para hacer lo m\u00e1s r\u00e1pido posible una transici\u00f3n energ\u00e9tica que recoja nuestros intereses, es la acci\u00f3n pol\u00edtica, que los dirigentes sindicales del sector energ\u00e9tico nos comprometamos a ser militantes de la transformaci\u00f3n&quot;<br \/>&nbsp;<\/p><\/blockquote>","protected":false},"featured_media":0,"template":"","issues":[393,390,394,391,399],"companies":[60],"regions":[264,254],"sectors":[433,442],"article_tags":[522,534],"class_list":["post-156256","article","type-article","status-publish","hentry","issues-climate-change-just-transition","issues-future-of-work","issues-glencore","issues-industry-40","issues-union-building","companies-glencore","regions-colombia","regions-latin-america-and-the-caribbean","sectors-energia-petroleo-gas-electricidad-y-nuclear","sectors-mineria-y-dgojp","article_tags-projects","article_tags-union-busting"],"acf":[],"yoast_head":"<!-- This site is optimized with the Yoast SEO Premium plugin v27.1 (Yoast SEO v27.1) - https:\/\/yoast.com\/product\/yoast-seo-premium-wordpress\/ -->\n<title>Sindicatos reunidos por una acci\u00f3n unitaria y una transici\u00f3n justa en Colombia. - industriall-union<\/title>\n<meta name=\"description\" content=\"Las afiliadas a IndustriALL en Colombia, USO, SINTRACARB\u00d3N Y SINTRAELECOL se reunieron el pasado 18 de agosto en el Encuentro pol\u00edtico de unidad minero\" \/>\n<meta name=\"robots\" content=\"index, follow, max-snippet:-1, max-image-preview:large, max-video-preview:-1\" \/>\n<link rel=\"canonical\" href=\"https:\/\/admin.industriall-union.org\/es\/sindicatos-reunidos-por-una-accion-unitaria-y-una-transicion-justa-en-colombia\/\" \/>\n<meta property=\"og:locale\" content=\"es_ES\" \/>\n<meta property=\"og:type\" content=\"article\" \/>\n<meta property=\"og:title\" content=\"Sindicatos reunidos por una acci\u00f3n unitaria y una transici\u00f3n justa en Colombia.\" \/>\n<meta property=\"og:description\" content=\"Las afiliadas a IndustriALL en Colombia, USO, SINTRACARB\u00d3N Y SINTRAELECOL se reunieron el pasado 18 de agosto en el Encuentro pol\u00edtico de unidad minero\" \/>\n<meta property=\"og:url\" content=\"https:\/\/admin.industriall-union.org\/es\/sindicatos-reunidos-por-una-accion-unitaria-y-una-transicion-justa-en-colombia\/\" \/>\n<meta property=\"og:site_name\" content=\"industriall-union\" \/>\n<meta property=\"article:modified_time\" content=\"2025-01-28T08:33:45+00:00\" \/>\n<meta name=\"twitter:card\" content=\"summary_large_image\" \/>\n<meta name=\"twitter:label1\" content=\"Est. reading time\" \/>\n\t<meta name=\"twitter:data1\" content=\"2 minutes\" \/>\n<script type=\"application\/ld+json\" class=\"yoast-schema-graph\">{\"@context\":\"https:\/\/schema.org\",\"@graph\":[{\"@type\":\"WebPage\",\"@id\":\"https:\/\/admin.industriall-union.org\/es\/sindicatos-reunidos-por-una-accion-unitaria-y-una-transicion-justa-en-colombia\/\",\"url\":\"https:\/\/admin.industriall-union.org\/es\/sindicatos-reunidos-por-una-accion-unitaria-y-una-transicion-justa-en-colombia\/\",\"name\":\"Sindicatos reunidos por una acci\u00f3n unitaria y una transici\u00f3n justa en Colombia. - industriall-union\",\"isPartOf\":{\"@id\":\"https:\/\/admin.industriall-union.org\/#website\"},\"datePublished\":\"2021-08-30T14:47:41+00:00\",\"dateModified\":\"2025-01-28T08:33:45+00:00\",\"description\":\"Las afiliadas a IndustriALL en Colombia, USO, SINTRACARB\u00d3N Y SINTRAELECOL se reunieron el pasado 18 de agosto en el Encuentro pol\u00edtico de unidad minero\",\"breadcrumb\":{\"@id\":\"https:\/\/admin.industriall-union.org\/es\/sindicatos-reunidos-por-una-accion-unitaria-y-una-transicion-justa-en-colombia\/#breadcrumb\"},\"inLanguage\":\"es-ES\",\"potentialAction\":[{\"@type\":\"ReadAction\",\"target\":[\"https:\/\/admin.industriall-union.org\/es\/sindicatos-reunidos-por-una-accion-unitaria-y-una-transicion-justa-en-colombia\/\"]}]},{\"@type\":\"BreadcrumbList\",\"@id\":\"https:\/\/admin.industriall-union.org\/es\/sindicatos-reunidos-por-una-accion-unitaria-y-una-transicion-justa-en-colombia\/#breadcrumb\",\"itemListElement\":[{\"@type\":\"ListItem\",\"position\":1,\"name\":\"Home\",\"item\":\"https:\/\/admin.industriall-union.org\/\"},{\"@type\":\"ListItem\",\"position\":2,\"name\":\"Articles\",\"item\":\"https:\/\/admin.industriall-union.org\/article\/\"},{\"@type\":\"ListItem\",\"position\":3,\"name\":\"Sindicatos reunidos por una acci\u00f3n unitaria y una transici\u00f3n justa en Colombia.\"}]},{\"@type\":\"WebSite\",\"@id\":\"https:\/\/admin.industriall-union.org\/#website\",\"url\":\"https:\/\/admin.industriall-union.org\/\",\"name\":\"industriall-union\",\"description\":\"\",\"potentialAction\":[{\"@type\":\"SearchAction\",\"target\":{\"@type\":\"EntryPoint\",\"urlTemplate\":\"https:\/\/admin.industriall-union.org\/?s={search_term_string}\"},\"query-input\":{\"@type\":\"PropertyValueSpecification\",\"valueRequired\":true,\"valueName\":\"search_term_string\"}}],\"inLanguage\":\"es-ES\"}]}<\/script>\n<!-- \/ Yoast SEO Premium plugin. -->","yoast_head_json":{"title":"Sindicatos reunidos por una acci\u00f3n unitaria y una transici\u00f3n justa en Colombia. - industriall-union","description":"Las afiliadas a IndustriALL en Colombia, USO, SINTRACARB\u00d3N Y SINTRAELECOL se reunieron el pasado 18 de agosto en el Encuentro pol\u00edtico de unidad minero","robots":{"index":"index","follow":"follow","max-snippet":"max-snippet:-1","max-image-preview":"max-image-preview:large","max-video-preview":"max-video-preview:-1"},"canonical":"https:\/\/admin.industriall-union.org\/es\/sindicatos-reunidos-por-una-accion-unitaria-y-una-transicion-justa-en-colombia\/","og_locale":"es_ES","og_type":"article","og_title":"Sindicatos reunidos por una acci\u00f3n unitaria y una transici\u00f3n justa en Colombia.","og_description":"Las afiliadas a IndustriALL en Colombia, USO, SINTRACARB\u00d3N Y SINTRAELECOL se reunieron el pasado 18 de agosto en el Encuentro pol\u00edtico de unidad minero","og_url":"https:\/\/admin.industriall-union.org\/es\/sindicatos-reunidos-por-una-accion-unitaria-y-una-transicion-justa-en-colombia\/","og_site_name":"industriall-union","article_modified_time":"2025-01-28T08:33:45+00:00","twitter_card":"summary_large_image","twitter_misc":{"Est. reading time":"2 minutes"},"schema":{"@context":"https:\/\/schema.org","@graph":[{"@type":"WebPage","@id":"https:\/\/admin.industriall-union.org\/es\/sindicatos-reunidos-por-una-accion-unitaria-y-una-transicion-justa-en-colombia\/","url":"https:\/\/admin.industriall-union.org\/es\/sindicatos-reunidos-por-una-accion-unitaria-y-una-transicion-justa-en-colombia\/","name":"Sindicatos reunidos por una acci\u00f3n unitaria y una transici\u00f3n justa en Colombia. - industriall-union","isPartOf":{"@id":"https:\/\/admin.industriall-union.org\/#website"},"datePublished":"2021-08-30T14:47:41+00:00","dateModified":"2025-01-28T08:33:45+00:00","description":"Las afiliadas a IndustriALL en Colombia, USO, SINTRACARB\u00d3N Y SINTRAELECOL se reunieron el pasado 18 de agosto en el Encuentro pol\u00edtico de unidad minero","breadcrumb":{"@id":"https:\/\/admin.industriall-union.org\/es\/sindicatos-reunidos-por-una-accion-unitaria-y-una-transicion-justa-en-colombia\/#breadcrumb"},"inLanguage":"es-ES","potentialAction":[{"@type":"ReadAction","target":["https:\/\/admin.industriall-union.org\/es\/sindicatos-reunidos-por-una-accion-unitaria-y-una-transicion-justa-en-colombia\/"]}]},{"@type":"BreadcrumbList","@id":"https:\/\/admin.industriall-union.org\/es\/sindicatos-reunidos-por-una-accion-unitaria-y-una-transicion-justa-en-colombia\/#breadcrumb","itemListElement":[{"@type":"ListItem","position":1,"name":"Home","item":"https:\/\/admin.industriall-union.org\/"},{"@type":"ListItem","position":2,"name":"Articles","item":"https:\/\/admin.industriall-union.org\/article\/"},{"@type":"ListItem","position":3,"name":"Sindicatos reunidos por una acci\u00f3n unitaria y una transici\u00f3n justa en Colombia."}]},{"@type":"WebSite","@id":"https:\/\/admin.industriall-union.org\/#website","url":"https:\/\/admin.industriall-union.org\/","name":"industriall-union","description":"","potentialAction":[{"@type":"SearchAction","target":{"@type":"EntryPoint","urlTemplate":"https:\/\/admin.industriall-union.org\/?s={search_term_string}"},"query-input":{"@type":"PropertyValueSpecification","valueRequired":true,"valueName":"search_term_string"}}],"inLanguage":"es-ES"}]}},"_links":{"self":[{"href":"https:\/\/admin.industriall-union.org\/es\/wp-json\/wp\/v2\/article\/156256","targetHints":{"allow":["GET"]}}],"collection":[{"href":"https:\/\/admin.industriall-union.org\/es\/wp-json\/wp\/v2\/article"}],"about":[{"href":"https:\/\/admin.industriall-union.org\/es\/wp-json\/wp\/v2\/types\/article"}],"wp:attachment":[{"href":"https:\/\/admin.industriall-union.org\/es\/wp-json\/wp\/v2\/media?parent=156256"}],"wp:term":[{"taxonomy":"issues","embeddable":true,"href":"https:\/\/admin.industriall-union.org\/es\/wp-json\/wp\/v2\/issues?post=156256"},{"taxonomy":"companies","embeddable":true,"href":"https:\/\/admin.industriall-union.org\/es\/wp-json\/wp\/v2\/companies?post=156256"},{"taxonomy":"regions","embeddable":true,"href":"https:\/\/admin.industriall-union.org\/es\/wp-json\/wp\/v2\/regions?post=156256"},{"taxonomy":"sectors","embeddable":true,"href":"https:\/\/admin.industriall-union.org\/es\/wp-json\/wp\/v2\/sectors?post=156256"},{"taxonomy":"article_tags","embeddable":true,"href":"https:\/\/admin.industriall-union.org\/es\/wp-json\/wp\/v2\/article_tags?post=156256"}],"curies":[{"name":"wp","href":"https:\/\/api.w.org\/{rel}","templated":true}]}}