{"id":156243,"date":"2021-09-01T19:44:45","date_gmt":"2021-09-01T19:44:45","guid":{"rendered":"https:\/\/admin.industriall-union.org\/trabajadores-de-gm-crean-el-sindicato-independiente-en-silao-para-dar-pelea-por-el-contrato-colectivo-de-trabajo\/"},"modified":"2025-01-28T08:29:09","modified_gmt":"2025-01-28T08:29:09","slug":"trabajadores-de-gm-crean-el-sindicato-independiente-en-silao-para-dar-pelea-por-el-contrato-colectivo-de-trabajo","status":"publish","type":"article","link":"https:\/\/admin.industriall-union.org\/es\/trabajadores-de-gm-crean-el-sindicato-independiente-en-silao-para-dar-pelea-por-el-contrato-colectivo-de-trabajo\/","title":{"rendered":"Trabajadores de GM crean el Sindicato independiente en Silao para dar pelea por el Contrato Colectivo de Trabajo"},"content":{"rendered":"<p>Tras el hist\u00f3rico triunfo del NO, en la <a href=\"http:\/\/www.industriall-union.org\/es\/las-trabajadoras-y-trabajadores-de-general-motors-silao-consiguieron-una-historica-victoria\" target=\"_self\">consulta<\/a> de legitimaci\u00f3n del CCT realizada el 17 y 18 de agosto, con el que se rechaz\u00f3 el contrato manejado de manera corrupta e ilegal por el sindicato &ldquo;Miguel Trujillo&rdquo; de la Confederaci\u00f3n de Trabajadores de M\u00e9xico (CTM), surge una organizaci\u00f3n sindical independiente, alternativa y legitima impulsada por el colectivo &ldquo;Generando Moviendo&rdquo;, agrupaci\u00f3n que desde hace dos a\u00f1os enfrenta las represalias de la empresa y que est\u00e1 integrada por trabajadores y ex trabajadores de la GM Silao.&nbsp;<br \/><br \/>El comit\u00e9 ejecutivo de la nueva organizaci\u00f3n est\u00e1 conformado por trabajadores activos de las distintas ramas de producci\u00f3n para avanzar en la consolidaci\u00f3n de una organizaci\u00f3n representativa y dispuesta al di\u00e1logo con la empresa para garantizar los derechos laborales de los trabajadores.<br \/><br \/>Mar\u00eda Alejandra Morales, secretaria general del SINTTIA y trabajadora activa de General Motors, con 11 a\u00f1os de antig\u00fcedad en la empresa, comunic\u00f3 en conferencia de prensa que el nuevo sindicato cuenta con registro legal y toma de nota o registro sindical otorgado por la Secretar\u00eda del Trabajo y Previsi\u00f3n Social.<\/p><p>Morales expres\u00f3:<\/p><blockquote><p>&ldquo;Por fin se alz\u00f3 la voz&nbsp;y los trabajadores est\u00e1n unidos para defender sus derechos y abatir a la CTM, sindicato actual que no los defiende ni laboralmente ni los ayuda a conseguir mejores prestaciones&rdquo;.<\/p><\/blockquote><p><br \/>Por otro lado, la asesora legal del SINTTIA, Patricia Juan Pineda, aseguro que el pr\u00f3ximo 17 de setiembre la STPS declarar\u00e1 nulo el CCT que detentaba la CTM, tras lo cual el SINTTIA comenzar\u00e1 las gestiones pertinentes para alcanzar la titularidad del CCT y emplazar\u00eda a huelga a GM para solicitar la firma del nuevo contrato entre las partes.<br \/><br \/>Seg\u00fan aclara Pineda:<\/p><blockquote><p>&ldquo;El emplazamiento a huelga no significa que se estalle la huelga, el plazo del emplazamiento se definir\u00e1, pero se dar\u00e1 suficiente tiempo para las pl\u00e1ticas con la empresa, habr\u00e1 un espacio amplio&rdquo;.<\/p><\/blockquote><p>Por su parte, el secretario regional de IndustriALL, Marino Vani, expres\u00f3:<\/p><blockquote><p>&ldquo;Excelente decisi\u00f3n de los trabajadores. El respeto y la dignidad en el trabajo se logra con unidad y acci\u00f3n de los trabajadores y el respaldo de las bases a sus dirigentes. Las empresas nos respetan cuando nos hacemos respetar. SINTTIA es el camino para la dignidad laboral, solo la lucha organizada genera movimiento y el contrato colectivo que ustedes lo merecen&rdquo;.<br \/>&nbsp;<\/p><\/blockquote>","protected":false},"featured_media":0,"template":"","issues":[396,399],"companies":[58],"regions":[254,275],"sectors":[482],"article_tags":[],"class_list":["post-156243","article","type-article","status-publish","hentry","issues-building-strong-unions","issues-union-building","companies-general-motors","regions-latin-america-and-the-caribbean","regions-mexico","sectors-automotive"],"acf":[],"yoast_head":"<!-- This site is optimized with the Yoast SEO Premium plugin v27.1 (Yoast SEO v27.1) - https:\/\/yoast.com\/product\/yoast-seo-premium-wordpress\/ -->\n<title>Trabajadores de GM crean el Sindicato independiente en Silao para dar pelea por el Contrato Colectivo de Trabajo - industriall-union<\/title>\n<meta name=\"description\" content=\"Tras el hist\u00f3rico triunfo del NO, en la consulta de legitimaci\u00f3n del CCT realizada el 17 y 18 de agosto, con el que se rechaz\u00f3 el contrato manejado de\" \/>\n<meta name=\"robots\" content=\"index, follow, max-snippet:-1, max-image-preview:large, max-video-preview:-1\" \/>\n<link rel=\"canonical\" href=\"https:\/\/admin.industriall-union.org\/es\/trabajadores-de-gm-crean-el-sindicato-independiente-en-silao-para-dar-pelea-por-el-contrato-colectivo-de-trabajo\/\" \/>\n<meta property=\"og:locale\" content=\"es_ES\" \/>\n<meta property=\"og:type\" content=\"article\" \/>\n<meta property=\"og:title\" content=\"Trabajadores de GM crean el Sindicato independiente en Silao para dar pelea por el Contrato Colectivo de Trabajo\" \/>\n<meta property=\"og:description\" content=\"Tras el hist\u00f3rico triunfo del NO, en la consulta de legitimaci\u00f3n del CCT realizada el 17 y 18 de agosto, con el que se rechaz\u00f3 el contrato manejado de\" \/>\n<meta property=\"og:url\" content=\"https:\/\/admin.industriall-union.org\/es\/trabajadores-de-gm-crean-el-sindicato-independiente-en-silao-para-dar-pelea-por-el-contrato-colectivo-de-trabajo\/\" \/>\n<meta property=\"og:site_name\" content=\"industriall-union\" \/>\n<meta property=\"article:modified_time\" content=\"2025-01-28T08:29:09+00:00\" \/>\n<meta name=\"twitter:card\" content=\"summary_large_image\" \/>\n<meta name=\"twitter:label1\" content=\"Est. reading time\" \/>\n\t<meta name=\"twitter:data1\" content=\"2 minutes\" \/>\n<script type=\"application\/ld+json\" class=\"yoast-schema-graph\">{\"@context\":\"https:\/\/schema.org\",\"@graph\":[{\"@type\":\"WebPage\",\"@id\":\"https:\/\/admin.industriall-union.org\/es\/trabajadores-de-gm-crean-el-sindicato-independiente-en-silao-para-dar-pelea-por-el-contrato-colectivo-de-trabajo\/\",\"url\":\"https:\/\/admin.industriall-union.org\/es\/trabajadores-de-gm-crean-el-sindicato-independiente-en-silao-para-dar-pelea-por-el-contrato-colectivo-de-trabajo\/\",\"name\":\"Trabajadores de GM crean el Sindicato independiente en Silao para dar pelea por el Contrato Colectivo de Trabajo - industriall-union\",\"isPartOf\":{\"@id\":\"https:\/\/admin.industriall-union.org\/#website\"},\"datePublished\":\"2021-09-01T19:44:45+00:00\",\"dateModified\":\"2025-01-28T08:29:09+00:00\",\"description\":\"Tras el hist\u00f3rico triunfo del NO, en la consulta de legitimaci\u00f3n del CCT realizada el 17 y 18 de agosto, con el que se rechaz\u00f3 el contrato manejado de\",\"breadcrumb\":{\"@id\":\"https:\/\/admin.industriall-union.org\/es\/trabajadores-de-gm-crean-el-sindicato-independiente-en-silao-para-dar-pelea-por-el-contrato-colectivo-de-trabajo\/#breadcrumb\"},\"inLanguage\":\"es-ES\",\"potentialAction\":[{\"@type\":\"ReadAction\",\"target\":[\"https:\/\/admin.industriall-union.org\/es\/trabajadores-de-gm-crean-el-sindicato-independiente-en-silao-para-dar-pelea-por-el-contrato-colectivo-de-trabajo\/\"]}]},{\"@type\":\"BreadcrumbList\",\"@id\":\"https:\/\/admin.industriall-union.org\/es\/trabajadores-de-gm-crean-el-sindicato-independiente-en-silao-para-dar-pelea-por-el-contrato-colectivo-de-trabajo\/#breadcrumb\",\"itemListElement\":[{\"@type\":\"ListItem\",\"position\":1,\"name\":\"Home\",\"item\":\"https:\/\/admin.industriall-union.org\/\"},{\"@type\":\"ListItem\",\"position\":2,\"name\":\"Articles\",\"item\":\"https:\/\/admin.industriall-union.org\/article\/\"},{\"@type\":\"ListItem\",\"position\":3,\"name\":\"Trabajadores de GM crean el Sindicato independiente en Silao para dar pelea por el Contrato Colectivo de Trabajo\"}]},{\"@type\":\"WebSite\",\"@id\":\"https:\/\/admin.industriall-union.org\/#website\",\"url\":\"https:\/\/admin.industriall-union.org\/\",\"name\":\"industriall-union\",\"description\":\"\",\"potentialAction\":[{\"@type\":\"SearchAction\",\"target\":{\"@type\":\"EntryPoint\",\"urlTemplate\":\"https:\/\/admin.industriall-union.org\/?s={search_term_string}\"},\"query-input\":{\"@type\":\"PropertyValueSpecification\",\"valueRequired\":true,\"valueName\":\"search_term_string\"}}],\"inLanguage\":\"es-ES\"}]}<\/script>\n<!-- \/ Yoast SEO Premium plugin. -->","yoast_head_json":{"title":"Trabajadores de GM crean el Sindicato independiente en Silao para dar pelea por el Contrato Colectivo de Trabajo - industriall-union","description":"Tras el hist\u00f3rico triunfo del NO, en la consulta de legitimaci\u00f3n del CCT realizada el 17 y 18 de agosto, con el que se rechaz\u00f3 el contrato manejado de","robots":{"index":"index","follow":"follow","max-snippet":"max-snippet:-1","max-image-preview":"max-image-preview:large","max-video-preview":"max-video-preview:-1"},"canonical":"https:\/\/admin.industriall-union.org\/es\/trabajadores-de-gm-crean-el-sindicato-independiente-en-silao-para-dar-pelea-por-el-contrato-colectivo-de-trabajo\/","og_locale":"es_ES","og_type":"article","og_title":"Trabajadores de GM crean el Sindicato independiente en Silao para dar pelea por el Contrato Colectivo de Trabajo","og_description":"Tras el hist\u00f3rico triunfo del NO, en la consulta de legitimaci\u00f3n del CCT realizada el 17 y 18 de agosto, con el que se rechaz\u00f3 el contrato manejado de","og_url":"https:\/\/admin.industriall-union.org\/es\/trabajadores-de-gm-crean-el-sindicato-independiente-en-silao-para-dar-pelea-por-el-contrato-colectivo-de-trabajo\/","og_site_name":"industriall-union","article_modified_time":"2025-01-28T08:29:09+00:00","twitter_card":"summary_large_image","twitter_misc":{"Est. reading time":"2 minutes"},"schema":{"@context":"https:\/\/schema.org","@graph":[{"@type":"WebPage","@id":"https:\/\/admin.industriall-union.org\/es\/trabajadores-de-gm-crean-el-sindicato-independiente-en-silao-para-dar-pelea-por-el-contrato-colectivo-de-trabajo\/","url":"https:\/\/admin.industriall-union.org\/es\/trabajadores-de-gm-crean-el-sindicato-independiente-en-silao-para-dar-pelea-por-el-contrato-colectivo-de-trabajo\/","name":"Trabajadores de GM crean el Sindicato independiente en Silao para dar pelea por el Contrato Colectivo de Trabajo - industriall-union","isPartOf":{"@id":"https:\/\/admin.industriall-union.org\/#website"},"datePublished":"2021-09-01T19:44:45+00:00","dateModified":"2025-01-28T08:29:09+00:00","description":"Tras el hist\u00f3rico triunfo del NO, en la consulta de legitimaci\u00f3n del CCT realizada el 17 y 18 de agosto, con el que se rechaz\u00f3 el contrato manejado de","breadcrumb":{"@id":"https:\/\/admin.industriall-union.org\/es\/trabajadores-de-gm-crean-el-sindicato-independiente-en-silao-para-dar-pelea-por-el-contrato-colectivo-de-trabajo\/#breadcrumb"},"inLanguage":"es-ES","potentialAction":[{"@type":"ReadAction","target":["https:\/\/admin.industriall-union.org\/es\/trabajadores-de-gm-crean-el-sindicato-independiente-en-silao-para-dar-pelea-por-el-contrato-colectivo-de-trabajo\/"]}]},{"@type":"BreadcrumbList","@id":"https:\/\/admin.industriall-union.org\/es\/trabajadores-de-gm-crean-el-sindicato-independiente-en-silao-para-dar-pelea-por-el-contrato-colectivo-de-trabajo\/#breadcrumb","itemListElement":[{"@type":"ListItem","position":1,"name":"Home","item":"https:\/\/admin.industriall-union.org\/"},{"@type":"ListItem","position":2,"name":"Articles","item":"https:\/\/admin.industriall-union.org\/article\/"},{"@type":"ListItem","position":3,"name":"Trabajadores de GM crean el Sindicato independiente en Silao para dar pelea por el Contrato Colectivo de Trabajo"}]},{"@type":"WebSite","@id":"https:\/\/admin.industriall-union.org\/#website","url":"https:\/\/admin.industriall-union.org\/","name":"industriall-union","description":"","potentialAction":[{"@type":"SearchAction","target":{"@type":"EntryPoint","urlTemplate":"https:\/\/admin.industriall-union.org\/?s={search_term_string}"},"query-input":{"@type":"PropertyValueSpecification","valueRequired":true,"valueName":"search_term_string"}}],"inLanguage":"es-ES"}]}},"_links":{"self":[{"href":"https:\/\/admin.industriall-union.org\/es\/wp-json\/wp\/v2\/article\/156243","targetHints":{"allow":["GET"]}}],"collection":[{"href":"https:\/\/admin.industriall-union.org\/es\/wp-json\/wp\/v2\/article"}],"about":[{"href":"https:\/\/admin.industriall-union.org\/es\/wp-json\/wp\/v2\/types\/article"}],"wp:attachment":[{"href":"https:\/\/admin.industriall-union.org\/es\/wp-json\/wp\/v2\/media?parent=156243"}],"wp:term":[{"taxonomy":"issues","embeddable":true,"href":"https:\/\/admin.industriall-union.org\/es\/wp-json\/wp\/v2\/issues?post=156243"},{"taxonomy":"companies","embeddable":true,"href":"https:\/\/admin.industriall-union.org\/es\/wp-json\/wp\/v2\/companies?post=156243"},{"taxonomy":"regions","embeddable":true,"href":"https:\/\/admin.industriall-union.org\/es\/wp-json\/wp\/v2\/regions?post=156243"},{"taxonomy":"sectors","embeddable":true,"href":"https:\/\/admin.industriall-union.org\/es\/wp-json\/wp\/v2\/sectors?post=156243"},{"taxonomy":"article_tags","embeddable":true,"href":"https:\/\/admin.industriall-union.org\/es\/wp-json\/wp\/v2\/article_tags?post=156243"}],"curies":[{"name":"wp","href":"https:\/\/api.w.org\/{rel}","templated":true}]}}