{"id":156052,"date":"2021-10-13T07:07:05","date_gmt":"2021-10-13T07:07:05","guid":{"rendered":"https:\/\/admin.industriall-union.org\/la-reunion-de-expertos-de-la-oit-adopta-el-primer-repertorio-de-recomendaciones-practicas-para-la-industria-textil-y-de-la-confeccion\/"},"modified":"2025-01-28T07:21:39","modified_gmt":"2025-01-28T07:21:39","slug":"la-reunion-de-expertos-de-la-oit-adopta-el-primer-repertorio-de-recomendaciones-practicas-para-la-industria-textil-y-de-la-confeccion","status":"publish","type":"article","link":"https:\/\/admin.industriall-union.org\/es\/la-reunion-de-expertos-de-la-oit-adopta-el-primer-repertorio-de-recomendaciones-practicas-para-la-industria-textil-y-de-la-confeccion\/","title":{"rendered":"La reuni\u00f3n de expertos de la OIT adopta el primer Repertorio de recomendaciones pr\u00e1cticas para la industria textil y de la confecci\u00f3n"},"content":{"rendered":"<p>El Repertorio de recomendaciones pr\u00e1cticas de la OIT, adoptado el 8 de octubre, es el primero para el sector textil, de la confecci\u00f3n, el calzado y el cuero. El documento indica la manera en la que los gobiernos, los empleadores y los trabajadores pueden mejorar la salud y la seguridad de los m\u00e1s de 60 millones de trabajadores de estas industrias.<\/p><blockquote><p>&ldquo;Se trata de un logro importante, puesto que los repertorios de recomendaciones pr\u00e1cticas de la OIT son herramientas de referencia que establecen principios que se pueden reflejar en el dise\u00f1o y la puesta en pr\u00e1ctica de pol\u00edticas, estrategias, programas, leyes, medidas administrativas y mecanismos de di\u00e1logo social para el sector&rdquo;,<\/p><\/blockquote><p>expres\u00f3 Christina Hajagos-Clausen, directora del sector textil y de la confecci\u00f3n de IndustriALL.<\/p><p>De acuerdo con las normas internacionales del trabajo y otros c\u00f3digos de buenas pr\u00e1cticas sectoriales, el Repertorio proporciona directrices pr\u00e1cticas y exhaustivas sobre la manera de eliminar, reducir y controlar todos los peligros y riesgos principales en estas industrias. Esto incluye los peligros f\u00edsicos, ergon\u00f3micos y los relativos a las sustancias qu\u00edmicas, las herramientas, m\u00e1quinas y equipos, as\u00ed como tambi\u00e9n la seguridad edilicia y contra incendios.<\/p><blockquote><p>&ldquo;Queremos asegurarnos de que la tragedia de Rana Plaza nunca vuelva a suceder. Si todos se comprometen a traducir las disposiciones de este Repertorio en acciones, podemos garantizar que ning\u00fan trabajador, en Bangladesh o en cualquier otro pa\u00eds, vuelva a arriesgar su vida en una f\u00e1brica de prendas de vestir&rdquo;,<\/p><\/blockquote><p>declar\u00f3 Kamrul Anam, vicepresidente de la delegaci\u00f3n de trabajadores de la reuni\u00f3n y presidente de la Liga de Trabajadores del Sector Textil y de la confecci\u00f3n de Bangladesh (BTGWL), afiliada a IndustriALL.<\/p><p>La delegaci\u00f3n de los trabajadores tambi\u00e9n estuvo compuesta por Manuel Alejandro Gonz\u00e1lez Mui\u00f1o (CCOO\/Espa\u00f1a),&nbsp;Peter Fr\u00f6v\u00e9n (IFM\/Suecia), Botayeb Bouchkhachakh (CDT\/Marruecos), Dr. Lilanie Daschner (SACWTU\/Sud\u00e1frica), Athit Kong (CCAWDU\/Camboya) y Leonardo Nelcino da Silva (CNTVCUT\/Brasil), y cont\u00f3 con el apoyo del asesor en materia de SSL de la CSI, Rory O&rsquo;Neill, y Cristian Valero, de la oficina regional de IndustriALL en Am\u00e9rica del Sur.<\/p><p>El Repertorio entrar\u00e1 en vigor despu\u00e9s de su aprobaci\u00f3n por parte del Consejo de Administraci\u00f3n de la OIT en marzo.<\/p><p>El sector textil, de la confecci\u00f3n, el calzado y el cuero se vio gravemente afectado por la crisis de la COVID-19. Miles de empresas tuvieron que parar la producci\u00f3n y millones de personas perdieron sus medios de vida por diferentes per\u00edodos de tiempo, y muchas siguen sin trabajo.<\/p><p>El <a href=\"http:\/\/www.industriall-union.org\/es\/el-acuerdo-internacional-de-seguridad-entra-en-vigor-con-77-marcas-de-ropa-y-minoristas\">Acuerdo internacional, renovado en septiembre<\/a>, ampli\u00f3 su cobertura a la salud y a la seguridad en general en lugar de abarcar solamente la seguridad edilicia y contra incendios. El Acuerdo internacional para la salud y la seguridad en la industria textil y de la confecci\u00f3n renovado preserva y desarrolla los elementos fundamentales que hicieron que el Acuerdo original fuera exitoso, tales como el respeto por la libertad sindical, la gobernanza compartida entre los trabajadores y las marcas, un alto nivel de transparencia, un programa de formaci\u00f3n de comit\u00e9s de seguridad y capacitaci\u00f3n de los trabajadores, y un mecanismo independiente y cre\u00edble para la presentaci\u00f3n de reclamos.<\/p><p>M\u00e1s de 135 marcas y minoristas internacionales firmaron el nuevo convenio.<\/p>","protected":false},"featured_media":0,"template":"","issues":[406,402,425],"companies":[],"regions":[],"sectors":[464],"article_tags":[],"class_list":["post-156052","article","type-article","status-publish","hentry","issues-confronting-global-capital","issues-health-and-safety","issues-workers-rights","sectors-textile-leather-garment-shoes-and-textile-services"],"acf":[],"yoast_head":"<!-- This site is optimized with the Yoast SEO Premium plugin v27.1 (Yoast SEO v27.1) - https:\/\/yoast.com\/product\/yoast-seo-premium-wordpress\/ -->\n<title>La reuni\u00f3n de expertos de la OIT adopta el primer Repertorio de recomendaciones pr\u00e1cticas para la industria textil y de la confecci\u00f3n - industriall-union<\/title>\n<meta name=\"description\" content=\"El Repertorio de recomendaciones pr\u00e1cticas de la OIT, adoptado el 8 de octubre, es el primero para el sector textil, de la confecci\u00f3n, el calzado y el\" \/>\n<meta name=\"robots\" content=\"index, follow, max-snippet:-1, max-image-preview:large, max-video-preview:-1\" \/>\n<link rel=\"canonical\" href=\"https:\/\/admin.industriall-union.org\/es\/la-reunion-de-expertos-de-la-oit-adopta-el-primer-repertorio-de-recomendaciones-practicas-para-la-industria-textil-y-de-la-confeccion\/\" \/>\n<meta property=\"og:locale\" content=\"es_ES\" \/>\n<meta property=\"og:type\" content=\"article\" \/>\n<meta property=\"og:title\" content=\"La reuni\u00f3n de expertos de la OIT adopta el primer Repertorio de recomendaciones pr\u00e1cticas para la industria textil y de la confecci\u00f3n\" \/>\n<meta property=\"og:description\" content=\"El Repertorio de recomendaciones pr\u00e1cticas de la OIT, adoptado el 8 de octubre, es el primero para el sector textil, de la confecci\u00f3n, el calzado y el\" \/>\n<meta property=\"og:url\" content=\"https:\/\/admin.industriall-union.org\/es\/la-reunion-de-expertos-de-la-oit-adopta-el-primer-repertorio-de-recomendaciones-practicas-para-la-industria-textil-y-de-la-confeccion\/\" \/>\n<meta property=\"og:site_name\" content=\"industriall-union\" \/>\n<meta property=\"article:modified_time\" content=\"2025-01-28T07:21:39+00:00\" \/>\n<meta name=\"twitter:card\" content=\"summary_large_image\" \/>\n<meta name=\"twitter:label1\" content=\"Est. reading time\" \/>\n\t<meta name=\"twitter:data1\" content=\"3 minutes\" \/>\n<script type=\"application\/ld+json\" class=\"yoast-schema-graph\">{\"@context\":\"https:\/\/schema.org\",\"@graph\":[{\"@type\":\"WebPage\",\"@id\":\"https:\/\/admin.industriall-union.org\/es\/la-reunion-de-expertos-de-la-oit-adopta-el-primer-repertorio-de-recomendaciones-practicas-para-la-industria-textil-y-de-la-confeccion\/\",\"url\":\"https:\/\/admin.industriall-union.org\/es\/la-reunion-de-expertos-de-la-oit-adopta-el-primer-repertorio-de-recomendaciones-practicas-para-la-industria-textil-y-de-la-confeccion\/\",\"name\":\"La reuni\u00f3n de expertos de la OIT adopta el primer Repertorio de recomendaciones pr\u00e1cticas para la industria textil y de la confecci\u00f3n - industriall-union\",\"isPartOf\":{\"@id\":\"https:\/\/admin.industriall-union.org\/#website\"},\"datePublished\":\"2021-10-13T07:07:05+00:00\",\"dateModified\":\"2025-01-28T07:21:39+00:00\",\"description\":\"El Repertorio de recomendaciones pr\u00e1cticas de la OIT, adoptado el 8 de octubre, es el primero para el sector textil, de la confecci\u00f3n, el calzado y el\",\"breadcrumb\":{\"@id\":\"https:\/\/admin.industriall-union.org\/es\/la-reunion-de-expertos-de-la-oit-adopta-el-primer-repertorio-de-recomendaciones-practicas-para-la-industria-textil-y-de-la-confeccion\/#breadcrumb\"},\"inLanguage\":\"es-ES\",\"potentialAction\":[{\"@type\":\"ReadAction\",\"target\":[\"https:\/\/admin.industriall-union.org\/es\/la-reunion-de-expertos-de-la-oit-adopta-el-primer-repertorio-de-recomendaciones-practicas-para-la-industria-textil-y-de-la-confeccion\/\"]}]},{\"@type\":\"BreadcrumbList\",\"@id\":\"https:\/\/admin.industriall-union.org\/es\/la-reunion-de-expertos-de-la-oit-adopta-el-primer-repertorio-de-recomendaciones-practicas-para-la-industria-textil-y-de-la-confeccion\/#breadcrumb\",\"itemListElement\":[{\"@type\":\"ListItem\",\"position\":1,\"name\":\"Home\",\"item\":\"https:\/\/admin.industriall-union.org\/\"},{\"@type\":\"ListItem\",\"position\":2,\"name\":\"Articles\",\"item\":\"https:\/\/admin.industriall-union.org\/article\/\"},{\"@type\":\"ListItem\",\"position\":3,\"name\":\"La reuni\u00f3n de expertos de la OIT adopta el primer Repertorio de recomendaciones pr\u00e1cticas para la industria textil y de la confecci\u00f3n\"}]},{\"@type\":\"WebSite\",\"@id\":\"https:\/\/admin.industriall-union.org\/#website\",\"url\":\"https:\/\/admin.industriall-union.org\/\",\"name\":\"industriall-union\",\"description\":\"\",\"potentialAction\":[{\"@type\":\"SearchAction\",\"target\":{\"@type\":\"EntryPoint\",\"urlTemplate\":\"https:\/\/admin.industriall-union.org\/?s={search_term_string}\"},\"query-input\":{\"@type\":\"PropertyValueSpecification\",\"valueRequired\":true,\"valueName\":\"search_term_string\"}}],\"inLanguage\":\"es-ES\"}]}<\/script>\n<!-- \/ Yoast SEO Premium plugin. -->","yoast_head_json":{"title":"La reuni\u00f3n de expertos de la OIT adopta el primer Repertorio de recomendaciones pr\u00e1cticas para la industria textil y de la confecci\u00f3n - industriall-union","description":"El Repertorio de recomendaciones pr\u00e1cticas de la OIT, adoptado el 8 de octubre, es el primero para el sector textil, de la confecci\u00f3n, el calzado y el","robots":{"index":"index","follow":"follow","max-snippet":"max-snippet:-1","max-image-preview":"max-image-preview:large","max-video-preview":"max-video-preview:-1"},"canonical":"https:\/\/admin.industriall-union.org\/es\/la-reunion-de-expertos-de-la-oit-adopta-el-primer-repertorio-de-recomendaciones-practicas-para-la-industria-textil-y-de-la-confeccion\/","og_locale":"es_ES","og_type":"article","og_title":"La reuni\u00f3n de expertos de la OIT adopta el primer Repertorio de recomendaciones pr\u00e1cticas para la industria textil y de la confecci\u00f3n","og_description":"El Repertorio de recomendaciones pr\u00e1cticas de la OIT, adoptado el 8 de octubre, es el primero para el sector textil, de la confecci\u00f3n, el calzado y el","og_url":"https:\/\/admin.industriall-union.org\/es\/la-reunion-de-expertos-de-la-oit-adopta-el-primer-repertorio-de-recomendaciones-practicas-para-la-industria-textil-y-de-la-confeccion\/","og_site_name":"industriall-union","article_modified_time":"2025-01-28T07:21:39+00:00","twitter_card":"summary_large_image","twitter_misc":{"Est. reading time":"3 minutes"},"schema":{"@context":"https:\/\/schema.org","@graph":[{"@type":"WebPage","@id":"https:\/\/admin.industriall-union.org\/es\/la-reunion-de-expertos-de-la-oit-adopta-el-primer-repertorio-de-recomendaciones-practicas-para-la-industria-textil-y-de-la-confeccion\/","url":"https:\/\/admin.industriall-union.org\/es\/la-reunion-de-expertos-de-la-oit-adopta-el-primer-repertorio-de-recomendaciones-practicas-para-la-industria-textil-y-de-la-confeccion\/","name":"La reuni\u00f3n de expertos de la OIT adopta el primer Repertorio de recomendaciones pr\u00e1cticas para la industria textil y de la confecci\u00f3n - industriall-union","isPartOf":{"@id":"https:\/\/admin.industriall-union.org\/#website"},"datePublished":"2021-10-13T07:07:05+00:00","dateModified":"2025-01-28T07:21:39+00:00","description":"El Repertorio de recomendaciones pr\u00e1cticas de la OIT, adoptado el 8 de octubre, es el primero para el sector textil, de la confecci\u00f3n, el calzado y el","breadcrumb":{"@id":"https:\/\/admin.industriall-union.org\/es\/la-reunion-de-expertos-de-la-oit-adopta-el-primer-repertorio-de-recomendaciones-practicas-para-la-industria-textil-y-de-la-confeccion\/#breadcrumb"},"inLanguage":"es-ES","potentialAction":[{"@type":"ReadAction","target":["https:\/\/admin.industriall-union.org\/es\/la-reunion-de-expertos-de-la-oit-adopta-el-primer-repertorio-de-recomendaciones-practicas-para-la-industria-textil-y-de-la-confeccion\/"]}]},{"@type":"BreadcrumbList","@id":"https:\/\/admin.industriall-union.org\/es\/la-reunion-de-expertos-de-la-oit-adopta-el-primer-repertorio-de-recomendaciones-practicas-para-la-industria-textil-y-de-la-confeccion\/#breadcrumb","itemListElement":[{"@type":"ListItem","position":1,"name":"Home","item":"https:\/\/admin.industriall-union.org\/"},{"@type":"ListItem","position":2,"name":"Articles","item":"https:\/\/admin.industriall-union.org\/article\/"},{"@type":"ListItem","position":3,"name":"La reuni\u00f3n de expertos de la OIT adopta el primer Repertorio de recomendaciones pr\u00e1cticas para la industria textil y de la confecci\u00f3n"}]},{"@type":"WebSite","@id":"https:\/\/admin.industriall-union.org\/#website","url":"https:\/\/admin.industriall-union.org\/","name":"industriall-union","description":"","potentialAction":[{"@type":"SearchAction","target":{"@type":"EntryPoint","urlTemplate":"https:\/\/admin.industriall-union.org\/?s={search_term_string}"},"query-input":{"@type":"PropertyValueSpecification","valueRequired":true,"valueName":"search_term_string"}}],"inLanguage":"es-ES"}]}},"_links":{"self":[{"href":"https:\/\/admin.industriall-union.org\/es\/wp-json\/wp\/v2\/article\/156052","targetHints":{"allow":["GET"]}}],"collection":[{"href":"https:\/\/admin.industriall-union.org\/es\/wp-json\/wp\/v2\/article"}],"about":[{"href":"https:\/\/admin.industriall-union.org\/es\/wp-json\/wp\/v2\/types\/article"}],"wp:attachment":[{"href":"https:\/\/admin.industriall-union.org\/es\/wp-json\/wp\/v2\/media?parent=156052"}],"wp:term":[{"taxonomy":"issues","embeddable":true,"href":"https:\/\/admin.industriall-union.org\/es\/wp-json\/wp\/v2\/issues?post=156052"},{"taxonomy":"companies","embeddable":true,"href":"https:\/\/admin.industriall-union.org\/es\/wp-json\/wp\/v2\/companies?post=156052"},{"taxonomy":"regions","embeddable":true,"href":"https:\/\/admin.industriall-union.org\/es\/wp-json\/wp\/v2\/regions?post=156052"},{"taxonomy":"sectors","embeddable":true,"href":"https:\/\/admin.industriall-union.org\/es\/wp-json\/wp\/v2\/sectors?post=156052"},{"taxonomy":"article_tags","embeddable":true,"href":"https:\/\/admin.industriall-union.org\/es\/wp-json\/wp\/v2\/article_tags?post=156052"}],"curies":[{"name":"wp","href":"https:\/\/api.w.org\/{rel}","templated":true}]}}