{"id":156029,"date":"2021-10-20T15:34:31","date_gmt":"2021-10-20T15:34:31","guid":{"rendered":"https:\/\/admin.industriall-union.org\/sindicatos-reclaman-dialogo-social-en-heidelbergcement\/"},"modified":"2025-01-28T07:02:42","modified_gmt":"2025-01-28T07:02:42","slug":"sindicatos-reclaman-dialogo-social-en-heidelbergcement","status":"publish","type":"article","link":"https:\/\/admin.industriall-union.org\/es\/sindicatos-reclaman-dialogo-social-en-heidelbergcement\/","title":{"rendered":"Sindicatos reclaman di\u00e1logo social en HeidelbergCement"},"content":{"rendered":"<p>Los d\u00edas 13 y 14 de octubre, IndustriALL Global Union, la Internacional de Trabajadores de la Construcci\u00f3n y la Madera (ICM) y la Federaci\u00f3n Europea de Trabajadores de la Construcci\u00f3n y la Madera (FETCM), que representan a los trabajadores de la gigante del cemento con sede en Alemania, aprovecharon la oportunidad para elaborar estrategias de cara al futuro.<\/p><p>La red adopt\u00f3 una<a href=\"\/wp-content\/uploads\/documents\/2021\/SWITZERLAND\/HeidelbergCement\/en_statement_of_the_unions_representing_heidelbergcement_workers.pdf\"> declaraci\u00f3n conjunta <\/a>en la que exigi\u00f3 un avance genuino en la calidad del di\u00e1logo social. Entre otras cosas, pidi\u00f3 que HeidelbergCement:<\/p><ul><li>Erradique el abuso de los trabajadores subcontratados y tercerizados<\/li><li>Participe en negociaciones sobre un acuerdo marco global&nbsp;<\/li><li>Ponga en marcha un mecanismo conjunto que garantice el respeto de los derechos de los trabajadores y la mejora de las condiciones laborales<\/li><li>Mejore la participaci\u00f3n de los trabajadores y garantice el respeto de los derechos sindicales y el derecho a la representaci\u00f3n y la sindicaci\u00f3n, con un enfoque particular en la participaci\u00f3n de los trabajadores en cuestiones de salud y seguridad<\/li><li>Incluya una dimensi\u00f3n social en sus pol\u00edticas de reducci\u00f3n de emisiones de CO2, protecci\u00f3n contra el cambio clim\u00e1tico y digitalizaci\u00f3n que afectan a sus empleados y trabajadores subcontratados<\/li><li>Inicie consultas con los sindicatos acerca de la Transici\u00f3n Justa<\/li><li>Firme una declaraci\u00f3n conjunta sobre SSL con la ICM, IndustriALL Global Union y la FETCM<\/li><\/ul><p>Se aprob\u00f3 un<a href=\"\/wp-content\/uploads\/documents\/2021\/SWITZERLAND\/HeidelbergCement\/heidelbergcement_seattle_solidarity_statement.pdf\"> mensaje de solidaridad <\/a>en apoyo de m\u00e1s de 150 trabajadores del sindicato Teamsters Ready Mix en Estados Unidos, que est\u00e1n reclamando la resoluci\u00f3n de problemas de salud y seguridad y que se ponga fin a los abusos de la legislaci\u00f3n federal en materia laboral.<\/p><p>Michael Walker, miembro de la secci\u00f3n sindical 174 de Teamsters en Seattle, explic\u00f3 que, a pesar de registrar un r\u00e9cord de ganancias, la empresa no ofreci\u00f3 aumentos dignos e incluso se neg\u00f3 a brindar cobertura m\u00e9dica integral a un grupo de 300 trabajadores despu\u00e9s del vencimiento de su convenio colectivo. &ldquo;Esta es la quinta vez que estuve en una mesa de negociaciones, nunca hab\u00eda visto algo as\u00ed, quieren que hagamos huelga ahora&rdquo;, expres\u00f3 Walker.<\/p><p>Este a\u00f1o, a pesar de la implementaci\u00f3n de un programa de &ldquo;cero da\u00f1os&rdquo; por parte de la empresa, quince personas perdieron la vida debido a la COVID-19 en las operaciones de HeidelbergCement. A su vez, en este mismo a\u00f1o, tres trabajadores subcontratados murieron en el trabajo en Ghana, Burkina Faso y Bangladesh.<\/p><p>Adem\u00e1s, el deterioro del di\u00e1logo social dificult\u00f3 las negociaciones y los sindicatos se movilizaron en varios pa\u00edses.<\/p><p>El desaf\u00edo de la industria con respecto a la reducci\u00f3n de las emisiones de carbono tambi\u00e9n se debati\u00f3 ampliamente en la reuni\u00f3n. HeidelbergCement necesita una hoja de ruta para pasar del combustible f\u00f3sil a la energ\u00eda renovable e implementar nuevas tecnolog\u00edas industriales, y los participantes hicieron \u00e9nfasis en que la participaci\u00f3n de los trabajadores es crucial para garantizar una Transici\u00f3n Justa.<\/p><section class=\"boxTurquoiseImage\"><header class=\"imageArticle imageMedium colorOverlay\"><img decoding=\"async\" alt=\"\" src=\"\/wp-content\/uploads\/images\/2021\/SWITZERLAND\/HeidelbergCement\/tom_deleu_shot_2021-10-13_at_13.57.24.png\" style=\"width: 600px;height: 338px\" \/><div class=\"imageContent\"><div class=\"imageCaption\"><p>Tom Deleu, secretario general de la FETCM<\/p><\/div><\/div><\/header><\/section><p>Tom Deleu, secretario general de la FETCM, expres\u00f3:<\/p><blockquote><p>&ldquo;El cambio clim\u00e1tico es una amenaza existencial para la humanidad. La FETCM apoya la transici\u00f3n verde y el compromiso de HeidelbergCement con la reducci\u00f3n de sus emisiones de carbono, ya que no puede haber empleos en un planeta muerto, pero es esencial que la transici\u00f3n sea justa y que los trabajadores participen en todas las etapas de este proceso&rdquo;.<\/p><\/blockquote><p>Los compa\u00f1eros de \u00c1frica y Asia informaron que la empresa est\u00e1 recurriendo excesivamente a reg\u00edmenes de empleo at\u00edpicos, lo que socava las condiciones de trabajo y remuneraci\u00f3n. Afirmaron que los trabajadores afectados por estos sistemas son los mismos cuyos empleos e ingresos fueron devastados por la pandemia.<\/p><p>Gavor Kodjo, secretario general de la Federaci\u00f3n de Trabajadores de la Madera y la Construcci\u00f3n (FTBC), agradeci\u00f3 a la ICM y a los representantes sindicales en Alemania por ayudar a su sindicato a plantear sus problemas en CIMTOGO (HeidelbergCement) a los altos directivos de la empresa en este pa\u00eds. El sindicato subray\u00f3 que los contratistas de CIMTOGO han violado repetidamente los derechos de los trabajadores y no han logrado garantizar entornos de trabajo saludables y seguros. Tambi\u00e9n mencion\u00f3 problemas como la falta de declaraci\u00f3n de accidentes relacionados con el trabajo y la no emisi\u00f3n de recibos de pago a los trabajadores, as\u00ed como tambi\u00e9n las malas normas de higiene.<\/p><section class=\"boxTurquoiseImage\"><header class=\"imageArticle imageMedium colorOverlay\"><img decoding=\"async\" alt=\"\" src=\"\/wp-content\/uploads\/images\/2021\/SWITZERLAND\/HeidelbergCement\/ambet_yuson_screen_shot_2021-10-13_at_13.50.11.png\" style=\"width: 600px;height: 375px\" \/><div class=\"imageContent\"><div class=\"imageCaption\"><p>Secretario general de la ICM, Ambet Yuson<\/p><\/div><\/div><\/header><\/section><p>Ambet Yuson, el secretario general de la ICM, declar\u00f3:<\/p><blockquote><p>&ldquo;En medio de la pandemia, HeidelbergCement ha seguido generando ganancias y pagando enormes dividendos y bonificaciones, mientras que sus trabajadores viven bajo el temor constante de perder sus empleos. Hoy, la empresa se perdi\u00f3 la oportunidad de reunirse con dirigentes sindicales que reclaman el di\u00e1logo social&rdquo;.<\/p><\/blockquote><blockquote>&nbsp;<\/blockquote><section class=\"boxTurquoiseImage\"><header class=\"imageArticle imageMedium colorOverlay\"><img decoding=\"async\" alt=\"\" src=\"\/wp-content\/uploads\/images\/2021\/SWITZERLAND\/HeidelbergCement\/kemal_ozkan_screen_shot_2021-10-13_at_13.42.23.png\" style=\"height: 399px;width: 600px\" \/><div class=\"imageContent\"><div class=\"imageCaption\"><p>Kemal Ozkan, secretario general adjunto de IndustriALL<\/p><\/div><\/div><\/header><\/section><p>Kemal Ozkan, secretario general adjunto de IndustriALL, coment\u00f3:<\/p><blockquote><p>&ldquo;HeidelbergCement debe convertirse en una empresa socialmente responsable y entablar un di\u00e1logo genuino con nuestras tres organizaciones. Vemos una serie de problemas relacionados con la salud y la seguridad, violaciones de los derechos de los trabajadores y una reticencia a negociar de buena fe, entre otros&rdquo;.<\/p><\/blockquote>","protected":false},"featured_media":0,"template":"","issues":[],"companies":[66],"regions":[],"sectors":[485,484],"article_tags":[],"class_list":["post-156029","article","type-article","status-publish","hentry","companies-heidelbergcement","sectors-cement","sectors-glass-cement-ceramic-and-associated-industries"],"acf":[],"yoast_head":"<!-- This site is optimized with the Yoast SEO Premium plugin v27.1 (Yoast SEO v27.1) - https:\/\/yoast.com\/product\/yoast-seo-premium-wordpress\/ -->\n<title>Sindicatos reclaman di\u00e1logo social en HeidelbergCement - industriall-union<\/title>\n<meta name=\"description\" content=\"Los d\u00edas 13 y 14 de octubre, IndustriALL Global Union, la Internacional de Trabajadores de la Construcci\u00f3n y la Madera (ICM) y la Federaci\u00f3n Europea de\" \/>\n<meta name=\"robots\" content=\"index, follow, max-snippet:-1, max-image-preview:large, max-video-preview:-1\" \/>\n<link rel=\"canonical\" href=\"https:\/\/admin.industriall-union.org\/es\/sindicatos-reclaman-dialogo-social-en-heidelbergcement\/\" \/>\n<meta property=\"og:locale\" content=\"es_ES\" \/>\n<meta property=\"og:type\" content=\"article\" \/>\n<meta property=\"og:title\" content=\"Sindicatos reclaman di\u00e1logo social en HeidelbergCement\" \/>\n<meta property=\"og:description\" content=\"Los d\u00edas 13 y 14 de octubre, IndustriALL Global Union, la Internacional de Trabajadores de la Construcci\u00f3n y la Madera (ICM) y la Federaci\u00f3n Europea de\" \/>\n<meta property=\"og:url\" content=\"https:\/\/admin.industriall-union.org\/es\/sindicatos-reclaman-dialogo-social-en-heidelbergcement\/\" \/>\n<meta property=\"og:site_name\" content=\"industriall-union\" \/>\n<meta property=\"article:modified_time\" content=\"2025-01-28T07:02:42+00:00\" \/>\n<meta name=\"twitter:card\" content=\"summary_large_image\" \/>\n<meta name=\"twitter:label1\" content=\"Est. reading time\" \/>\n\t<meta name=\"twitter:data1\" content=\"4 minutes\" \/>\n<script type=\"application\/ld+json\" class=\"yoast-schema-graph\">{\"@context\":\"https:\/\/schema.org\",\"@graph\":[{\"@type\":\"WebPage\",\"@id\":\"https:\/\/admin.industriall-union.org\/es\/sindicatos-reclaman-dialogo-social-en-heidelbergcement\/\",\"url\":\"https:\/\/admin.industriall-union.org\/es\/sindicatos-reclaman-dialogo-social-en-heidelbergcement\/\",\"name\":\"Sindicatos reclaman di\u00e1logo social en HeidelbergCement - industriall-union\",\"isPartOf\":{\"@id\":\"https:\/\/admin.industriall-union.org\/#website\"},\"datePublished\":\"2021-10-20T15:34:31+00:00\",\"dateModified\":\"2025-01-28T07:02:42+00:00\",\"description\":\"Los d\u00edas 13 y 14 de octubre, IndustriALL Global Union, la Internacional de Trabajadores de la Construcci\u00f3n y la Madera (ICM) y la Federaci\u00f3n Europea de\",\"breadcrumb\":{\"@id\":\"https:\/\/admin.industriall-union.org\/es\/sindicatos-reclaman-dialogo-social-en-heidelbergcement\/#breadcrumb\"},\"inLanguage\":\"es-ES\",\"potentialAction\":[{\"@type\":\"ReadAction\",\"target\":[\"https:\/\/admin.industriall-union.org\/es\/sindicatos-reclaman-dialogo-social-en-heidelbergcement\/\"]}]},{\"@type\":\"BreadcrumbList\",\"@id\":\"https:\/\/admin.industriall-union.org\/es\/sindicatos-reclaman-dialogo-social-en-heidelbergcement\/#breadcrumb\",\"itemListElement\":[{\"@type\":\"ListItem\",\"position\":1,\"name\":\"Home\",\"item\":\"https:\/\/admin.industriall-union.org\/\"},{\"@type\":\"ListItem\",\"position\":2,\"name\":\"Articles\",\"item\":\"https:\/\/admin.industriall-union.org\/article\/\"},{\"@type\":\"ListItem\",\"position\":3,\"name\":\"Sindicatos reclaman di\u00e1logo social en HeidelbergCement\"}]},{\"@type\":\"WebSite\",\"@id\":\"https:\/\/admin.industriall-union.org\/#website\",\"url\":\"https:\/\/admin.industriall-union.org\/\",\"name\":\"industriall-union\",\"description\":\"\",\"potentialAction\":[{\"@type\":\"SearchAction\",\"target\":{\"@type\":\"EntryPoint\",\"urlTemplate\":\"https:\/\/admin.industriall-union.org\/?s={search_term_string}\"},\"query-input\":{\"@type\":\"PropertyValueSpecification\",\"valueRequired\":true,\"valueName\":\"search_term_string\"}}],\"inLanguage\":\"es-ES\"}]}<\/script>\n<!-- \/ Yoast SEO Premium plugin. -->","yoast_head_json":{"title":"Sindicatos reclaman di\u00e1logo social en HeidelbergCement - industriall-union","description":"Los d\u00edas 13 y 14 de octubre, IndustriALL Global Union, la Internacional de Trabajadores de la Construcci\u00f3n y la Madera (ICM) y la Federaci\u00f3n Europea de","robots":{"index":"index","follow":"follow","max-snippet":"max-snippet:-1","max-image-preview":"max-image-preview:large","max-video-preview":"max-video-preview:-1"},"canonical":"https:\/\/admin.industriall-union.org\/es\/sindicatos-reclaman-dialogo-social-en-heidelbergcement\/","og_locale":"es_ES","og_type":"article","og_title":"Sindicatos reclaman di\u00e1logo social en HeidelbergCement","og_description":"Los d\u00edas 13 y 14 de octubre, IndustriALL Global Union, la Internacional de Trabajadores de la Construcci\u00f3n y la Madera (ICM) y la Federaci\u00f3n Europea de","og_url":"https:\/\/admin.industriall-union.org\/es\/sindicatos-reclaman-dialogo-social-en-heidelbergcement\/","og_site_name":"industriall-union","article_modified_time":"2025-01-28T07:02:42+00:00","twitter_card":"summary_large_image","twitter_misc":{"Est. reading time":"4 minutes"},"schema":{"@context":"https:\/\/schema.org","@graph":[{"@type":"WebPage","@id":"https:\/\/admin.industriall-union.org\/es\/sindicatos-reclaman-dialogo-social-en-heidelbergcement\/","url":"https:\/\/admin.industriall-union.org\/es\/sindicatos-reclaman-dialogo-social-en-heidelbergcement\/","name":"Sindicatos reclaman di\u00e1logo social en HeidelbergCement - industriall-union","isPartOf":{"@id":"https:\/\/admin.industriall-union.org\/#website"},"datePublished":"2021-10-20T15:34:31+00:00","dateModified":"2025-01-28T07:02:42+00:00","description":"Los d\u00edas 13 y 14 de octubre, IndustriALL Global Union, la Internacional de Trabajadores de la Construcci\u00f3n y la Madera (ICM) y la Federaci\u00f3n Europea de","breadcrumb":{"@id":"https:\/\/admin.industriall-union.org\/es\/sindicatos-reclaman-dialogo-social-en-heidelbergcement\/#breadcrumb"},"inLanguage":"es-ES","potentialAction":[{"@type":"ReadAction","target":["https:\/\/admin.industriall-union.org\/es\/sindicatos-reclaman-dialogo-social-en-heidelbergcement\/"]}]},{"@type":"BreadcrumbList","@id":"https:\/\/admin.industriall-union.org\/es\/sindicatos-reclaman-dialogo-social-en-heidelbergcement\/#breadcrumb","itemListElement":[{"@type":"ListItem","position":1,"name":"Home","item":"https:\/\/admin.industriall-union.org\/"},{"@type":"ListItem","position":2,"name":"Articles","item":"https:\/\/admin.industriall-union.org\/article\/"},{"@type":"ListItem","position":3,"name":"Sindicatos reclaman di\u00e1logo social en HeidelbergCement"}]},{"@type":"WebSite","@id":"https:\/\/admin.industriall-union.org\/#website","url":"https:\/\/admin.industriall-union.org\/","name":"industriall-union","description":"","potentialAction":[{"@type":"SearchAction","target":{"@type":"EntryPoint","urlTemplate":"https:\/\/admin.industriall-union.org\/?s={search_term_string}"},"query-input":{"@type":"PropertyValueSpecification","valueRequired":true,"valueName":"search_term_string"}}],"inLanguage":"es-ES"}]}},"_links":{"self":[{"href":"https:\/\/admin.industriall-union.org\/es\/wp-json\/wp\/v2\/article\/156029","targetHints":{"allow":["GET"]}}],"collection":[{"href":"https:\/\/admin.industriall-union.org\/es\/wp-json\/wp\/v2\/article"}],"about":[{"href":"https:\/\/admin.industriall-union.org\/es\/wp-json\/wp\/v2\/types\/article"}],"wp:attachment":[{"href":"https:\/\/admin.industriall-union.org\/es\/wp-json\/wp\/v2\/media?parent=156029"}],"wp:term":[{"taxonomy":"issues","embeddable":true,"href":"https:\/\/admin.industriall-union.org\/es\/wp-json\/wp\/v2\/issues?post=156029"},{"taxonomy":"companies","embeddable":true,"href":"https:\/\/admin.industriall-union.org\/es\/wp-json\/wp\/v2\/companies?post=156029"},{"taxonomy":"regions","embeddable":true,"href":"https:\/\/admin.industriall-union.org\/es\/wp-json\/wp\/v2\/regions?post=156029"},{"taxonomy":"sectors","embeddable":true,"href":"https:\/\/admin.industriall-union.org\/es\/wp-json\/wp\/v2\/sectors?post=156029"},{"taxonomy":"article_tags","embeddable":true,"href":"https:\/\/admin.industriall-union.org\/es\/wp-json\/wp\/v2\/article_tags?post=156029"}],"curies":[{"name":"wp","href":"https:\/\/api.w.org\/{rel}","templated":true}]}}