{"id":155991,"date":"2021-10-26T05:27:39","date_gmt":"2021-10-26T05:27:39","guid":{"rendered":"https:\/\/admin.industriall-union.org\/sindicatos-de-myanmar-piden-la-retirada-inmediata-de-preferencias-comerciales-de-la-ue-a-la-luz-de-violaciones-de-derechos-humanos-y-laborales\/"},"modified":"2025-01-28T06:50:19","modified_gmt":"2025-01-28T06:50:19","slug":"sindicatos-de-myanmar-piden-la-retirada-inmediata-de-preferencias-comerciales-de-la-ue-a-la-luz-de-violaciones-de-derechos-humanos-y-laborales","status":"publish","type":"article","link":"https:\/\/admin.industriall-union.org\/es\/sindicatos-de-myanmar-piden-la-retirada-inmediata-de-preferencias-comerciales-de-la-ue-a-la-luz-de-violaciones-de-derechos-humanos-y-laborales\/","title":{"rendered":"Sindicatos de Myanmar piden la retirada inmediata de preferencias comerciales de la UE a la luz de violaciones de derechos humanos y laborales"},"content":{"rendered":"<p>Al d\u00eda de la fecha, industriAll Europe e IndustriALL Global Union, en nombre de sindicatos de todo el mundo, se han puesto en contacto con la Comisi\u00f3n Europea, el Parlamento Europeo y el Consejo Europeo para pedirles que retiren inmediatamente las preferencias comerciales con Myanmar en virtud del plan EBA de la UE.<\/p><p>Kemal \u00d6zkan, secretario general adjunto de IndustriALL, declar\u00f3:<\/p><blockquote><p>&ldquo;Lo que est\u00e1 sucediendo en Myanmar despu\u00e9s del golpe militar es una mancha negra en la historia de la humanidad. Torturar, encarcelar y asesinar a personas inocentes son acciones brutales contra la humanidad. Todos tenemos la responsabilidad de luchar contra esto y Europa tiene una responsabilidad especial. La UE otorga el Sistema Generalizado de Preferencias (SPG) a los pa\u00edses en desarrollo vulnerables para ayudarlos a aliviar la pobreza y crear puestos de trabajo alineados con los valores y principios internacionales, incluidos los derechos humanos y laborales. Pedimos a la UE que haga todo lo necesario para detener esta masacre&rdquo;.<\/p><\/blockquote><p>Los trabajadores de Myanmar viven bajo una amenaza constante de arresto, violencia e incluso tortura por parte de la junta militar, por lo que los sindicatos del pa\u00eds est\u00e1n reclamando sanciones econ\u00f3micas estrictas contra el r\u00e9gimen actual, que es antidemocr\u00e1tico y abusivo.<\/p><p>Desde el golpe de Estado del 1 de febrero de 2021, la junta militar en este pa\u00eds ha ejercido un reinado del terror que ha afectado especialmente a los trabajadores y las zonas industrializadas. Los sindicalistas y trabajadores que intentaron expresar sus preocupaciones leg\u00edtimas a trav\u00e9s de manifestaciones han sido acosados por los militares, al tiempo que numerosos dirigentes sindicales se han visto obligados a esconderse, varios fueron arrestados y a muchos se les anularon los pasaportes.<\/p><section class=\"boxTurquoise\"><h3>Es un hecho que alrededor de 300.000 trabajadores ya han sido despedidos por afiliarse al Movimiento de Desobediencia Civil (MDL). Las restricciones a las libertades civiles son m\u00e1s que evidentes.<\/h3><\/section><p>La Comisi\u00f3n Europea promueve el SPG de la UE, del que el EAB es solo un ejemplo, como un medio para que el comercio con la UE pueda utilizarse para crear puestos de trabajo en los pa\u00edses en desarrollo. Los sindicatos apoyan los objetivos generales del SGP, tales como el aumento de los derechos y las condiciones laborales en algunos de los pa\u00edses m\u00e1s pobres del mundo.<\/p><p>Sin embargo, los sindicatos insisten en que, para que el SGP tenga un impacto real, tambi\u00e9n deben aplicarse sanciones a la luz de los terribles abusos de los derechos humanos y laborales.<\/p><p>Ambas organizaciones apoyan el reclamo conjunto del movimiento sindical de Myanmar &mdash; la CTUM y la IWFM&mdash; a las empresas multinacionales para que retiren sus inversiones en Myanmar y garanticen, al mismo tiempo, que la mano de obra sea tratada de manera responsable a medida que se completan los pedidos.<\/p><p>Judith Kirton-Darling, subsecretaria general de IndustriAll Europe, declar\u00f3:<\/p><blockquote><p>&ldquo;Es absolutamente evidente que la dictadura militar actual en Myanmar est\u00e1 abusando de sus ciudadanos y violando sus derechos humanos b\u00e1sicos, adem\u00e1s de infringiendo una gran cantidad de convenios de la OIT. El SGP de la UE est\u00e1 destinado a garantizar que los trabajadores gocen de condiciones seguras y se respeten sus derechos laborales. Nada puede estar m\u00e1s lejos de la realidad en Myanmar, y exigimos que la UE revoque urgentemente el EAB con Myanmar de acuerdo con los reclamos de los trabajadores de este pa\u00eds&rdquo;.<\/p><\/blockquote>","protected":false},"featured_media":0,"template":"","issues":[406,424,425],"companies":[],"regions":[177],"sectors":[],"article_tags":[],"class_list":["post-155991","article","type-article","status-publish","hentry","issues-confronting-global-capital","issues-violation","issues-workers-rights","regions-myanmar"],"acf":[],"yoast_head":"<!-- This site is optimized with the Yoast SEO Premium plugin v27.1 (Yoast SEO v27.1) - https:\/\/yoast.com\/product\/yoast-seo-premium-wordpress\/ -->\n<title>Sindicatos de Myanmar piden la retirada inmediata de preferencias comerciales de la UE a la luz de violaciones de derechos humanos y laborales - industriall-union<\/title>\n<meta name=\"description\" content=\"Al d\u00eda de la fecha, industriAll Europe e IndustriALL Global Union, en nombre de sindicatos de todo el mundo, se han puesto en contacto con la Comisi\u00f3n\" \/>\n<meta name=\"robots\" content=\"index, follow, max-snippet:-1, max-image-preview:large, max-video-preview:-1\" \/>\n<link rel=\"canonical\" href=\"https:\/\/admin.industriall-union.org\/es\/sindicatos-de-myanmar-piden-la-retirada-inmediata-de-preferencias-comerciales-de-la-ue-a-la-luz-de-violaciones-de-derechos-humanos-y-laborales\/\" \/>\n<meta property=\"og:locale\" content=\"es_ES\" \/>\n<meta property=\"og:type\" content=\"article\" \/>\n<meta property=\"og:title\" content=\"Sindicatos de Myanmar piden la retirada inmediata de preferencias comerciales de la UE a la luz de violaciones de derechos humanos y laborales\" \/>\n<meta property=\"og:description\" content=\"Al d\u00eda de la fecha, industriAll Europe e IndustriALL Global Union, en nombre de sindicatos de todo el mundo, se han puesto en contacto con la Comisi\u00f3n\" \/>\n<meta property=\"og:url\" content=\"https:\/\/admin.industriall-union.org\/es\/sindicatos-de-myanmar-piden-la-retirada-inmediata-de-preferencias-comerciales-de-la-ue-a-la-luz-de-violaciones-de-derechos-humanos-y-laborales\/\" \/>\n<meta property=\"og:site_name\" content=\"industriall-union\" \/>\n<meta property=\"article:modified_time\" content=\"2025-01-28T06:50:19+00:00\" \/>\n<meta name=\"twitter:card\" content=\"summary_large_image\" \/>\n<meta name=\"twitter:label1\" content=\"Est. reading time\" \/>\n\t<meta name=\"twitter:data1\" content=\"3 minutes\" \/>\n<script type=\"application\/ld+json\" class=\"yoast-schema-graph\">{\"@context\":\"https:\/\/schema.org\",\"@graph\":[{\"@type\":\"WebPage\",\"@id\":\"https:\/\/admin.industriall-union.org\/es\/sindicatos-de-myanmar-piden-la-retirada-inmediata-de-preferencias-comerciales-de-la-ue-a-la-luz-de-violaciones-de-derechos-humanos-y-laborales\/\",\"url\":\"https:\/\/admin.industriall-union.org\/es\/sindicatos-de-myanmar-piden-la-retirada-inmediata-de-preferencias-comerciales-de-la-ue-a-la-luz-de-violaciones-de-derechos-humanos-y-laborales\/\",\"name\":\"Sindicatos de Myanmar piden la retirada inmediata de preferencias comerciales de la UE a la luz de violaciones de derechos humanos y laborales - industriall-union\",\"isPartOf\":{\"@id\":\"https:\/\/admin.industriall-union.org\/#website\"},\"datePublished\":\"2021-10-26T05:27:39+00:00\",\"dateModified\":\"2025-01-28T06:50:19+00:00\",\"description\":\"Al d\u00eda de la fecha, industriAll Europe e IndustriALL Global Union, en nombre de sindicatos de todo el mundo, se han puesto en contacto con la Comisi\u00f3n\",\"breadcrumb\":{\"@id\":\"https:\/\/admin.industriall-union.org\/es\/sindicatos-de-myanmar-piden-la-retirada-inmediata-de-preferencias-comerciales-de-la-ue-a-la-luz-de-violaciones-de-derechos-humanos-y-laborales\/#breadcrumb\"},\"inLanguage\":\"es-ES\",\"potentialAction\":[{\"@type\":\"ReadAction\",\"target\":[\"https:\/\/admin.industriall-union.org\/es\/sindicatos-de-myanmar-piden-la-retirada-inmediata-de-preferencias-comerciales-de-la-ue-a-la-luz-de-violaciones-de-derechos-humanos-y-laborales\/\"]}]},{\"@type\":\"BreadcrumbList\",\"@id\":\"https:\/\/admin.industriall-union.org\/es\/sindicatos-de-myanmar-piden-la-retirada-inmediata-de-preferencias-comerciales-de-la-ue-a-la-luz-de-violaciones-de-derechos-humanos-y-laborales\/#breadcrumb\",\"itemListElement\":[{\"@type\":\"ListItem\",\"position\":1,\"name\":\"Home\",\"item\":\"https:\/\/admin.industriall-union.org\/\"},{\"@type\":\"ListItem\",\"position\":2,\"name\":\"Articles\",\"item\":\"https:\/\/admin.industriall-union.org\/article\/\"},{\"@type\":\"ListItem\",\"position\":3,\"name\":\"Sindicatos de Myanmar piden la retirada inmediata de preferencias comerciales de la UE a la luz de violaciones de derechos humanos y laborales\"}]},{\"@type\":\"WebSite\",\"@id\":\"https:\/\/admin.industriall-union.org\/#website\",\"url\":\"https:\/\/admin.industriall-union.org\/\",\"name\":\"industriall-union\",\"description\":\"\",\"potentialAction\":[{\"@type\":\"SearchAction\",\"target\":{\"@type\":\"EntryPoint\",\"urlTemplate\":\"https:\/\/admin.industriall-union.org\/?s={search_term_string}\"},\"query-input\":{\"@type\":\"PropertyValueSpecification\",\"valueRequired\":true,\"valueName\":\"search_term_string\"}}],\"inLanguage\":\"es-ES\"}]}<\/script>\n<!-- \/ Yoast SEO Premium plugin. -->","yoast_head_json":{"title":"Sindicatos de Myanmar piden la retirada inmediata de preferencias comerciales de la UE a la luz de violaciones de derechos humanos y laborales - industriall-union","description":"Al d\u00eda de la fecha, industriAll Europe e IndustriALL Global Union, en nombre de sindicatos de todo el mundo, se han puesto en contacto con la Comisi\u00f3n","robots":{"index":"index","follow":"follow","max-snippet":"max-snippet:-1","max-image-preview":"max-image-preview:large","max-video-preview":"max-video-preview:-1"},"canonical":"https:\/\/admin.industriall-union.org\/es\/sindicatos-de-myanmar-piden-la-retirada-inmediata-de-preferencias-comerciales-de-la-ue-a-la-luz-de-violaciones-de-derechos-humanos-y-laborales\/","og_locale":"es_ES","og_type":"article","og_title":"Sindicatos de Myanmar piden la retirada inmediata de preferencias comerciales de la UE a la luz de violaciones de derechos humanos y laborales","og_description":"Al d\u00eda de la fecha, industriAll Europe e IndustriALL Global Union, en nombre de sindicatos de todo el mundo, se han puesto en contacto con la Comisi\u00f3n","og_url":"https:\/\/admin.industriall-union.org\/es\/sindicatos-de-myanmar-piden-la-retirada-inmediata-de-preferencias-comerciales-de-la-ue-a-la-luz-de-violaciones-de-derechos-humanos-y-laborales\/","og_site_name":"industriall-union","article_modified_time":"2025-01-28T06:50:19+00:00","twitter_card":"summary_large_image","twitter_misc":{"Est. reading time":"3 minutes"},"schema":{"@context":"https:\/\/schema.org","@graph":[{"@type":"WebPage","@id":"https:\/\/admin.industriall-union.org\/es\/sindicatos-de-myanmar-piden-la-retirada-inmediata-de-preferencias-comerciales-de-la-ue-a-la-luz-de-violaciones-de-derechos-humanos-y-laborales\/","url":"https:\/\/admin.industriall-union.org\/es\/sindicatos-de-myanmar-piden-la-retirada-inmediata-de-preferencias-comerciales-de-la-ue-a-la-luz-de-violaciones-de-derechos-humanos-y-laborales\/","name":"Sindicatos de Myanmar piden la retirada inmediata de preferencias comerciales de la UE a la luz de violaciones de derechos humanos y laborales - industriall-union","isPartOf":{"@id":"https:\/\/admin.industriall-union.org\/#website"},"datePublished":"2021-10-26T05:27:39+00:00","dateModified":"2025-01-28T06:50:19+00:00","description":"Al d\u00eda de la fecha, industriAll Europe e IndustriALL Global Union, en nombre de sindicatos de todo el mundo, se han puesto en contacto con la Comisi\u00f3n","breadcrumb":{"@id":"https:\/\/admin.industriall-union.org\/es\/sindicatos-de-myanmar-piden-la-retirada-inmediata-de-preferencias-comerciales-de-la-ue-a-la-luz-de-violaciones-de-derechos-humanos-y-laborales\/#breadcrumb"},"inLanguage":"es-ES","potentialAction":[{"@type":"ReadAction","target":["https:\/\/admin.industriall-union.org\/es\/sindicatos-de-myanmar-piden-la-retirada-inmediata-de-preferencias-comerciales-de-la-ue-a-la-luz-de-violaciones-de-derechos-humanos-y-laborales\/"]}]},{"@type":"BreadcrumbList","@id":"https:\/\/admin.industriall-union.org\/es\/sindicatos-de-myanmar-piden-la-retirada-inmediata-de-preferencias-comerciales-de-la-ue-a-la-luz-de-violaciones-de-derechos-humanos-y-laborales\/#breadcrumb","itemListElement":[{"@type":"ListItem","position":1,"name":"Home","item":"https:\/\/admin.industriall-union.org\/"},{"@type":"ListItem","position":2,"name":"Articles","item":"https:\/\/admin.industriall-union.org\/article\/"},{"@type":"ListItem","position":3,"name":"Sindicatos de Myanmar piden la retirada inmediata de preferencias comerciales de la UE a la luz de violaciones de derechos humanos y laborales"}]},{"@type":"WebSite","@id":"https:\/\/admin.industriall-union.org\/#website","url":"https:\/\/admin.industriall-union.org\/","name":"industriall-union","description":"","potentialAction":[{"@type":"SearchAction","target":{"@type":"EntryPoint","urlTemplate":"https:\/\/admin.industriall-union.org\/?s={search_term_string}"},"query-input":{"@type":"PropertyValueSpecification","valueRequired":true,"valueName":"search_term_string"}}],"inLanguage":"es-ES"}]}},"_links":{"self":[{"href":"https:\/\/admin.industriall-union.org\/es\/wp-json\/wp\/v2\/article\/155991","targetHints":{"allow":["GET"]}}],"collection":[{"href":"https:\/\/admin.industriall-union.org\/es\/wp-json\/wp\/v2\/article"}],"about":[{"href":"https:\/\/admin.industriall-union.org\/es\/wp-json\/wp\/v2\/types\/article"}],"wp:attachment":[{"href":"https:\/\/admin.industriall-union.org\/es\/wp-json\/wp\/v2\/media?parent=155991"}],"wp:term":[{"taxonomy":"issues","embeddable":true,"href":"https:\/\/admin.industriall-union.org\/es\/wp-json\/wp\/v2\/issues?post=155991"},{"taxonomy":"companies","embeddable":true,"href":"https:\/\/admin.industriall-union.org\/es\/wp-json\/wp\/v2\/companies?post=155991"},{"taxonomy":"regions","embeddable":true,"href":"https:\/\/admin.industriall-union.org\/es\/wp-json\/wp\/v2\/regions?post=155991"},{"taxonomy":"sectors","embeddable":true,"href":"https:\/\/admin.industriall-union.org\/es\/wp-json\/wp\/v2\/sectors?post=155991"},{"taxonomy":"article_tags","embeddable":true,"href":"https:\/\/admin.industriall-union.org\/es\/wp-json\/wp\/v2\/article_tags?post=155991"}],"curies":[{"name":"wp","href":"https:\/\/api.w.org\/{rel}","templated":true}]}}