{"id":155931,"date":"2021-11-05T13:21:17","date_gmt":"2021-11-05T13:21:17","guid":{"rendered":"https:\/\/admin.industriall-union.org\/declaracion-sobre-transicion-justa-adoptada-en-la-cop26\/"},"modified":"2025-01-28T06:33:45","modified_gmt":"2025-01-28T06:33:45","slug":"declaracion-sobre-transicion-justa-adoptada-en-la-cop26","status":"publish","type":"article","link":"https:\/\/admin.industriall-union.org\/es\/declaracion-sobre-transicion-justa-adoptada-en-la-cop26\/","title":{"rendered":"Declaraci\u00f3n sobre Transici\u00f3n Justa adoptada en la COP26"},"content":{"rendered":"<p>La <a href=\"https:\/\/ukcop26.org\/supporting-the-conditions-for-a-just-transition-internationally\/\">Declaraci\u00f3n<\/a> fue firmada por pa\u00edses del Norte Global con el peso econ\u00f3mico para hacerla realidad, incluido EE. UU., Canad\u00e1, el Reino Unido, la Comisi\u00f3n Europea y varios pa\u00edses europeos individuales. Los pa\u00edses ricos se comprometieron a financiar los esfuerzos de mitigaci\u00f3n del cambio clim\u00e1tico y descarbonizaci\u00f3n en los pa\u00edses m\u00e1s pobres, y estos fondos ahora estar\u00e1n sujetos al principio de Transici\u00f3n Justa.<\/p><p>Tambi\u00e9n aplicar\u00e1n los principios de la Declaraci\u00f3n en sus planes nacionales sobre Transici\u00f3n Justa.<\/p><p>El texto de la declaraci\u00f3n se prepar\u00f3 en estrecha colaboraci\u00f3n entre el responsable de Transici\u00f3n Justa del gobierno del Reino Unido, la CSI, IndustriALL Global Union e IndustriAll Europe.<\/p><p>La Declaraci\u00f3n se basa en el Acuerdo de Par\u00eds, las <a href=\"https:\/\/www.ilo.org\/wcmsp5\/groups\/public\/---ed_emp\/---emp_ent\/documents\/publication\/wcms_432859.pdf\">Directrices para una Transici\u00f3n Justa<\/a> de la Organizaci\u00f3n Internacional del Trabajo (OIT), y la <a href=\"https:\/\/cop24.gov.pl\/fileadmin\/user_upload\/Solidarity_and_Just_Transition_Silesia_Declaration_2_.pdf\">Declaraci\u00f3n de Silesia<\/a> aprobada en la COP24 en Katowice, Polonia.<\/p><p>En el documento se reconoce que los efectos del cambio clim\u00e1tico y de la descarbonizaci\u00f3n de la econom\u00eda recaer\u00e1n de manera desproporcionada sobre los que viven en la pobreza o tienen un trabajo inseguro, los que trabajan en industrias intensivas en carbono y que se encuentran en pa\u00edses que dependen de los combustibles f\u00f3siles. Adem\u00e1s, se admite que esta situaci\u00f3n amenaza con exacerbar la desigualdad por raz\u00f3n de g\u00e9nero, raza, edad y de otro tipo. Su objetivo es garantizar que nadie se quede atr\u00e1s en la transici\u00f3n del mundo hacia una econom\u00eda sin efectos nocivos para el clima.<\/p><p>Los principios de la Declaraci\u00f3n son los siguientes:<\/p><ul><li>Apoyar a los trabajadores durante la transici\u00f3n hacia nuevos puestos de trabajo<\/li><li>Apoyar y promover el di\u00e1logo social y la participaci\u00f3n de las partes interesadas<\/li><li>Elaborar estrategias econ\u00f3micas que conduzcan al desarrollo sostenible, incluido el apoyo a los pa\u00edses que dependen de los combustibles f\u00f3siles para diversificar sus econom\u00edas<\/li><li>Crear trabajo local, inclusivo y digno para que no se tercericen los nuevos empleos verdes<\/li><li>Aplicar los principios de la Transici\u00f3n Justa a lo largo de la cadena de suministro, mediante el uso de normas reconocidas de diligencia debida<\/li><li>Comprometerse a informar sobre el progreso de la Transici\u00f3n Justa en el marco del Acuerdo de Par\u00eds y las contribuciones determinadas a nivel nacional<\/li><\/ul><p>El secretario general adjunto de IndustriALL, Kemal \u00d6zkan, expres\u00f3:<\/p><blockquote><p>&ldquo;Todas las partes est\u00e1n hablando sobre la Transici\u00f3n Justa en esta COP. Esta es por s\u00ed sola una gran victoria para nosotros y demuestra que nuestras intervenciones se han abierto paso. Pero siempre ha habido una lucha con respecto a las definiciones, para asegurarnos de que estamos hablando de lo mismo. Tambi\u00e9n han escaseado los detalles sobre c\u00f3mo se llevar\u00e1 a cabo la Transici\u00f3n Justa en la pr\u00e1ctica.<\/p><\/blockquote><p>Esta Declaraci\u00f3n sienta un precedente muy importante. Los sindicatos de todos los pa\u00edses deben difundirla ampliamente y asegurarse de que sus gobiernos, empresas y otras partes interesadas comprendan su contenido, as\u00ed como tambi\u00e9n ejercer presi\u00f3n activamente para garantizar que se cumplan estos principios y las Directrices de la OIT&rdquo;.<\/p><p>Judith Kirton-Darling, subsecretaria general de IndustriAll Europe, declar\u00f3:<\/p><blockquote><p>&ldquo;No estamos hablando simplemente de otra declaraci\u00f3n. Estamos hablando de lograr compromisos claros por parte de los gobiernos para que entablen un di\u00e1logo social eficaz con los trabajadores, as\u00ed como tambi\u00e9n que acepten hacerse responsables y rendir cuentas por la implementaci\u00f3n de los principios de la Transici\u00f3n Justa dentro del proceso de presentaci\u00f3n de informes del Acuerdo de Par\u00eds. Los sindicatos tienen grandes expectativas hacia estos gobiernos y solicitan participar plenamente en el proceso&rdquo;.<\/p><\/blockquote><p>La Declaraci\u00f3n surgi\u00f3 luego de intensas presiones ejercidas por el movimiento sindical durante muchos a\u00f1os. La semana pasada, IndustriALL Global e industriAll Europe publicaron una <a href=\"https:\/\/news.industriall-europe.eu\/content\/documents\/upload\/2021\/11\/637716423455137853_joint_declaration_cop26_industriall_europe-global_amendments29102021_clean.pdf\">declaraci\u00f3n conjunta<\/a> en la que instaron a los gobiernos a ir m\u00e1s all\u00e1 de las palabras e implementar una Transici\u00f3n Justa a trav\u00e9s de medidas concretas sobre el respeto por el di\u00e1logo social y la participaci\u00f3n de los trabajadores.<\/p><figure class=\"imageArticle imageMedium\"><img decoding=\"async\" alt=\"\" src=\"\/wp-content\/uploads\/images\/2021\/UK\/COP26\/joint_meeting.jpg\" style=\"width: 600px;height: 450px\" \/><figcaption class=\"imageContent\"><div class=\"imageCaption\"><p>Participantes en una reuni\u00f3n de Transici\u00f3n Justa de la COP26 en la oficina de Unite the Union<\/p><\/div><\/figcaption><\/figure><p>En la COP26 de esta semana, los sindicatos celebraron una serie de eventos paralelos para promover iniciativas sobre Transici\u00f3n Justa. En el D\u00eda de la Energ\u00eda, el 4 de noviembre, las partes anunciaron una asociaci\u00f3n para la descarbonizaci\u00f3n del sector energ\u00e9tico sudafricano, con un valor de 8500 millones de d\u00f3lares, que los sindicatos <a href=\"http:\/\/www.industriall-union.org\/unions-uneasy-over-south-african-just-transition-finance-deal-announced-at-cop26\">recibieron con cautela<\/a>. Los sindicatos seguir\u00e1n de cerca los avances en Sud\u00e1frica, ya que proporcionan un buen caso de prueba para un proceso internacional de Transici\u00f3n Justa a gran escala.<\/p><p>IndustriALL Global e industriAll Europe esperan seguir debatiendo sobre la Transici\u00f3n Justa en su evento paralelo conjunto en el Pabell\u00f3n de la UE, que se celebrar\u00e1 el mi\u00e9rcoles 10 de noviembre con sindicatos, empleadores, pol\u00edticos y la Comisi\u00f3n Europea.<\/p>","protected":false},"featured_media":0,"template":"","issues":[393],"companies":[],"regions":[202,251],"sectors":[],"article_tags":[507],"class_list":["post-155931","article","type-article","status-publish","hentry","issues-climate-change-just-transition","regions-europe","regions-united-kingdom","article_tags-cop"],"acf":[],"yoast_head":"<!-- This site is optimized with the Yoast SEO Premium plugin v27.1 (Yoast SEO v27.1) - https:\/\/yoast.com\/product\/yoast-seo-premium-wordpress\/ -->\n<title>Declaraci\u00f3n sobre Transici\u00f3n Justa adoptada en la COP26 - industriall-union<\/title>\n<meta name=\"description\" content=\"La Declaraci\u00f3n fue firmada por pa\u00edses del Norte Global con el peso econ\u00f3mico para hacerla realidad, incluido EE. UU., Canad\u00e1, el Reino Unido, la Comisi\u00f3n\" \/>\n<meta name=\"robots\" content=\"index, follow, max-snippet:-1, max-image-preview:large, max-video-preview:-1\" \/>\n<link rel=\"canonical\" href=\"https:\/\/admin.industriall-union.org\/es\/declaracion-sobre-transicion-justa-adoptada-en-la-cop26\/\" \/>\n<meta property=\"og:locale\" content=\"es_ES\" \/>\n<meta property=\"og:type\" content=\"article\" \/>\n<meta property=\"og:title\" content=\"Declaraci\u00f3n sobre Transici\u00f3n Justa adoptada en la COP26\" \/>\n<meta property=\"og:description\" content=\"La Declaraci\u00f3n fue firmada por pa\u00edses del Norte Global con el peso econ\u00f3mico para hacerla realidad, incluido EE. UU., Canad\u00e1, el Reino Unido, la Comisi\u00f3n\" \/>\n<meta property=\"og:url\" content=\"https:\/\/admin.industriall-union.org\/es\/declaracion-sobre-transicion-justa-adoptada-en-la-cop26\/\" \/>\n<meta property=\"og:site_name\" content=\"industriall-union\" \/>\n<meta property=\"article:modified_time\" content=\"2025-01-28T06:33:45+00:00\" \/>\n<meta name=\"twitter:card\" content=\"summary_large_image\" \/>\n<meta name=\"twitter:label1\" content=\"Est. reading time\" \/>\n\t<meta name=\"twitter:data1\" content=\"4 minutes\" \/>\n<script type=\"application\/ld+json\" class=\"yoast-schema-graph\">{\"@context\":\"https:\/\/schema.org\",\"@graph\":[{\"@type\":\"WebPage\",\"@id\":\"https:\/\/admin.industriall-union.org\/es\/declaracion-sobre-transicion-justa-adoptada-en-la-cop26\/\",\"url\":\"https:\/\/admin.industriall-union.org\/es\/declaracion-sobre-transicion-justa-adoptada-en-la-cop26\/\",\"name\":\"Declaraci\u00f3n sobre Transici\u00f3n Justa adoptada en la COP26 - industriall-union\",\"isPartOf\":{\"@id\":\"https:\/\/admin.industriall-union.org\/#website\"},\"datePublished\":\"2021-11-05T13:21:17+00:00\",\"dateModified\":\"2025-01-28T06:33:45+00:00\",\"description\":\"La Declaraci\u00f3n fue firmada por pa\u00edses del Norte Global con el peso econ\u00f3mico para hacerla realidad, incluido EE. UU., Canad\u00e1, el Reino Unido, la Comisi\u00f3n\",\"breadcrumb\":{\"@id\":\"https:\/\/admin.industriall-union.org\/es\/declaracion-sobre-transicion-justa-adoptada-en-la-cop26\/#breadcrumb\"},\"inLanguage\":\"es-ES\",\"potentialAction\":[{\"@type\":\"ReadAction\",\"target\":[\"https:\/\/admin.industriall-union.org\/es\/declaracion-sobre-transicion-justa-adoptada-en-la-cop26\/\"]}]},{\"@type\":\"BreadcrumbList\",\"@id\":\"https:\/\/admin.industriall-union.org\/es\/declaracion-sobre-transicion-justa-adoptada-en-la-cop26\/#breadcrumb\",\"itemListElement\":[{\"@type\":\"ListItem\",\"position\":1,\"name\":\"Home\",\"item\":\"https:\/\/admin.industriall-union.org\/\"},{\"@type\":\"ListItem\",\"position\":2,\"name\":\"Articles\",\"item\":\"https:\/\/admin.industriall-union.org\/article\/\"},{\"@type\":\"ListItem\",\"position\":3,\"name\":\"Declaraci\u00f3n sobre Transici\u00f3n Justa adoptada en la COP26\"}]},{\"@type\":\"WebSite\",\"@id\":\"https:\/\/admin.industriall-union.org\/#website\",\"url\":\"https:\/\/admin.industriall-union.org\/\",\"name\":\"industriall-union\",\"description\":\"\",\"potentialAction\":[{\"@type\":\"SearchAction\",\"target\":{\"@type\":\"EntryPoint\",\"urlTemplate\":\"https:\/\/admin.industriall-union.org\/?s={search_term_string}\"},\"query-input\":{\"@type\":\"PropertyValueSpecification\",\"valueRequired\":true,\"valueName\":\"search_term_string\"}}],\"inLanguage\":\"es-ES\"}]}<\/script>\n<!-- \/ Yoast SEO Premium plugin. -->","yoast_head_json":{"title":"Declaraci\u00f3n sobre Transici\u00f3n Justa adoptada en la COP26 - industriall-union","description":"La Declaraci\u00f3n fue firmada por pa\u00edses del Norte Global con el peso econ\u00f3mico para hacerla realidad, incluido EE. UU., Canad\u00e1, el Reino Unido, la Comisi\u00f3n","robots":{"index":"index","follow":"follow","max-snippet":"max-snippet:-1","max-image-preview":"max-image-preview:large","max-video-preview":"max-video-preview:-1"},"canonical":"https:\/\/admin.industriall-union.org\/es\/declaracion-sobre-transicion-justa-adoptada-en-la-cop26\/","og_locale":"es_ES","og_type":"article","og_title":"Declaraci\u00f3n sobre Transici\u00f3n Justa adoptada en la COP26","og_description":"La Declaraci\u00f3n fue firmada por pa\u00edses del Norte Global con el peso econ\u00f3mico para hacerla realidad, incluido EE. UU., Canad\u00e1, el Reino Unido, la Comisi\u00f3n","og_url":"https:\/\/admin.industriall-union.org\/es\/declaracion-sobre-transicion-justa-adoptada-en-la-cop26\/","og_site_name":"industriall-union","article_modified_time":"2025-01-28T06:33:45+00:00","twitter_card":"summary_large_image","twitter_misc":{"Est. reading time":"4 minutes"},"schema":{"@context":"https:\/\/schema.org","@graph":[{"@type":"WebPage","@id":"https:\/\/admin.industriall-union.org\/es\/declaracion-sobre-transicion-justa-adoptada-en-la-cop26\/","url":"https:\/\/admin.industriall-union.org\/es\/declaracion-sobre-transicion-justa-adoptada-en-la-cop26\/","name":"Declaraci\u00f3n sobre Transici\u00f3n Justa adoptada en la COP26 - industriall-union","isPartOf":{"@id":"https:\/\/admin.industriall-union.org\/#website"},"datePublished":"2021-11-05T13:21:17+00:00","dateModified":"2025-01-28T06:33:45+00:00","description":"La Declaraci\u00f3n fue firmada por pa\u00edses del Norte Global con el peso econ\u00f3mico para hacerla realidad, incluido EE. UU., Canad\u00e1, el Reino Unido, la Comisi\u00f3n","breadcrumb":{"@id":"https:\/\/admin.industriall-union.org\/es\/declaracion-sobre-transicion-justa-adoptada-en-la-cop26\/#breadcrumb"},"inLanguage":"es-ES","potentialAction":[{"@type":"ReadAction","target":["https:\/\/admin.industriall-union.org\/es\/declaracion-sobre-transicion-justa-adoptada-en-la-cop26\/"]}]},{"@type":"BreadcrumbList","@id":"https:\/\/admin.industriall-union.org\/es\/declaracion-sobre-transicion-justa-adoptada-en-la-cop26\/#breadcrumb","itemListElement":[{"@type":"ListItem","position":1,"name":"Home","item":"https:\/\/admin.industriall-union.org\/"},{"@type":"ListItem","position":2,"name":"Articles","item":"https:\/\/admin.industriall-union.org\/article\/"},{"@type":"ListItem","position":3,"name":"Declaraci\u00f3n sobre Transici\u00f3n Justa adoptada en la COP26"}]},{"@type":"WebSite","@id":"https:\/\/admin.industriall-union.org\/#website","url":"https:\/\/admin.industriall-union.org\/","name":"industriall-union","description":"","potentialAction":[{"@type":"SearchAction","target":{"@type":"EntryPoint","urlTemplate":"https:\/\/admin.industriall-union.org\/?s={search_term_string}"},"query-input":{"@type":"PropertyValueSpecification","valueRequired":true,"valueName":"search_term_string"}}],"inLanguage":"es-ES"}]}},"_links":{"self":[{"href":"https:\/\/admin.industriall-union.org\/es\/wp-json\/wp\/v2\/article\/155931","targetHints":{"allow":["GET"]}}],"collection":[{"href":"https:\/\/admin.industriall-union.org\/es\/wp-json\/wp\/v2\/article"}],"about":[{"href":"https:\/\/admin.industriall-union.org\/es\/wp-json\/wp\/v2\/types\/article"}],"wp:attachment":[{"href":"https:\/\/admin.industriall-union.org\/es\/wp-json\/wp\/v2\/media?parent=155931"}],"wp:term":[{"taxonomy":"issues","embeddable":true,"href":"https:\/\/admin.industriall-union.org\/es\/wp-json\/wp\/v2\/issues?post=155931"},{"taxonomy":"companies","embeddable":true,"href":"https:\/\/admin.industriall-union.org\/es\/wp-json\/wp\/v2\/companies?post=155931"},{"taxonomy":"regions","embeddable":true,"href":"https:\/\/admin.industriall-union.org\/es\/wp-json\/wp\/v2\/regions?post=155931"},{"taxonomy":"sectors","embeddable":true,"href":"https:\/\/admin.industriall-union.org\/es\/wp-json\/wp\/v2\/sectors?post=155931"},{"taxonomy":"article_tags","embeddable":true,"href":"https:\/\/admin.industriall-union.org\/es\/wp-json\/wp\/v2\/article_tags?post=155931"}],"curies":[{"name":"wp","href":"https:\/\/api.w.org\/{rel}","templated":true}]}}