{"id":155929,"date":"2021-09-20T08:50:47","date_gmt":"2021-09-20T08:50:47","guid":{"rendered":"https:\/\/admin.industriall-union.org\/kan-matsuzaki-2\/"},"modified":"2025-01-28T06:33:05","modified_gmt":"2025-01-28T06:33:05","slug":"kan-matsuzaki-2","status":"publish","type":"article","link":"https:\/\/admin.industriall-union.org\/es\/kan-matsuzaki-2\/","title":{"rendered":"Kan Matsuzaki"},"content":{"rendered":"<p>Kan Matsuzaki fue elegido secretario general adjunto de IndustriALL Global Union en su 3.er&nbsp;Congreso, celebrado del 14 al 15 de septiembre de 2021. Anteriormente, fue director del sector de TIC, industria el\u00e9ctrica y electr\u00f3nica y del sector de construcci\u00f3n naval y desguace de buques en IndustriALL.&nbsp;<\/p><p>A inicios de su carrera, en 1998, Matsuzaki se uni\u00f3 al Consejo de Sindicatos de Trabajadores Metal\u00fargicos de Jap\u00f3n (JCM), una organizaci\u00f3n coordinadora que representa a un amplio conjunto de sindicatos de la industria metal\u00fargica de Jap\u00f3n, presentes en sectores como los del autom\u00f3vil, el acero, la construcci\u00f3n naval, la maquinaria, la electricidad y la electr\u00f3nica. Fue responsable de coordinar e instituir pol\u00edticas industriales para fortalecer la base manufacturera y asegurar empleos sostenibles. Se le asignaron tareas espec\u00edficas para promover la solidaridad internacional entre los trabajadores metal\u00fargicos del sudeste asi\u00e1tico.<\/p><p>En agosto de 2010 se incorpor\u00f3 a la Federaci\u00f3n Internacional de Trabajadores de las Industrias Metal\u00fargicas (FITIM) y fue responsable de los trabajadores no manuales y de la construcci\u00f3n naval hasta la formaci\u00f3n de IndustriALL en 2012, cuando fue nombrado director de los sectores de TIC, industria el\u00e9ctrica y electr\u00f3nica, y de construcci\u00f3n naval y desguace de buques. En ambos sectores ha participado activamente en la expansi\u00f3n de redes sindicales, la promoci\u00f3n de pol\u00edticas industriales sostenibles y la conducci\u00f3n de proyectos de sindicalizaci\u00f3n (para trabajadores de desguace de buques en Asia del Sur y del sector de TIC y EE en el sudeste asi\u00e1tico), que han tenido \u00e9xito en la representaci\u00f3n de trabajadores precarios.<\/p>","protected":false},"featured_media":0,"template":"","issues":[],"companies":[],"regions":[],"sectors":[],"article_tags":[],"class_list":["post-155929","article","type-article","status-publish","hentry"],"acf":[],"yoast_head":"<!-- This site is optimized with the Yoast SEO Premium plugin v27.1 (Yoast SEO v27.1) - https:\/\/yoast.com\/product\/yoast-seo-premium-wordpress\/ -->\n<title>Kan Matsuzaki - industriall-union<\/title>\n<meta name=\"description\" content=\"Kan Matsuzaki fue elegido secretario general adjunto de IndustriALL Global Union en su 3.er&nbsp;Congreso, celebrado del 14 al 15 de septiembre de 2021.\" \/>\n<meta name=\"robots\" content=\"index, follow, max-snippet:-1, max-image-preview:large, max-video-preview:-1\" \/>\n<link rel=\"canonical\" href=\"https:\/\/admin.industriall-union.org\/es\/kan-matsuzaki-2\/\" \/>\n<meta property=\"og:locale\" content=\"es_ES\" \/>\n<meta property=\"og:type\" content=\"article\" \/>\n<meta property=\"og:title\" content=\"Kan Matsuzaki\" \/>\n<meta property=\"og:description\" content=\"Kan Matsuzaki fue elegido secretario general adjunto de IndustriALL Global Union en su 3.er&nbsp;Congreso, celebrado del 14 al 15 de septiembre de 2021.\" \/>\n<meta property=\"og:url\" content=\"https:\/\/admin.industriall-union.org\/es\/kan-matsuzaki-2\/\" \/>\n<meta property=\"og:site_name\" content=\"industriall-union\" \/>\n<meta property=\"article:modified_time\" content=\"2025-01-28T06:33:05+00:00\" \/>\n<meta name=\"twitter:card\" content=\"summary_large_image\" \/>\n<meta name=\"twitter:label1\" content=\"Est. reading time\" \/>\n\t<meta name=\"twitter:data1\" content=\"1 minute\" \/>\n<script type=\"application\/ld+json\" class=\"yoast-schema-graph\">{\"@context\":\"https:\/\/schema.org\",\"@graph\":[{\"@type\":\"WebPage\",\"@id\":\"https:\/\/admin.industriall-union.org\/es\/kan-matsuzaki-2\/\",\"url\":\"https:\/\/admin.industriall-union.org\/es\/kan-matsuzaki-2\/\",\"name\":\"Kan Matsuzaki - industriall-union\",\"isPartOf\":{\"@id\":\"https:\/\/admin.industriall-union.org\/#website\"},\"datePublished\":\"2021-09-20T08:50:47+00:00\",\"dateModified\":\"2025-01-28T06:33:05+00:00\",\"description\":\"Kan Matsuzaki fue elegido secretario general adjunto de IndustriALL Global Union en su 3.er&nbsp;Congreso, celebrado del 14 al 15 de septiembre de 2021.\",\"breadcrumb\":{\"@id\":\"https:\/\/admin.industriall-union.org\/es\/kan-matsuzaki-2\/#breadcrumb\"},\"inLanguage\":\"es-ES\",\"potentialAction\":[{\"@type\":\"ReadAction\",\"target\":[\"https:\/\/admin.industriall-union.org\/es\/kan-matsuzaki-2\/\"]}]},{\"@type\":\"BreadcrumbList\",\"@id\":\"https:\/\/admin.industriall-union.org\/es\/kan-matsuzaki-2\/#breadcrumb\",\"itemListElement\":[{\"@type\":\"ListItem\",\"position\":1,\"name\":\"Home\",\"item\":\"https:\/\/admin.industriall-union.org\/\"},{\"@type\":\"ListItem\",\"position\":2,\"name\":\"Articles\",\"item\":\"https:\/\/admin.industriall-union.org\/article\/\"},{\"@type\":\"ListItem\",\"position\":3,\"name\":\"Kan Matsuzaki\"}]},{\"@type\":\"WebSite\",\"@id\":\"https:\/\/admin.industriall-union.org\/#website\",\"url\":\"https:\/\/admin.industriall-union.org\/\",\"name\":\"industriall-union\",\"description\":\"\",\"potentialAction\":[{\"@type\":\"SearchAction\",\"target\":{\"@type\":\"EntryPoint\",\"urlTemplate\":\"https:\/\/admin.industriall-union.org\/?s={search_term_string}\"},\"query-input\":{\"@type\":\"PropertyValueSpecification\",\"valueRequired\":true,\"valueName\":\"search_term_string\"}}],\"inLanguage\":\"es-ES\"}]}<\/script>\n<!-- \/ Yoast SEO Premium plugin. -->","yoast_head_json":{"title":"Kan Matsuzaki - industriall-union","description":"Kan Matsuzaki fue elegido secretario general adjunto de IndustriALL Global Union en su 3.er&nbsp;Congreso, celebrado del 14 al 15 de septiembre de 2021.","robots":{"index":"index","follow":"follow","max-snippet":"max-snippet:-1","max-image-preview":"max-image-preview:large","max-video-preview":"max-video-preview:-1"},"canonical":"https:\/\/admin.industriall-union.org\/es\/kan-matsuzaki-2\/","og_locale":"es_ES","og_type":"article","og_title":"Kan Matsuzaki","og_description":"Kan Matsuzaki fue elegido secretario general adjunto de IndustriALL Global Union en su 3.er&nbsp;Congreso, celebrado del 14 al 15 de septiembre de 2021.","og_url":"https:\/\/admin.industriall-union.org\/es\/kan-matsuzaki-2\/","og_site_name":"industriall-union","article_modified_time":"2025-01-28T06:33:05+00:00","twitter_card":"summary_large_image","twitter_misc":{"Est. reading time":"1 minute"},"schema":{"@context":"https:\/\/schema.org","@graph":[{"@type":"WebPage","@id":"https:\/\/admin.industriall-union.org\/es\/kan-matsuzaki-2\/","url":"https:\/\/admin.industriall-union.org\/es\/kan-matsuzaki-2\/","name":"Kan Matsuzaki - industriall-union","isPartOf":{"@id":"https:\/\/admin.industriall-union.org\/#website"},"datePublished":"2021-09-20T08:50:47+00:00","dateModified":"2025-01-28T06:33:05+00:00","description":"Kan Matsuzaki fue elegido secretario general adjunto de IndustriALL Global Union en su 3.er&nbsp;Congreso, celebrado del 14 al 15 de septiembre de 2021.","breadcrumb":{"@id":"https:\/\/admin.industriall-union.org\/es\/kan-matsuzaki-2\/#breadcrumb"},"inLanguage":"es-ES","potentialAction":[{"@type":"ReadAction","target":["https:\/\/admin.industriall-union.org\/es\/kan-matsuzaki-2\/"]}]},{"@type":"BreadcrumbList","@id":"https:\/\/admin.industriall-union.org\/es\/kan-matsuzaki-2\/#breadcrumb","itemListElement":[{"@type":"ListItem","position":1,"name":"Home","item":"https:\/\/admin.industriall-union.org\/"},{"@type":"ListItem","position":2,"name":"Articles","item":"https:\/\/admin.industriall-union.org\/article\/"},{"@type":"ListItem","position":3,"name":"Kan Matsuzaki"}]},{"@type":"WebSite","@id":"https:\/\/admin.industriall-union.org\/#website","url":"https:\/\/admin.industriall-union.org\/","name":"industriall-union","description":"","potentialAction":[{"@type":"SearchAction","target":{"@type":"EntryPoint","urlTemplate":"https:\/\/admin.industriall-union.org\/?s={search_term_string}"},"query-input":{"@type":"PropertyValueSpecification","valueRequired":true,"valueName":"search_term_string"}}],"inLanguage":"es-ES"}]}},"_links":{"self":[{"href":"https:\/\/admin.industriall-union.org\/es\/wp-json\/wp\/v2\/article\/155929","targetHints":{"allow":["GET"]}}],"collection":[{"href":"https:\/\/admin.industriall-union.org\/es\/wp-json\/wp\/v2\/article"}],"about":[{"href":"https:\/\/admin.industriall-union.org\/es\/wp-json\/wp\/v2\/types\/article"}],"wp:attachment":[{"href":"https:\/\/admin.industriall-union.org\/es\/wp-json\/wp\/v2\/media?parent=155929"}],"wp:term":[{"taxonomy":"issues","embeddable":true,"href":"https:\/\/admin.industriall-union.org\/es\/wp-json\/wp\/v2\/issues?post=155929"},{"taxonomy":"companies","embeddable":true,"href":"https:\/\/admin.industriall-union.org\/es\/wp-json\/wp\/v2\/companies?post=155929"},{"taxonomy":"regions","embeddable":true,"href":"https:\/\/admin.industriall-union.org\/es\/wp-json\/wp\/v2\/regions?post=155929"},{"taxonomy":"sectors","embeddable":true,"href":"https:\/\/admin.industriall-union.org\/es\/wp-json\/wp\/v2\/sectors?post=155929"},{"taxonomy":"article_tags","embeddable":true,"href":"https:\/\/admin.industriall-union.org\/es\/wp-json\/wp\/v2\/article_tags?post=155929"}],"curies":[{"name":"wp","href":"https:\/\/api.w.org\/{rel}","templated":true}]}}