{"id":155860,"date":"2021-11-24T13:39:00","date_gmt":"2021-11-24T13:39:00","guid":{"rendered":"https:\/\/admin.industriall-union.org\/seminario-web-fortalecer-el-poder-sindical-en-las-energias-renovables\/"},"modified":"2025-01-28T06:12:15","modified_gmt":"2025-01-28T06:12:15","slug":"seminario-web-fortalecer-el-poder-sindical-en-las-energias-renovables","status":"publish","type":"article","link":"https:\/\/admin.industriall-union.org\/es\/seminario-web-fortalecer-el-poder-sindical-en-las-energias-renovables\/","title":{"rendered":"SEMINARIO WEB: fortalecer el poder sindical en las energ\u00edas renovables"},"content":{"rendered":"<p>Seg\u00fan un reciente <a href=\"https:\/\/www.irena.org\/publications\/2021\/Jun\/World-Energy-Transitions-Outlook\">informe<\/a> de la Agencia Internacional de Energ\u00edas Renovables (IRENA), acelerar la transici\u00f3n energ\u00e9tica hacia la preservaci\u00f3n del clima podr\u00eda duplicar los empleos en el sector energ\u00e9tico, hasta 122 millones para 2050, lo que podr\u00eda impulsar la econom\u00eda en el proceso.<\/p><p>Si bien esta proyecci\u00f3n parece prometedora, la participaci\u00f3n de los trabajadores en la transici\u00f3n desde los empleos insostenibles desde el punto de vista ambiental a aquellos en las cadenas de suministro de energ\u00edas renovables requiere de la voluntad y la participaci\u00f3n activa de los sindicatos.<\/p><p style=\"text-align: center\"><img decoding=\"async\" alt=\"\" src=\"\" style=\"width: 500px;height: 263px\" \/><\/p><p>El seminario web <strong>Fortalecer el poder sindical en las energ\u00edas renovables<\/strong> analizar\u00e1, de forma espec\u00edfica, los sectores industriales de la cadena de suministro de energ\u00edas renovables que se ven m\u00e1s afectados: energ\u00eda, ingenier\u00eda mec\u00e1nica y TIC, el\u00e9ctrica y electr\u00f3nica.<\/p><p>Los expertos del sector de IndustriALL analizar\u00e1n las tendencias mundiales y el panorama a futuro, as\u00ed como discutir\u00e1n los desaf\u00edos del cambio clim\u00e1tico y la transici\u00f3n energ\u00e9tica y las estrategias a favor de aumentar el poder sindical en la cadena de suministro de energ\u00edas renovables.<\/p><p>Dos expertos de la Agencia Internacional de Energ\u00edas Renovables (IRENA) hablar\u00e1n sobre las energ\u00edas renovables y el empleo en la transici\u00f3n energ\u00e9tica. Se centrar\u00e1n en determinar d\u00f3nde est\u00e1 creciendo el sector, los empleos que se espera crear y las competencias necesarias para ocupar estos nuevos puestos de trabajo.<\/p><section class=\"boxTurquoise\"><p><b>Ulrike Lehr<\/b><\/p><p><img decoding=\"async\" alt=\"\" src=\"\" style=\"width: 200px;height: 233px\" \/><\/p><p>responsable de la unidad de pol\u00edtica y socioeconom\u00eda de IRENA<\/p><p>La Dra. Lehr analiz\u00f3 los efectos econ\u00f3micos de la transici\u00f3n a la econom\u00eda verde para Alemania, Rusia y Oriente Medio, as\u00ed como las pol\u00edticas de adaptaci\u00f3n al cambio clim\u00e1tico para los Estados miembros y regiones particulares de la UE. Aplic\u00f3 modelos de simulaci\u00f3n econ\u00f3mica desarrollados por el Instituto de Investigaci\u00f3n de Estructuras Econ\u00f3micas (GWS) y analiz\u00f3 los efectos econ\u00f3micos detallados por sector econ\u00f3mico. A su vez, se centr\u00f3 en el desarrollo de m\u00e9todos para identificar los impactos de sectores y tecnolog\u00edas transversales, como las energ\u00edas renovables, la movilidad el\u00e9ctrica, el turismo o la producci\u00f3n verde. Como responsable de la divisi\u00f3n de pol\u00edticas (socioeconom\u00eda) en IRENA, supervisa el trabajo de modelado socioecon\u00f3mico de IRENA para la Perspectiva Mundial de Transiciones de Energ\u00eda Renovable (WETO 2021), as\u00ed como los an\u00e1lisis respecto de la huella socioecon\u00f3mica, los an\u00e1lisis socioecon\u00f3micos en la serie de Mercados Regionales de IRENA y el trabajo de la organizaci\u00f3n sobre g\u00e9nero y empleos.<\/p><p><strong>Michael Renner<\/strong><\/p><p><img decoding=\"async\" alt=\"\" src=\"\" style=\"width: 200px;height: 244px\" \/><\/p><p>encargado de programas, IRENA<\/p><p>Michael Renner es oficial de programas, Asesoramiento de Pol\u00edticas en el Centro de Pol\u00edticas y Finanzas del Conocimiento (KPFC) de la Agencia Internacional de Energ\u00edas Renovables, con sede en Abu Dabi. Su \u00e1rea de trabajo en IRENA se centra en los impactos socioecon\u00f3micos de las energ\u00edas renovables, incluidas las cuestiones relativas al empleo y la transici\u00f3n justa. Es coautor de la serie de informes Renewable Energy and Jobs, Annual Review (Informe anual sobre energ\u00eda renovable y empleo) sobre equidad de g\u00e9nero en el sector de las energ\u00edas renovables, y colaborador de Global Renewables Outlook 2020 (Panorama mundial de las energ\u00edas renovables 2020) de la agencia y su informe Post-COVID Recovery (Recuperaci\u00f3n poscovid).<\/p><\/section><table border=\"1\" cellpadding=\"1\" cellspacing=\"1\" style=\"width:500px\"><tbody><tr><td style=\"text-align: center\"><a href=\"\/wp-content\/uploads\/images\/FutureOfWork\/JustTransition\/programme_renewables.pdf\"><img decoding=\"async\" alt=\"\" src=\"\" style=\"width: 200px;height: 284px\" \/><\/a><\/td><\/tr><tr><td style=\"text-align: center\"><a href=\"\/wp-content\/uploads\/images\/FutureOfWork\/JustTransition\/programme_renewables.pdf\">&nbsp;Programa del seminario web (en ingl\u00e9s)<\/a><\/td><\/tr><\/tbody><\/table>","protected":false},"featured_media":0,"template":"","issues":[393],"companies":[],"regions":[],"sectors":[483,490,475],"article_tags":[],"class_list":["post-155860","article","type-article","status-publish","hentry","issues-climate-change-just-transition","sectors-energy-oil-gas-electricity-and-nuclear","sectors-ict-electrical-and-electronics","sectors-mechanical-engineering"],"acf":[],"yoast_head":"<!-- This site is optimized with the Yoast SEO Premium plugin v27.1 (Yoast SEO v27.1) - https:\/\/yoast.com\/product\/yoast-seo-premium-wordpress\/ -->\n<title>SEMINARIO WEB: fortalecer el poder sindical en las energ\u00edas renovables - industriall-union<\/title>\n<meta name=\"description\" content=\"Seg\u00fan un reciente informe de la Agencia Internacional de Energ\u00edas Renovables (IRENA), acelerar la transici\u00f3n energ\u00e9tica hacia la preservaci\u00f3n del clima\" \/>\n<meta name=\"robots\" content=\"index, follow, max-snippet:-1, max-image-preview:large, max-video-preview:-1\" \/>\n<link rel=\"canonical\" href=\"https:\/\/admin.industriall-union.org\/es\/seminario-web-fortalecer-el-poder-sindical-en-las-energias-renovables\/\" \/>\n<meta property=\"og:locale\" content=\"es_ES\" \/>\n<meta property=\"og:type\" content=\"article\" \/>\n<meta property=\"og:title\" content=\"SEMINARIO WEB: fortalecer el poder sindical en las energ\u00edas renovables\" \/>\n<meta property=\"og:description\" content=\"Seg\u00fan un reciente informe de la Agencia Internacional de Energ\u00edas Renovables (IRENA), acelerar la transici\u00f3n energ\u00e9tica hacia la preservaci\u00f3n del clima\" \/>\n<meta property=\"og:url\" content=\"https:\/\/admin.industriall-union.org\/es\/seminario-web-fortalecer-el-poder-sindical-en-las-energias-renovables\/\" \/>\n<meta property=\"og:site_name\" content=\"industriall-union\" \/>\n<meta property=\"article:modified_time\" content=\"2025-01-28T06:12:15+00:00\" \/>\n<meta name=\"twitter:card\" content=\"summary_large_image\" \/>\n<meta name=\"twitter:label1\" content=\"Est. reading time\" \/>\n\t<meta name=\"twitter:data1\" content=\"3 minutes\" \/>\n<script type=\"application\/ld+json\" class=\"yoast-schema-graph\">{\"@context\":\"https:\/\/schema.org\",\"@graph\":[{\"@type\":\"WebPage\",\"@id\":\"https:\/\/admin.industriall-union.org\/es\/seminario-web-fortalecer-el-poder-sindical-en-las-energias-renovables\/\",\"url\":\"https:\/\/admin.industriall-union.org\/es\/seminario-web-fortalecer-el-poder-sindical-en-las-energias-renovables\/\",\"name\":\"SEMINARIO WEB: fortalecer el poder sindical en las energ\u00edas renovables - industriall-union\",\"isPartOf\":{\"@id\":\"https:\/\/admin.industriall-union.org\/#website\"},\"datePublished\":\"2021-11-24T13:39:00+00:00\",\"dateModified\":\"2025-01-28T06:12:15+00:00\",\"description\":\"Seg\u00fan un reciente informe de la Agencia Internacional de Energ\u00edas Renovables (IRENA), acelerar la transici\u00f3n energ\u00e9tica hacia la preservaci\u00f3n del clima\",\"breadcrumb\":{\"@id\":\"https:\/\/admin.industriall-union.org\/es\/seminario-web-fortalecer-el-poder-sindical-en-las-energias-renovables\/#breadcrumb\"},\"inLanguage\":\"es-ES\",\"potentialAction\":[{\"@type\":\"ReadAction\",\"target\":[\"https:\/\/admin.industriall-union.org\/es\/seminario-web-fortalecer-el-poder-sindical-en-las-energias-renovables\/\"]}]},{\"@type\":\"BreadcrumbList\",\"@id\":\"https:\/\/admin.industriall-union.org\/es\/seminario-web-fortalecer-el-poder-sindical-en-las-energias-renovables\/#breadcrumb\",\"itemListElement\":[{\"@type\":\"ListItem\",\"position\":1,\"name\":\"Home\",\"item\":\"https:\/\/admin.industriall-union.org\/\"},{\"@type\":\"ListItem\",\"position\":2,\"name\":\"Articles\",\"item\":\"https:\/\/admin.industriall-union.org\/article\/\"},{\"@type\":\"ListItem\",\"position\":3,\"name\":\"SEMINARIO WEB: fortalecer el poder sindical en las energ\u00edas renovables\"}]},{\"@type\":\"WebSite\",\"@id\":\"https:\/\/admin.industriall-union.org\/#website\",\"url\":\"https:\/\/admin.industriall-union.org\/\",\"name\":\"industriall-union\",\"description\":\"\",\"potentialAction\":[{\"@type\":\"SearchAction\",\"target\":{\"@type\":\"EntryPoint\",\"urlTemplate\":\"https:\/\/admin.industriall-union.org\/?s={search_term_string}\"},\"query-input\":{\"@type\":\"PropertyValueSpecification\",\"valueRequired\":true,\"valueName\":\"search_term_string\"}}],\"inLanguage\":\"es-ES\"}]}<\/script>\n<!-- \/ Yoast SEO Premium plugin. -->","yoast_head_json":{"title":"SEMINARIO WEB: fortalecer el poder sindical en las energ\u00edas renovables - industriall-union","description":"Seg\u00fan un reciente informe de la Agencia Internacional de Energ\u00edas Renovables (IRENA), acelerar la transici\u00f3n energ\u00e9tica hacia la preservaci\u00f3n del clima","robots":{"index":"index","follow":"follow","max-snippet":"max-snippet:-1","max-image-preview":"max-image-preview:large","max-video-preview":"max-video-preview:-1"},"canonical":"https:\/\/admin.industriall-union.org\/es\/seminario-web-fortalecer-el-poder-sindical-en-las-energias-renovables\/","og_locale":"es_ES","og_type":"article","og_title":"SEMINARIO WEB: fortalecer el poder sindical en las energ\u00edas renovables","og_description":"Seg\u00fan un reciente informe de la Agencia Internacional de Energ\u00edas Renovables (IRENA), acelerar la transici\u00f3n energ\u00e9tica hacia la preservaci\u00f3n del clima","og_url":"https:\/\/admin.industriall-union.org\/es\/seminario-web-fortalecer-el-poder-sindical-en-las-energias-renovables\/","og_site_name":"industriall-union","article_modified_time":"2025-01-28T06:12:15+00:00","twitter_card":"summary_large_image","twitter_misc":{"Est. reading time":"3 minutes"},"schema":{"@context":"https:\/\/schema.org","@graph":[{"@type":"WebPage","@id":"https:\/\/admin.industriall-union.org\/es\/seminario-web-fortalecer-el-poder-sindical-en-las-energias-renovables\/","url":"https:\/\/admin.industriall-union.org\/es\/seminario-web-fortalecer-el-poder-sindical-en-las-energias-renovables\/","name":"SEMINARIO WEB: fortalecer el poder sindical en las energ\u00edas renovables - industriall-union","isPartOf":{"@id":"https:\/\/admin.industriall-union.org\/#website"},"datePublished":"2021-11-24T13:39:00+00:00","dateModified":"2025-01-28T06:12:15+00:00","description":"Seg\u00fan un reciente informe de la Agencia Internacional de Energ\u00edas Renovables (IRENA), acelerar la transici\u00f3n energ\u00e9tica hacia la preservaci\u00f3n del clima","breadcrumb":{"@id":"https:\/\/admin.industriall-union.org\/es\/seminario-web-fortalecer-el-poder-sindical-en-las-energias-renovables\/#breadcrumb"},"inLanguage":"es-ES","potentialAction":[{"@type":"ReadAction","target":["https:\/\/admin.industriall-union.org\/es\/seminario-web-fortalecer-el-poder-sindical-en-las-energias-renovables\/"]}]},{"@type":"BreadcrumbList","@id":"https:\/\/admin.industriall-union.org\/es\/seminario-web-fortalecer-el-poder-sindical-en-las-energias-renovables\/#breadcrumb","itemListElement":[{"@type":"ListItem","position":1,"name":"Home","item":"https:\/\/admin.industriall-union.org\/"},{"@type":"ListItem","position":2,"name":"Articles","item":"https:\/\/admin.industriall-union.org\/article\/"},{"@type":"ListItem","position":3,"name":"SEMINARIO WEB: fortalecer el poder sindical en las energ\u00edas renovables"}]},{"@type":"WebSite","@id":"https:\/\/admin.industriall-union.org\/#website","url":"https:\/\/admin.industriall-union.org\/","name":"industriall-union","description":"","potentialAction":[{"@type":"SearchAction","target":{"@type":"EntryPoint","urlTemplate":"https:\/\/admin.industriall-union.org\/?s={search_term_string}"},"query-input":{"@type":"PropertyValueSpecification","valueRequired":true,"valueName":"search_term_string"}}],"inLanguage":"es-ES"}]}},"_links":{"self":[{"href":"https:\/\/admin.industriall-union.org\/es\/wp-json\/wp\/v2\/article\/155860","targetHints":{"allow":["GET"]}}],"collection":[{"href":"https:\/\/admin.industriall-union.org\/es\/wp-json\/wp\/v2\/article"}],"about":[{"href":"https:\/\/admin.industriall-union.org\/es\/wp-json\/wp\/v2\/types\/article"}],"wp:attachment":[{"href":"https:\/\/admin.industriall-union.org\/es\/wp-json\/wp\/v2\/media?parent=155860"}],"wp:term":[{"taxonomy":"issues","embeddable":true,"href":"https:\/\/admin.industriall-union.org\/es\/wp-json\/wp\/v2\/issues?post=155860"},{"taxonomy":"companies","embeddable":true,"href":"https:\/\/admin.industriall-union.org\/es\/wp-json\/wp\/v2\/companies?post=155860"},{"taxonomy":"regions","embeddable":true,"href":"https:\/\/admin.industriall-union.org\/es\/wp-json\/wp\/v2\/regions?post=155860"},{"taxonomy":"sectors","embeddable":true,"href":"https:\/\/admin.industriall-union.org\/es\/wp-json\/wp\/v2\/sectors?post=155860"},{"taxonomy":"article_tags","embeddable":true,"href":"https:\/\/admin.industriall-union.org\/es\/wp-json\/wp\/v2\/article_tags?post=155860"}],"curies":[{"name":"wp","href":"https:\/\/api.w.org\/{rel}","templated":true}]}}