{"id":155802,"date":"2021-12-02T13:02:45","date_gmt":"2021-12-02T13:02:45","guid":{"rendered":"https:\/\/admin.industriall-union.org\/trabajador-de-o-i-glass-muere-en-un-accidente-laboral-en-brasil\/"},"modified":"2025-01-28T06:06:44","modified_gmt":"2025-01-28T06:06:44","slug":"trabajador-de-o-i-glass-muere-en-un-accidente-laboral-en-brasil","status":"publish","type":"article","link":"https:\/\/admin.industriall-union.org\/es\/trabajador-de-o-i-glass-muere-en-un-accidente-laboral-en-brasil\/","title":{"rendered":"Trabajador de O-I Glass muere en un accidente laboral en Brasil"},"content":{"rendered":"<p>La tragedia ocurri\u00f3 el 10 de noviembre cuando un horno de vidrio se filtr\u00f3 en la f\u00e1brica Owens Illinois Glass en S\u00e3o Paulo y cuatro trabajadores sufrieron como resultado. Uno de ellos, Ant\u00f4nio Carlos Tola J\u00fanior, de 43 a\u00f1os, coordinador de lotes y hornos, ingres\u00f3 al hospital con quemaduras en el 75 % de su cuerpo y falleci\u00f3 el 26 de noviembre dejando esposa e hija.&nbsp;<\/p><p>Tras el accidente, el sindicato organiz\u00f3 una protesta el 12 de noviembre y el 1 de diciembre realiz\u00f3 otra manifestaci\u00f3n en conmemoraci\u00f3n del trabajador fallecido, la vida de otros tres trabajadores ya no corre peligro.<\/p><p>El Sindicato dos Vidreiros, miembro de CNQ-CUT, afiliada&nbsp;a IndustriALL, contin\u00faa su investigaci\u00f3n sobre el accidente, inclu\u00edda la negligencia en la manipulaci\u00f3n del horno. La organizaci\u00f3n sindical hab\u00eda recibido anteriormente quejas de trabajadores que operaban el horno de que el equipo era viejo y que la garant\u00eda emitida por el fabricante venci\u00f3 hace tres a\u00f1os. El horno ten\u00eda casi 9 a\u00f1os y problemas estructurales.<\/p><p>Seg\u00fan el sindicato, el horno ya ten\u00eda un problema de fugas desde el a\u00f1o pasado, pero la empresa solo encarg\u00f3 obras de reparaci\u00f3n menores sin considerar el riesgo inminente. A trav\u00e9s de la decisi\u00f3n del organismo competente Centro de Referencia de Salud de los Trabajadores (Cerest) en colaboraci\u00f3n con el Sindicato dos Vidreiros, ahora se proh\u00edbe el uso adicional del horno.<\/p><p>El l\u00edder sindical del Sindicato dos Vidreiros de S\u00e3o Paulo, Josemar Souto, manifest\u00f3 que el hecho podr\u00eda haberse evitado, ya que el horno en el que se produjo la fuga, oper\u00f3 con una capacidad superior a la recomendada desde el a\u00f1o 2013. El m\u00e1ximo de extracci\u00f3n es de 280 toneladas diarias, pero la maquinaria proces\u00f3 alrededor de 340 toneladas. El sindicato realizar\u00e1 una investigaci\u00f3n estricta de los hechos. Josemar expres\u00f3:<\/p><blockquote><p>&ldquo;No vamos a recuperar la vida de nuestro compa\u00f1ero, pero no podemos tolerar ning\u00fan signo de impunidad&rdquo;<\/p><\/blockquote><p>Finalmente, el oficial de materiales de IndustriALL, Alexander Ivanou, dijo:<\/p><blockquote><p>&ldquo;Expresamos nuestro m\u00e1s sentido p\u00e9same a la familia, el sindicato y los compa\u00f1eros de trabajo. Insistimos en una adecuada investigaci\u00f3n del accidente con participaci\u00f3n sindical. Una muerte es demasiado, la ganancia nunca deber\u00eda ser anterior a la vida de los trabajadores. O-I deber\u00eda proporcionar lugares de trabajo saludables y seguros en sus operaciones. &iexcl;Esto solo es posible si la empresa comienza a dialogar con los trabajadores y sus<br \/>sindicatos a nivel local, nacional y mundial!&rdquo;<\/p><\/blockquote>","protected":false},"featured_media":0,"template":"","issues":[402],"companies":[102],"regions":[261],"sectors":[487,484],"article_tags":[],"class_list":["post-155802","article","type-article","status-publish","hentry","issues-health-and-safety","companies-owens-illinois-oi","regions-brazil","sectors-glass","sectors-glass-cement-ceramic-and-associated-industries"],"acf":[],"yoast_head":"<!-- This site is optimized with the Yoast SEO Premium plugin v27.1 (Yoast SEO v27.1) - https:\/\/yoast.com\/product\/yoast-seo-premium-wordpress\/ -->\n<title>Trabajador de O-I Glass muere en un accidente laboral en Brasil - industriall-union<\/title>\n<meta name=\"description\" content=\"La tragedia ocurri\u00f3 el 10 de noviembre cuando un horno de vidrio se filtr\u00f3 en la f\u00e1brica Owens Illinois Glass en S\u00e3o Paulo y cuatro trabajadores sufrieron\" \/>\n<meta name=\"robots\" content=\"index, follow, max-snippet:-1, max-image-preview:large, max-video-preview:-1\" \/>\n<link rel=\"canonical\" href=\"https:\/\/admin.industriall-union.org\/es\/trabajador-de-o-i-glass-muere-en-un-accidente-laboral-en-brasil\/\" \/>\n<meta property=\"og:locale\" content=\"es_ES\" \/>\n<meta property=\"og:type\" content=\"article\" \/>\n<meta property=\"og:title\" content=\"Trabajador de O-I Glass muere en un accidente laboral en Brasil\" \/>\n<meta property=\"og:description\" content=\"La tragedia ocurri\u00f3 el 10 de noviembre cuando un horno de vidrio se filtr\u00f3 en la f\u00e1brica Owens Illinois Glass en S\u00e3o Paulo y cuatro trabajadores sufrieron\" \/>\n<meta property=\"og:url\" content=\"https:\/\/admin.industriall-union.org\/es\/trabajador-de-o-i-glass-muere-en-un-accidente-laboral-en-brasil\/\" \/>\n<meta property=\"og:site_name\" content=\"industriall-union\" \/>\n<meta property=\"article:modified_time\" content=\"2025-01-28T06:06:44+00:00\" \/>\n<meta name=\"twitter:card\" content=\"summary_large_image\" \/>\n<meta name=\"twitter:label1\" content=\"Est. reading time\" \/>\n\t<meta name=\"twitter:data1\" content=\"2 minutes\" \/>\n<script type=\"application\/ld+json\" class=\"yoast-schema-graph\">{\"@context\":\"https:\/\/schema.org\",\"@graph\":[{\"@type\":\"WebPage\",\"@id\":\"https:\/\/admin.industriall-union.org\/es\/trabajador-de-o-i-glass-muere-en-un-accidente-laboral-en-brasil\/\",\"url\":\"https:\/\/admin.industriall-union.org\/es\/trabajador-de-o-i-glass-muere-en-un-accidente-laboral-en-brasil\/\",\"name\":\"Trabajador de O-I Glass muere en un accidente laboral en Brasil - industriall-union\",\"isPartOf\":{\"@id\":\"https:\/\/admin.industriall-union.org\/#website\"},\"datePublished\":\"2021-12-02T13:02:45+00:00\",\"dateModified\":\"2025-01-28T06:06:44+00:00\",\"description\":\"La tragedia ocurri\u00f3 el 10 de noviembre cuando un horno de vidrio se filtr\u00f3 en la f\u00e1brica Owens Illinois Glass en S\u00e3o Paulo y cuatro trabajadores sufrieron\",\"breadcrumb\":{\"@id\":\"https:\/\/admin.industriall-union.org\/es\/trabajador-de-o-i-glass-muere-en-un-accidente-laboral-en-brasil\/#breadcrumb\"},\"inLanguage\":\"es-ES\",\"potentialAction\":[{\"@type\":\"ReadAction\",\"target\":[\"https:\/\/admin.industriall-union.org\/es\/trabajador-de-o-i-glass-muere-en-un-accidente-laboral-en-brasil\/\"]}]},{\"@type\":\"BreadcrumbList\",\"@id\":\"https:\/\/admin.industriall-union.org\/es\/trabajador-de-o-i-glass-muere-en-un-accidente-laboral-en-brasil\/#breadcrumb\",\"itemListElement\":[{\"@type\":\"ListItem\",\"position\":1,\"name\":\"Home\",\"item\":\"https:\/\/admin.industriall-union.org\/\"},{\"@type\":\"ListItem\",\"position\":2,\"name\":\"Articles\",\"item\":\"https:\/\/admin.industriall-union.org\/article\/\"},{\"@type\":\"ListItem\",\"position\":3,\"name\":\"Trabajador de O-I Glass muere en un accidente laboral en Brasil\"}]},{\"@type\":\"WebSite\",\"@id\":\"https:\/\/admin.industriall-union.org\/#website\",\"url\":\"https:\/\/admin.industriall-union.org\/\",\"name\":\"industriall-union\",\"description\":\"\",\"potentialAction\":[{\"@type\":\"SearchAction\",\"target\":{\"@type\":\"EntryPoint\",\"urlTemplate\":\"https:\/\/admin.industriall-union.org\/?s={search_term_string}\"},\"query-input\":{\"@type\":\"PropertyValueSpecification\",\"valueRequired\":true,\"valueName\":\"search_term_string\"}}],\"inLanguage\":\"es-ES\"}]}<\/script>\n<!-- \/ Yoast SEO Premium plugin. -->","yoast_head_json":{"title":"Trabajador de O-I Glass muere en un accidente laboral en Brasil - industriall-union","description":"La tragedia ocurri\u00f3 el 10 de noviembre cuando un horno de vidrio se filtr\u00f3 en la f\u00e1brica Owens Illinois Glass en S\u00e3o Paulo y cuatro trabajadores sufrieron","robots":{"index":"index","follow":"follow","max-snippet":"max-snippet:-1","max-image-preview":"max-image-preview:large","max-video-preview":"max-video-preview:-1"},"canonical":"https:\/\/admin.industriall-union.org\/es\/trabajador-de-o-i-glass-muere-en-un-accidente-laboral-en-brasil\/","og_locale":"es_ES","og_type":"article","og_title":"Trabajador de O-I Glass muere en un accidente laboral en Brasil","og_description":"La tragedia ocurri\u00f3 el 10 de noviembre cuando un horno de vidrio se filtr\u00f3 en la f\u00e1brica Owens Illinois Glass en S\u00e3o Paulo y cuatro trabajadores sufrieron","og_url":"https:\/\/admin.industriall-union.org\/es\/trabajador-de-o-i-glass-muere-en-un-accidente-laboral-en-brasil\/","og_site_name":"industriall-union","article_modified_time":"2025-01-28T06:06:44+00:00","twitter_card":"summary_large_image","twitter_misc":{"Est. reading time":"2 minutes"},"schema":{"@context":"https:\/\/schema.org","@graph":[{"@type":"WebPage","@id":"https:\/\/admin.industriall-union.org\/es\/trabajador-de-o-i-glass-muere-en-un-accidente-laboral-en-brasil\/","url":"https:\/\/admin.industriall-union.org\/es\/trabajador-de-o-i-glass-muere-en-un-accidente-laboral-en-brasil\/","name":"Trabajador de O-I Glass muere en un accidente laboral en Brasil - industriall-union","isPartOf":{"@id":"https:\/\/admin.industriall-union.org\/#website"},"datePublished":"2021-12-02T13:02:45+00:00","dateModified":"2025-01-28T06:06:44+00:00","description":"La tragedia ocurri\u00f3 el 10 de noviembre cuando un horno de vidrio se filtr\u00f3 en la f\u00e1brica Owens Illinois Glass en S\u00e3o Paulo y cuatro trabajadores sufrieron","breadcrumb":{"@id":"https:\/\/admin.industriall-union.org\/es\/trabajador-de-o-i-glass-muere-en-un-accidente-laboral-en-brasil\/#breadcrumb"},"inLanguage":"es-ES","potentialAction":[{"@type":"ReadAction","target":["https:\/\/admin.industriall-union.org\/es\/trabajador-de-o-i-glass-muere-en-un-accidente-laboral-en-brasil\/"]}]},{"@type":"BreadcrumbList","@id":"https:\/\/admin.industriall-union.org\/es\/trabajador-de-o-i-glass-muere-en-un-accidente-laboral-en-brasil\/#breadcrumb","itemListElement":[{"@type":"ListItem","position":1,"name":"Home","item":"https:\/\/admin.industriall-union.org\/"},{"@type":"ListItem","position":2,"name":"Articles","item":"https:\/\/admin.industriall-union.org\/article\/"},{"@type":"ListItem","position":3,"name":"Trabajador de O-I Glass muere en un accidente laboral en Brasil"}]},{"@type":"WebSite","@id":"https:\/\/admin.industriall-union.org\/#website","url":"https:\/\/admin.industriall-union.org\/","name":"industriall-union","description":"","potentialAction":[{"@type":"SearchAction","target":{"@type":"EntryPoint","urlTemplate":"https:\/\/admin.industriall-union.org\/?s={search_term_string}"},"query-input":{"@type":"PropertyValueSpecification","valueRequired":true,"valueName":"search_term_string"}}],"inLanguage":"es-ES"}]}},"_links":{"self":[{"href":"https:\/\/admin.industriall-union.org\/es\/wp-json\/wp\/v2\/article\/155802","targetHints":{"allow":["GET"]}}],"collection":[{"href":"https:\/\/admin.industriall-union.org\/es\/wp-json\/wp\/v2\/article"}],"about":[{"href":"https:\/\/admin.industriall-union.org\/es\/wp-json\/wp\/v2\/types\/article"}],"wp:attachment":[{"href":"https:\/\/admin.industriall-union.org\/es\/wp-json\/wp\/v2\/media?parent=155802"}],"wp:term":[{"taxonomy":"issues","embeddable":true,"href":"https:\/\/admin.industriall-union.org\/es\/wp-json\/wp\/v2\/issues?post=155802"},{"taxonomy":"companies","embeddable":true,"href":"https:\/\/admin.industriall-union.org\/es\/wp-json\/wp\/v2\/companies?post=155802"},{"taxonomy":"regions","embeddable":true,"href":"https:\/\/admin.industriall-union.org\/es\/wp-json\/wp\/v2\/regions?post=155802"},{"taxonomy":"sectors","embeddable":true,"href":"https:\/\/admin.industriall-union.org\/es\/wp-json\/wp\/v2\/sectors?post=155802"},{"taxonomy":"article_tags","embeddable":true,"href":"https:\/\/admin.industriall-union.org\/es\/wp-json\/wp\/v2\/article_tags?post=155802"}],"curies":[{"name":"wp","href":"https:\/\/api.w.org\/{rel}","templated":true}]}}