{"id":155766,"date":"2021-12-01T06:41:10","date_gmt":"2021-12-01T06:41:10","guid":{"rendered":"https:\/\/admin.industriall-union.org\/se-debe-poner-fin-a-la-represion-sindical-en-bielorrusia\/"},"modified":"2025-01-28T06:00:48","modified_gmt":"2025-01-28T06:00:48","slug":"se-debe-poner-fin-a-la-represion-sindical-en-bielorrusia","status":"publish","type":"article","link":"https:\/\/admin.industriall-union.org\/es\/se-debe-poner-fin-a-la-represion-sindical-en-bielorrusia\/","title":{"rendered":"Se debe poner fin a la represi\u00f3n sindical en Bielorrusia"},"content":{"rendered":"<p>Despu\u00e9s de las controvertidas elecciones presidenciales de agosto de 2020, muchos trabajadores dieron de baja su afiliaci\u00f3n a la Federaci\u00f3n de Sindicatos de Bielorrusia (oficialista), y se afiliaron a sindicatos independientes, adhiriendo a los valores democr\u00e1ticos y luchando por los derechos humanos y laborales fundamentales.<\/p><p>Sin embargo, en respuesta al creciente poder de los sindicatos independientes, las autoridades procedieron con<a href=\"https:\/\/www.industriall-union.org\/industriall-condemns-brutal-raids-on-unions-in-belarus\"> brutales redadas en oficinas sindicales<\/a>. Se registraron las casas de activistas y dirigentes sindicales, y algunos de ellos fueron arrestados y multados.<\/p><p>En la refiner\u00eda de petr\u00f3leo estatal, JSC Naftan, las medidas antisindicales, en particular la intimidaci\u00f3n y los despidos masivos de dirigentes sindicales y miembros del Sindicato Independiente de Bielorrusia (BITU), han provocado una fuerte disminuci\u00f3n de la afiliaci\u00f3n.<\/p><p>La presidenta del BITU en Naftan, Volha Brytsikava, y varios activistas, incluidos los vicepresidentes, fueron despedidos. A muchos miembros del BITU se les neg\u00f3 la renovaci\u00f3n de sus contratos a corto plazo. Por el contrario, hay varios ejemplos de trabajadores que dieron de baja su afiliaci\u00f3n al BITU e inmediatamente recibieron extensiones de contrato.<\/p><p>Los trabajadores de Naftan han sido presionados para que abandonen el sindicato, amenazados con sanciones disciplinarias, privaci\u00f3n de bonificaciones y pagos de incentivos por habilidades profesionales. Se los ha amenazado tambi\u00e9n con desaprobar ex\u00e1menes de habilidades, citaciones al servicio de seguridad para conversaciones preventivas y despidos por reducci\u00f3n de personal.<\/p><p>Naftan ha utilizado la reciente enmienda al c\u00f3digo laboral de Bielorrusia que permite a los empleadores despedir a los trabajadores por ausentismo &ldquo;en relaci\u00f3n con el cumplimiento de una sanci\u00f3n administrativa en forma de detenci\u00f3n administrativa&rdquo; para deshacerse de los activistas sindicales no deseados. Una de las razones de la detenci\u00f3n administrativa es la distribuci\u00f3n de material medi\u00e1tico considerado extremista, material que los trabajadores hab\u00edan publicado en las redes sociales mucho antes.&nbsp;<\/p><p>Maxim Pazniakou, presidente del BITU, afirm\u00f3:<\/p><blockquote><p>&ldquo;Lo que est\u00e1 sucediendo en Bielorrusia es terrible. El objetivo de estas medidas es infundir miedo a los trabajadores a perder sus trabajos, medios de vida y su libertad&rdquo;.<\/p><p>&ldquo;Que esto contin\u00fae o no depende de los trabajadores. Debemos recordar el concepto simple pero efectivo: &iexcl;nuestra fuerza radica en la unidad!&rdquo;.<\/p><\/blockquote><p>En una carta dirigida a Naftan, Atle H\u00f8ie, secretario general de IndustriALL, insta a la empresa a que ponga fin a la persecuci\u00f3n de los dirigentes y miembros del BITU, que desista de amenazar con despedir a los trabajadores que deciden libremente afiliarse a un sindicato y que reintegre de inmediato a todos los trabajadores despedidos injustamente.<\/p><p>Otro de los afiliados de IndustriALL en Bielorrusia, el Sindicato Libre de Trabajadores de la Metalurgia, ha informado recientemente sobre la presi\u00f3n ejercida sobre miembros del sindicato en la ciudad de Mogilev, donde este \u00faltimo ha recibido solicitudes de parte de sus miembros para cancelar su afiliaci\u00f3n y que se les proporcione una confirmaci\u00f3n de dicha cancelaci\u00f3n.<\/p><p>El secretario general adjunto de IndustriALL, Kemal \u00d6zkan, se\u00f1al\u00f3:<\/p><blockquote><p>&ldquo;Cualquier presi\u00f3n sobre los miembros que los obligue a abandonar el sindicato es ilegal y debe acabar. Los trabajadores deben tener derecho a afiliarse a los sindicatos de su elecci\u00f3n, de conformidad con la Constituci\u00f3n de Bielorrusia y el Convenio 87 de la OIT, ratificado por el pa\u00eds&rdquo;.<\/p><\/blockquote>","protected":false},"featured_media":0,"template":"","issues":[396,424,425],"companies":[],"regions":[207],"sectors":[],"article_tags":[],"class_list":["post-155766","article","type-article","status-publish","hentry","issues-building-strong-unions","issues-violation","issues-workers-rights","regions-belarus"],"acf":[],"yoast_head":"<!-- This site is optimized with the Yoast SEO Premium plugin v27.1 (Yoast SEO v27.1) - https:\/\/yoast.com\/product\/yoast-seo-premium-wordpress\/ -->\n<title>Se debe poner fin a la represi\u00f3n sindical en Bielorrusia - industriall-union<\/title>\n<meta name=\"description\" content=\"Despu\u00e9s de las controvertidas elecciones presidenciales de agosto de 2020, muchos trabajadores dieron de baja su afiliaci\u00f3n a la Federaci\u00f3n de Sindicatos\" \/>\n<meta name=\"robots\" content=\"index, follow, max-snippet:-1, max-image-preview:large, max-video-preview:-1\" \/>\n<link rel=\"canonical\" href=\"https:\/\/admin.industriall-union.org\/es\/se-debe-poner-fin-a-la-represion-sindical-en-bielorrusia\/\" \/>\n<meta property=\"og:locale\" content=\"es_ES\" \/>\n<meta property=\"og:type\" content=\"article\" \/>\n<meta property=\"og:title\" content=\"Se debe poner fin a la represi\u00f3n sindical en Bielorrusia\" \/>\n<meta property=\"og:description\" content=\"Despu\u00e9s de las controvertidas elecciones presidenciales de agosto de 2020, muchos trabajadores dieron de baja su afiliaci\u00f3n a la Federaci\u00f3n de Sindicatos\" \/>\n<meta property=\"og:url\" content=\"https:\/\/admin.industriall-union.org\/es\/se-debe-poner-fin-a-la-represion-sindical-en-bielorrusia\/\" \/>\n<meta property=\"og:site_name\" content=\"industriall-union\" \/>\n<meta property=\"article:modified_time\" content=\"2025-01-28T06:00:48+00:00\" \/>\n<meta name=\"twitter:card\" content=\"summary_large_image\" \/>\n<meta name=\"twitter:label1\" content=\"Est. reading time\" \/>\n\t<meta name=\"twitter:data1\" content=\"3 minutes\" \/>\n<script type=\"application\/ld+json\" class=\"yoast-schema-graph\">{\"@context\":\"https:\/\/schema.org\",\"@graph\":[{\"@type\":\"WebPage\",\"@id\":\"https:\/\/admin.industriall-union.org\/es\/se-debe-poner-fin-a-la-represion-sindical-en-bielorrusia\/\",\"url\":\"https:\/\/admin.industriall-union.org\/es\/se-debe-poner-fin-a-la-represion-sindical-en-bielorrusia\/\",\"name\":\"Se debe poner fin a la represi\u00f3n sindical en Bielorrusia - industriall-union\",\"isPartOf\":{\"@id\":\"https:\/\/admin.industriall-union.org\/#website\"},\"datePublished\":\"2021-12-01T06:41:10+00:00\",\"dateModified\":\"2025-01-28T06:00:48+00:00\",\"description\":\"Despu\u00e9s de las controvertidas elecciones presidenciales de agosto de 2020, muchos trabajadores dieron de baja su afiliaci\u00f3n a la Federaci\u00f3n de Sindicatos\",\"breadcrumb\":{\"@id\":\"https:\/\/admin.industriall-union.org\/es\/se-debe-poner-fin-a-la-represion-sindical-en-bielorrusia\/#breadcrumb\"},\"inLanguage\":\"es-ES\",\"potentialAction\":[{\"@type\":\"ReadAction\",\"target\":[\"https:\/\/admin.industriall-union.org\/es\/se-debe-poner-fin-a-la-represion-sindical-en-bielorrusia\/\"]}]},{\"@type\":\"BreadcrumbList\",\"@id\":\"https:\/\/admin.industriall-union.org\/es\/se-debe-poner-fin-a-la-represion-sindical-en-bielorrusia\/#breadcrumb\",\"itemListElement\":[{\"@type\":\"ListItem\",\"position\":1,\"name\":\"Home\",\"item\":\"https:\/\/admin.industriall-union.org\/\"},{\"@type\":\"ListItem\",\"position\":2,\"name\":\"Articles\",\"item\":\"https:\/\/admin.industriall-union.org\/article\/\"},{\"@type\":\"ListItem\",\"position\":3,\"name\":\"Se debe poner fin a la represi\u00f3n sindical en Bielorrusia\"}]},{\"@type\":\"WebSite\",\"@id\":\"https:\/\/admin.industriall-union.org\/#website\",\"url\":\"https:\/\/admin.industriall-union.org\/\",\"name\":\"industriall-union\",\"description\":\"\",\"potentialAction\":[{\"@type\":\"SearchAction\",\"target\":{\"@type\":\"EntryPoint\",\"urlTemplate\":\"https:\/\/admin.industriall-union.org\/?s={search_term_string}\"},\"query-input\":{\"@type\":\"PropertyValueSpecification\",\"valueRequired\":true,\"valueName\":\"search_term_string\"}}],\"inLanguage\":\"es-ES\"}]}<\/script>\n<!-- \/ Yoast SEO Premium plugin. -->","yoast_head_json":{"title":"Se debe poner fin a la represi\u00f3n sindical en Bielorrusia - industriall-union","description":"Despu\u00e9s de las controvertidas elecciones presidenciales de agosto de 2020, muchos trabajadores dieron de baja su afiliaci\u00f3n a la Federaci\u00f3n de Sindicatos","robots":{"index":"index","follow":"follow","max-snippet":"max-snippet:-1","max-image-preview":"max-image-preview:large","max-video-preview":"max-video-preview:-1"},"canonical":"https:\/\/admin.industriall-union.org\/es\/se-debe-poner-fin-a-la-represion-sindical-en-bielorrusia\/","og_locale":"es_ES","og_type":"article","og_title":"Se debe poner fin a la represi\u00f3n sindical en Bielorrusia","og_description":"Despu\u00e9s de las controvertidas elecciones presidenciales de agosto de 2020, muchos trabajadores dieron de baja su afiliaci\u00f3n a la Federaci\u00f3n de Sindicatos","og_url":"https:\/\/admin.industriall-union.org\/es\/se-debe-poner-fin-a-la-represion-sindical-en-bielorrusia\/","og_site_name":"industriall-union","article_modified_time":"2025-01-28T06:00:48+00:00","twitter_card":"summary_large_image","twitter_misc":{"Est. reading time":"3 minutes"},"schema":{"@context":"https:\/\/schema.org","@graph":[{"@type":"WebPage","@id":"https:\/\/admin.industriall-union.org\/es\/se-debe-poner-fin-a-la-represion-sindical-en-bielorrusia\/","url":"https:\/\/admin.industriall-union.org\/es\/se-debe-poner-fin-a-la-represion-sindical-en-bielorrusia\/","name":"Se debe poner fin a la represi\u00f3n sindical en Bielorrusia - industriall-union","isPartOf":{"@id":"https:\/\/admin.industriall-union.org\/#website"},"datePublished":"2021-12-01T06:41:10+00:00","dateModified":"2025-01-28T06:00:48+00:00","description":"Despu\u00e9s de las controvertidas elecciones presidenciales de agosto de 2020, muchos trabajadores dieron de baja su afiliaci\u00f3n a la Federaci\u00f3n de Sindicatos","breadcrumb":{"@id":"https:\/\/admin.industriall-union.org\/es\/se-debe-poner-fin-a-la-represion-sindical-en-bielorrusia\/#breadcrumb"},"inLanguage":"es-ES","potentialAction":[{"@type":"ReadAction","target":["https:\/\/admin.industriall-union.org\/es\/se-debe-poner-fin-a-la-represion-sindical-en-bielorrusia\/"]}]},{"@type":"BreadcrumbList","@id":"https:\/\/admin.industriall-union.org\/es\/se-debe-poner-fin-a-la-represion-sindical-en-bielorrusia\/#breadcrumb","itemListElement":[{"@type":"ListItem","position":1,"name":"Home","item":"https:\/\/admin.industriall-union.org\/"},{"@type":"ListItem","position":2,"name":"Articles","item":"https:\/\/admin.industriall-union.org\/article\/"},{"@type":"ListItem","position":3,"name":"Se debe poner fin a la represi\u00f3n sindical en Bielorrusia"}]},{"@type":"WebSite","@id":"https:\/\/admin.industriall-union.org\/#website","url":"https:\/\/admin.industriall-union.org\/","name":"industriall-union","description":"","potentialAction":[{"@type":"SearchAction","target":{"@type":"EntryPoint","urlTemplate":"https:\/\/admin.industriall-union.org\/?s={search_term_string}"},"query-input":{"@type":"PropertyValueSpecification","valueRequired":true,"valueName":"search_term_string"}}],"inLanguage":"es-ES"}]}},"_links":{"self":[{"href":"https:\/\/admin.industriall-union.org\/es\/wp-json\/wp\/v2\/article\/155766","targetHints":{"allow":["GET"]}}],"collection":[{"href":"https:\/\/admin.industriall-union.org\/es\/wp-json\/wp\/v2\/article"}],"about":[{"href":"https:\/\/admin.industriall-union.org\/es\/wp-json\/wp\/v2\/types\/article"}],"wp:attachment":[{"href":"https:\/\/admin.industriall-union.org\/es\/wp-json\/wp\/v2\/media?parent=155766"}],"wp:term":[{"taxonomy":"issues","embeddable":true,"href":"https:\/\/admin.industriall-union.org\/es\/wp-json\/wp\/v2\/issues?post=155766"},{"taxonomy":"companies","embeddable":true,"href":"https:\/\/admin.industriall-union.org\/es\/wp-json\/wp\/v2\/companies?post=155766"},{"taxonomy":"regions","embeddable":true,"href":"https:\/\/admin.industriall-union.org\/es\/wp-json\/wp\/v2\/regions?post=155766"},{"taxonomy":"sectors","embeddable":true,"href":"https:\/\/admin.industriall-union.org\/es\/wp-json\/wp\/v2\/sectors?post=155766"},{"taxonomy":"article_tags","embeddable":true,"href":"https:\/\/admin.industriall-union.org\/es\/wp-json\/wp\/v2\/article_tags?post=155766"}],"curies":[{"name":"wp","href":"https:\/\/api.w.org\/{rel}","templated":true}]}}