{"id":155728,"date":"2021-12-10T11:23:58","date_gmt":"2021-12-10T11:23:58","guid":{"rendered":"https:\/\/admin.industriall-union.org\/industriall-y-la-isp-renuevan-acuerdo-global-con-edf\/"},"modified":"2025-01-28T05:50:54","modified_gmt":"2025-01-28T05:50:54","slug":"industriall-y-la-isp-renuevan-acuerdo-global-con-edf","status":"publish","type":"article","link":"https:\/\/admin.industriall-union.org\/es\/industriall-y-la-isp-renuevan-acuerdo-global-con-edf\/","title":{"rendered":"IndustriALL y la ISP renuevan acuerdo global con EDF"},"content":{"rendered":"<p>La extensi\u00f3n tambi\u00e9n fue suscrita por representantes de 15 sindicatos de Francia, Alemania, Italia, Brasil, B\u00e9lgica y China, que representan a los trabajadores de EDF a nivel mundial. El acuerdo se aplica a todas las actividades de EDF en todo el mundo y cubre a m\u00e1s de 160.000 trabajadores en 24 pa\u00edses.<\/p><p>El AMG se negoci\u00f3 y firm\u00f3 por primera vez en 2005 y se renov\u00f3 en 2009. En 2018, se llev\u00f3 a cabo otra <a href=\"https:\/\/www.industriall-union.org\/industriall-and-psi-sign-global-responsible-employer-agreement-with-edf\">ronda de negociaciones<\/a>. Los representantes sindicales optaron por una extensi\u00f3n del actual AMG en lugar de iniciar un proceso de renegociaci\u00f3n. Las partes llegaron a un consenso de que el acuerdo global actual contiene t\u00e9rminos satisfactorios y que, en lugar de renegociarlo, debe centrarse la atenci\u00f3n en su implementaci\u00f3n en los lugares de trabajo a nivel mundial, particularmente cuando <a href=\"https:\/\/www.industriall-union.org\/french-electricity-and-gas-workers-mobilize-for-their-rights\">sigue presente la amenaza de reestructuraci\u00f3n del Grupo EDF<\/a>.<\/p><p>Algunas de las cl\u00e1usulas importantes incluidas en el AMG son las siguientes:<\/p><ul><li>La cl\u00e1usula de neutralidad que protege a las organizaciones sindicales de la oposici\u00f3n activa de la direcci\u00f3n en el Grupo EDF y sus filiales en todo el mundo.<\/li><li>Representaci\u00f3n sindical en el comit\u00e9 mundial a cargo del control y el seguimiento para los representantes de los lugares de trabajo de EDF en Alemania (2); Am\u00e9rica Latina (1); Am\u00e9rica del Norte (1); \u00c1frica y Medio Oriente (1).<\/li><li>Un compromiso con brindar indicadores claros para la implementaci\u00f3n y mecanismos de soluci\u00f3n de conflictos con plazos determinados.<\/li><li>Medidas sobre Transici\u00f3n Justa en apoyo de las competencias profesionales y las condiciones de trabajo de conformidad con las Directrices de la OIT para una Transici\u00f3n Justa hacia econom\u00edas y sociedades ambientalmente sostenibles.<\/li><\/ul><p>El AMG ofrece una oportunidad para que los afiliados a IndustriALL y la ISP aprovechen colectivamente sus disposiciones con el fin de empoderar, defender los derechos y las condiciones de los miembros y, al mismo tiempo, promover servicios p\u00fablicos de calidad. Se invita a los afiliados con miembros en las operaciones, filiales y subcontratistas de EDF en todo el mundo a mantener un contacto cercano con todas las regiones para garantizar que el contenido de este acuerdo sea plenamente implementado y respetado.<\/p><p>El secretario general de IndustriALL, Atle H\u00f8ie, declar\u00f3:<\/p><blockquote><p>&ldquo;Los acuerdos marco globales nos brindan la posibilidad de conocer las condiciones laborales de los trabajadores en empresas multinacionales a nivel mundial. Tambi\u00e9n nos ayudan a resolver conflictos y anticiparnos a sus dificultades. Gracias a esta extensi\u00f3n, continuaremos enfoc\u00e1ndonos en aspectos clave como la diligencia debida y la Transici\u00f3n Justa dentro de EDF&rdquo;.<\/p><\/blockquote><p>Rosa Pavanelli, secretaria general de la ISP, expres\u00f3:<\/p><blockquote><p>&ldquo;El vencimiento de cualquier acuerdo brinda la oportunidad de reflexionar sobre su contenido e implementaci\u00f3n. Tenemos un buen AMG con EDF. Necesitamos enfocarnos en una implementaci\u00f3n plena y coordinada de este acuerdo global de abajo hacia arriba&rdquo;.<\/p><\/blockquote><p>El acuerdo es monitoreado por el Comit\u00e9 de Di\u00e1logo sobre Responsabilidad Social Empresarial (CDRS). El secretario del CDRS, Roland Van Puyenbroeck, declar\u00f3:<\/p><blockquote><p>&ldquo;Todos los miembros del comit\u00e9 de coordinaci\u00f3n global esperan poder dar continuidad a este importante trabajo&rdquo;.<\/p><\/blockquote><p>EDF (\u00c9lectricit\u00e9 de France) es una empresa energ\u00e9tica multinacional francesa cuyo propietario mayoritario es el Estado franc\u00e9s. La empresa se dedica a la generaci\u00f3n y distribuci\u00f3n de electricidad, el dise\u00f1o, la construcci\u00f3n y el desmantelamiento de centrales el\u00e9ctricas y la comercializaci\u00f3n de energ\u00eda. EDF mantiene operaciones en los sectores de energ\u00eda nuclear, hidroel\u00e9ctrica, marina, energ\u00eda e\u00f3lica, energ\u00eda solar, biomasa, energ\u00eda geot\u00e9rmica y energ\u00eda que proviene de combustibles f\u00f3siles.<\/p><p><em>Imagen de la torre de EDF en Par\u00eds. CC: <a href=\"https:\/\/www.flickr.com\/photos\/falcon_33\/24500549042\">Falcon Photography<\/a><\/em><\/p>","protected":false},"featured_media":0,"template":"","issues":[406,407],"companies":[35],"regions":[],"sectors":[483],"article_tags":[],"class_list":["post-155728","article","type-article","status-publish","hentry","issues-confronting-global-capital","issues-global-framework-agreements","companies-edf","sectors-energy-oil-gas-electricity-and-nuclear"],"acf":[],"yoast_head":"<!-- This site is optimized with the Yoast SEO Premium plugin v27.1 (Yoast SEO v27.1) - https:\/\/yoast.com\/product\/yoast-seo-premium-wordpress\/ -->\n<title>IndustriALL y la ISP renuevan acuerdo global con EDF - industriall-union<\/title>\n<meta name=\"description\" content=\"La extensi\u00f3n tambi\u00e9n fue suscrita por representantes de 15 sindicatos de Francia, Alemania, Italia, Brasil, B\u00e9lgica y China, que representan a los\" \/>\n<meta name=\"robots\" content=\"index, follow, max-snippet:-1, max-image-preview:large, max-video-preview:-1\" \/>\n<link rel=\"canonical\" href=\"https:\/\/admin.industriall-union.org\/es\/industriall-y-la-isp-renuevan-acuerdo-global-con-edf\/\" \/>\n<meta property=\"og:locale\" content=\"es_ES\" \/>\n<meta property=\"og:type\" content=\"article\" \/>\n<meta property=\"og:title\" content=\"IndustriALL y la ISP renuevan acuerdo global con EDF\" \/>\n<meta property=\"og:description\" content=\"La extensi\u00f3n tambi\u00e9n fue suscrita por representantes de 15 sindicatos de Francia, Alemania, Italia, Brasil, B\u00e9lgica y China, que representan a los\" \/>\n<meta property=\"og:url\" content=\"https:\/\/admin.industriall-union.org\/es\/industriall-y-la-isp-renuevan-acuerdo-global-con-edf\/\" \/>\n<meta property=\"og:site_name\" content=\"industriall-union\" \/>\n<meta property=\"article:modified_time\" content=\"2025-01-28T05:50:54+00:00\" \/>\n<meta name=\"twitter:card\" content=\"summary_large_image\" \/>\n<meta name=\"twitter:label1\" content=\"Est. reading time\" \/>\n\t<meta name=\"twitter:data1\" content=\"3 minutes\" \/>\n<script type=\"application\/ld+json\" class=\"yoast-schema-graph\">{\"@context\":\"https:\/\/schema.org\",\"@graph\":[{\"@type\":\"WebPage\",\"@id\":\"https:\/\/admin.industriall-union.org\/es\/industriall-y-la-isp-renuevan-acuerdo-global-con-edf\/\",\"url\":\"https:\/\/admin.industriall-union.org\/es\/industriall-y-la-isp-renuevan-acuerdo-global-con-edf\/\",\"name\":\"IndustriALL y la ISP renuevan acuerdo global con EDF - industriall-union\",\"isPartOf\":{\"@id\":\"https:\/\/admin.industriall-union.org\/#website\"},\"datePublished\":\"2021-12-10T11:23:58+00:00\",\"dateModified\":\"2025-01-28T05:50:54+00:00\",\"description\":\"La extensi\u00f3n tambi\u00e9n fue suscrita por representantes de 15 sindicatos de Francia, Alemania, Italia, Brasil, B\u00e9lgica y China, que representan a los\",\"breadcrumb\":{\"@id\":\"https:\/\/admin.industriall-union.org\/es\/industriall-y-la-isp-renuevan-acuerdo-global-con-edf\/#breadcrumb\"},\"inLanguage\":\"es-ES\",\"potentialAction\":[{\"@type\":\"ReadAction\",\"target\":[\"https:\/\/admin.industriall-union.org\/es\/industriall-y-la-isp-renuevan-acuerdo-global-con-edf\/\"]}]},{\"@type\":\"BreadcrumbList\",\"@id\":\"https:\/\/admin.industriall-union.org\/es\/industriall-y-la-isp-renuevan-acuerdo-global-con-edf\/#breadcrumb\",\"itemListElement\":[{\"@type\":\"ListItem\",\"position\":1,\"name\":\"Home\",\"item\":\"https:\/\/admin.industriall-union.org\/\"},{\"@type\":\"ListItem\",\"position\":2,\"name\":\"Articles\",\"item\":\"https:\/\/admin.industriall-union.org\/article\/\"},{\"@type\":\"ListItem\",\"position\":3,\"name\":\"IndustriALL y la ISP renuevan acuerdo global con EDF\"}]},{\"@type\":\"WebSite\",\"@id\":\"https:\/\/admin.industriall-union.org\/#website\",\"url\":\"https:\/\/admin.industriall-union.org\/\",\"name\":\"industriall-union\",\"description\":\"\",\"potentialAction\":[{\"@type\":\"SearchAction\",\"target\":{\"@type\":\"EntryPoint\",\"urlTemplate\":\"https:\/\/admin.industriall-union.org\/?s={search_term_string}\"},\"query-input\":{\"@type\":\"PropertyValueSpecification\",\"valueRequired\":true,\"valueName\":\"search_term_string\"}}],\"inLanguage\":\"es-ES\"}]}<\/script>\n<!-- \/ Yoast SEO Premium plugin. -->","yoast_head_json":{"title":"IndustriALL y la ISP renuevan acuerdo global con EDF - industriall-union","description":"La extensi\u00f3n tambi\u00e9n fue suscrita por representantes de 15 sindicatos de Francia, Alemania, Italia, Brasil, B\u00e9lgica y China, que representan a los","robots":{"index":"index","follow":"follow","max-snippet":"max-snippet:-1","max-image-preview":"max-image-preview:large","max-video-preview":"max-video-preview:-1"},"canonical":"https:\/\/admin.industriall-union.org\/es\/industriall-y-la-isp-renuevan-acuerdo-global-con-edf\/","og_locale":"es_ES","og_type":"article","og_title":"IndustriALL y la ISP renuevan acuerdo global con EDF","og_description":"La extensi\u00f3n tambi\u00e9n fue suscrita por representantes de 15 sindicatos de Francia, Alemania, Italia, Brasil, B\u00e9lgica y China, que representan a los","og_url":"https:\/\/admin.industriall-union.org\/es\/industriall-y-la-isp-renuevan-acuerdo-global-con-edf\/","og_site_name":"industriall-union","article_modified_time":"2025-01-28T05:50:54+00:00","twitter_card":"summary_large_image","twitter_misc":{"Est. reading time":"3 minutes"},"schema":{"@context":"https:\/\/schema.org","@graph":[{"@type":"WebPage","@id":"https:\/\/admin.industriall-union.org\/es\/industriall-y-la-isp-renuevan-acuerdo-global-con-edf\/","url":"https:\/\/admin.industriall-union.org\/es\/industriall-y-la-isp-renuevan-acuerdo-global-con-edf\/","name":"IndustriALL y la ISP renuevan acuerdo global con EDF - industriall-union","isPartOf":{"@id":"https:\/\/admin.industriall-union.org\/#website"},"datePublished":"2021-12-10T11:23:58+00:00","dateModified":"2025-01-28T05:50:54+00:00","description":"La extensi\u00f3n tambi\u00e9n fue suscrita por representantes de 15 sindicatos de Francia, Alemania, Italia, Brasil, B\u00e9lgica y China, que representan a los","breadcrumb":{"@id":"https:\/\/admin.industriall-union.org\/es\/industriall-y-la-isp-renuevan-acuerdo-global-con-edf\/#breadcrumb"},"inLanguage":"es-ES","potentialAction":[{"@type":"ReadAction","target":["https:\/\/admin.industriall-union.org\/es\/industriall-y-la-isp-renuevan-acuerdo-global-con-edf\/"]}]},{"@type":"BreadcrumbList","@id":"https:\/\/admin.industriall-union.org\/es\/industriall-y-la-isp-renuevan-acuerdo-global-con-edf\/#breadcrumb","itemListElement":[{"@type":"ListItem","position":1,"name":"Home","item":"https:\/\/admin.industriall-union.org\/"},{"@type":"ListItem","position":2,"name":"Articles","item":"https:\/\/admin.industriall-union.org\/article\/"},{"@type":"ListItem","position":3,"name":"IndustriALL y la ISP renuevan acuerdo global con EDF"}]},{"@type":"WebSite","@id":"https:\/\/admin.industriall-union.org\/#website","url":"https:\/\/admin.industriall-union.org\/","name":"industriall-union","description":"","potentialAction":[{"@type":"SearchAction","target":{"@type":"EntryPoint","urlTemplate":"https:\/\/admin.industriall-union.org\/?s={search_term_string}"},"query-input":{"@type":"PropertyValueSpecification","valueRequired":true,"valueName":"search_term_string"}}],"inLanguage":"es-ES"}]}},"_links":{"self":[{"href":"https:\/\/admin.industriall-union.org\/es\/wp-json\/wp\/v2\/article\/155728","targetHints":{"allow":["GET"]}}],"collection":[{"href":"https:\/\/admin.industriall-union.org\/es\/wp-json\/wp\/v2\/article"}],"about":[{"href":"https:\/\/admin.industriall-union.org\/es\/wp-json\/wp\/v2\/types\/article"}],"wp:attachment":[{"href":"https:\/\/admin.industriall-union.org\/es\/wp-json\/wp\/v2\/media?parent=155728"}],"wp:term":[{"taxonomy":"issues","embeddable":true,"href":"https:\/\/admin.industriall-union.org\/es\/wp-json\/wp\/v2\/issues?post=155728"},{"taxonomy":"companies","embeddable":true,"href":"https:\/\/admin.industriall-union.org\/es\/wp-json\/wp\/v2\/companies?post=155728"},{"taxonomy":"regions","embeddable":true,"href":"https:\/\/admin.industriall-union.org\/es\/wp-json\/wp\/v2\/regions?post=155728"},{"taxonomy":"sectors","embeddable":true,"href":"https:\/\/admin.industriall-union.org\/es\/wp-json\/wp\/v2\/sectors?post=155728"},{"taxonomy":"article_tags","embeddable":true,"href":"https:\/\/admin.industriall-union.org\/es\/wp-json\/wp\/v2\/article_tags?post=155728"}],"curies":[{"name":"wp","href":"https:\/\/api.w.org\/{rel}","templated":true}]}}