{"id":155726,"date":"2021-12-10T15:00:39","date_gmt":"2021-12-10T15:00:39","guid":{"rendered":"https:\/\/admin.industriall-union.org\/fortalecer-el-poder-sindical-en-la-cadena-de-suministro-de-energias-renovables\/"},"modified":"2025-01-28T05:50:30","modified_gmt":"2025-01-28T05:50:30","slug":"fortalecer-el-poder-sindical-en-la-cadena-de-suministro-de-energias-renovables","status":"publish","type":"article","link":"https:\/\/admin.industriall-union.org\/es\/fortalecer-el-poder-sindical-en-la-cadena-de-suministro-de-energias-renovables\/","title":{"rendered":"Fortalecer el poder sindical en la cadena de suministro de energ\u00edas renovables"},"content":{"rendered":"<p><\/p><p>Esta fue la pregunta clave que surgi\u00f3 del seminario web de IndustriALL Global Union, &ldquo;Fortalecer el poder sindical en las energ\u00edas renovables&rdquo;, celebrado el 9 de diciembre con expertos de la Agencia Internacional de Energ\u00edas Renovables (<a href=\"https:\/\/irena.org\/\">IRENA<\/a>), un centro intergubernamental encargado de generar conocimiento, desarrollar pol\u00edticas y financiar proyectos.<\/p><p>Ulrike Lehr y Michael Renner, de IRENA, brindaron un panorama general de lo que podr\u00eda significar una v\u00eda de transici\u00f3n energ\u00e9tica en t\u00e9rminos de econom\u00eda, empleo y bienestar humano.&nbsp;<\/p><p>La investigaci\u00f3n de IRENA sobre<a href=\"https:\/\/www.irena.org\/-\/media\/Files\/IRENA\/Agency\/Publication\/2021\/Oct\/IRENA_RE_Jobs_2021.pdf\"> Energ\u00edas renovables y empleo <\/a>demuestra que la pandemia mundial no ha frenado el crecimiento de las energ\u00edas renovables, as\u00ed como tambi\u00e9n pone de manifiesto las estrechas conexiones entre el medioambiente, la econom\u00eda y el bienestar humano.&nbsp;<\/p><p>Los crecientes desaf\u00edos impuestos por el cambio clim\u00e1tico refuerzan la necesidad de una transici\u00f3n justa e inclusiva hacia trabajos sostenibles, dignos y respetuosos con el clima. La transici\u00f3n est\u00e1 muy avanzada: en 2020, el sector de las energ\u00edas renovables emple\u00f3 a m\u00e1s de 12 millones de personas, y las proyecciones de IRENA muestran que esta cifra solo aumentar\u00e1 con el tiempo.<\/p><p>Ulrike Lehr, al presentar posibles escenarios para el futuro, hizo \u00e9nfasis en que &ldquo;los empleos en el sector de la energ\u00eda renovable aumentar\u00e1n a 43 millones para 2050. Si bien esto es tranquilizador, todas las partes interesadas deben participar&rdquo;.<\/p><p>Michael Renner explic\u00f3:&nbsp;<\/p><p>&ldquo;El avance tecnol\u00f3gico influye en la creaci\u00f3n de empleo en el sector de las energ\u00edas renovables, lo que se traduce en una reducci\u00f3n de costes. A medida que la energ\u00eda renovable se vuelve m\u00e1s barata, se vuelve m\u00e1s competitiva que los combustibles f\u00f3siles, y esto aumenta el empleo. Se crear\u00e1n puestos de trabajo en las partes de la cadena de valor relacionadas con la fabricaci\u00f3n de equipos, la construcci\u00f3n y la instalaci\u00f3n. Con el tiempo, a medida que se instale m\u00e1s y m\u00e1s capacidad, se generar\u00e1n m\u00e1s empleos en las actividades de operaci\u00f3n y mantenimiento&rdquo;.<\/p><p>Apenas unas semanas despu\u00e9s de participar en la COP26, donde<a href=\"https:\/\/www.industriall-union.org\/trade-unions-at-cop26-what-we-did-what-we-achieved-and-what-we-need-to-focus-on-now\"> los sindicatos dejaron claras sus demandas<\/a>, la directora de energ\u00eda de IndustriALL, Diana Junquera Curiel, destac\u00f3 lo que estos avances significan para los sindicatos.<\/p><p>&ldquo;Debemos apoyar a nuestros afiliados a lo largo de la cadena de suministro. Esto no podr\u00e1 lograrse si no garantizamos trabajos dignos, salarios dignos, derechos laborales y salud y seguridad.<\/p><p>Necesitamos un enfoque hol\u00edstico que permita una mejor comprensi\u00f3n no solo del sector energ\u00e9tico, sino de la econom\u00eda, la sociedad y el planeta&rdquo;, expres\u00f3 Junquera.<\/p><p>&ldquo;Estamos aqu\u00ed para apoyar a los trabajadores en un mundo en proceso de transformaci\u00f3n. Adoptemos el cambio hacia tecnolog\u00edas verdes y tomemos la iniciativa en materia de actividades de formaci\u00f3n para asegurarnos de que la transici\u00f3n sea justa&rdquo;, dijo Matthias Hartwich, director de ingenier\u00eda mec\u00e1nica y metales b\u00e1sicos de IndustriALL.<\/p><p>Hartwich explic\u00f3 c\u00f3mo,<a href=\"https:\/\/www.industriall-union.org\/engineering-technology-for-a-just-transition\"> a trav\u00e9s de la tecnolog\u00eda verde, la ingenier\u00eda mec\u00e1nica puede ser parte de la soluci\u00f3n<\/a> y dar a las industrias la oportunidad de dise\u00f1ar un mejor futuro.&nbsp;<\/p><p>La capacidad de un pa\u00eds para crear puestos de trabajo en el sector de las energ\u00edas renovables depende de sus estructuras y capacidades econ\u00f3micas. &iquest;Qu\u00e9 dependencias tienen los pa\u00edses, en t\u00e9rminos de materias primas, tecnolog\u00eda y huella geogr\u00e1fica, y en qu\u00e9 medida est\u00e1n tratando activamente de localizar sus capacidades con respecto a las energ\u00edas renovables? El avance en cada pa\u00eds depende de la formulaci\u00f3n de pol\u00edticas nacionales.<\/p><p>Kan Matsuzaki, secretario general adjunto de IndustriALL, habl\u00f3 sobre el fortalecimiento del poder sindical en la cadena de suministro de energ\u00edas renovables. Explic\u00f3 que, si bien IndustriALL apoya a los afiliados mediante acuerdos marco globales, redes e investigaci\u00f3n de pol\u00edticas, se necesita un enfoque m\u00e1s estrat\u00e9gico para garantizar que estos participen activamente en la transformaci\u00f3n que se avecina.<\/p><p>Los expertos de IRENA explicaron que es necesario abordar activamente la formaci\u00f3n profesional, las medidas relativas al mercado laboral y las pol\u00edticas de g\u00e9nero. Queda mucho trabajo por hacer para superar las barreras a las que se enfrentan las mujeres en la industria de las energ\u00edas renovables. Se necesitan mejores redes y mentor\u00edas para apoyarlas.<\/p><p>El secretario general de IndustriALL, Atle H\u00f8ie, concluy\u00f3:<\/p><p>&ldquo;Tenemos una gran tarea por delante. A medida que pasemos de los combustibles f\u00f3siles a las energ\u00edas renovables, los nuevos puestos de trabajo que se crear\u00e1n estar\u00e1n en los sectores que representamos. Necesitamos asegurarnos de que sean trabajos adecuados y organizados&rdquo;.<\/p>","protected":false},"featured_media":0,"template":"","issues":[393,391],"companies":[],"regions":[],"sectors":[483,475],"article_tags":[],"class_list":["post-155726","article","type-article","status-publish","hentry","issues-climate-change-just-transition","issues-industry-40","sectors-energy-oil-gas-electricity-and-nuclear","sectors-mechanical-engineering"],"acf":[],"yoast_head":"<!-- This site is optimized with the Yoast SEO Premium plugin v27.1 (Yoast SEO v27.1) - https:\/\/yoast.com\/product\/yoast-seo-premium-wordpress\/ -->\n<title>Fortalecer el poder sindical en la cadena de suministro de energ\u00edas renovables - industriall-union<\/title>\n<meta name=\"description\" content=\"Esta fue la pregunta clave que surgi\u00f3 del seminario web de IndustriALL Global Union, &ldquo;Fortalecer el poder sindical en las energ\u00edas\" \/>\n<meta name=\"robots\" content=\"index, follow, max-snippet:-1, max-image-preview:large, max-video-preview:-1\" \/>\n<link rel=\"canonical\" href=\"https:\/\/admin.industriall-union.org\/es\/fortalecer-el-poder-sindical-en-la-cadena-de-suministro-de-energias-renovables\/\" \/>\n<meta property=\"og:locale\" content=\"es_ES\" \/>\n<meta property=\"og:type\" content=\"article\" \/>\n<meta property=\"og:title\" content=\"Fortalecer el poder sindical en la cadena de suministro de energ\u00edas renovables\" \/>\n<meta property=\"og:description\" content=\"Esta fue la pregunta clave que surgi\u00f3 del seminario web de IndustriALL Global Union, &ldquo;Fortalecer el poder sindical en las energ\u00edas\" \/>\n<meta property=\"og:url\" content=\"https:\/\/admin.industriall-union.org\/es\/fortalecer-el-poder-sindical-en-la-cadena-de-suministro-de-energias-renovables\/\" \/>\n<meta property=\"og:site_name\" content=\"industriall-union\" \/>\n<meta property=\"article:modified_time\" content=\"2025-01-28T05:50:30+00:00\" \/>\n<meta name=\"twitter:card\" content=\"summary_large_image\" \/>\n<meta name=\"twitter:label1\" content=\"Est. reading time\" \/>\n\t<meta name=\"twitter:data1\" content=\"4 minutes\" \/>\n<script type=\"application\/ld+json\" class=\"yoast-schema-graph\">{\"@context\":\"https:\/\/schema.org\",\"@graph\":[{\"@type\":\"WebPage\",\"@id\":\"https:\/\/admin.industriall-union.org\/es\/fortalecer-el-poder-sindical-en-la-cadena-de-suministro-de-energias-renovables\/\",\"url\":\"https:\/\/admin.industriall-union.org\/es\/fortalecer-el-poder-sindical-en-la-cadena-de-suministro-de-energias-renovables\/\",\"name\":\"Fortalecer el poder sindical en la cadena de suministro de energ\u00edas renovables - industriall-union\",\"isPartOf\":{\"@id\":\"https:\/\/admin.industriall-union.org\/#website\"},\"datePublished\":\"2021-12-10T15:00:39+00:00\",\"dateModified\":\"2025-01-28T05:50:30+00:00\",\"description\":\"Esta fue la pregunta clave que surgi\u00f3 del seminario web de IndustriALL Global Union, &ldquo;Fortalecer el poder sindical en las energ\u00edas\",\"breadcrumb\":{\"@id\":\"https:\/\/admin.industriall-union.org\/es\/fortalecer-el-poder-sindical-en-la-cadena-de-suministro-de-energias-renovables\/#breadcrumb\"},\"inLanguage\":\"es-ES\",\"potentialAction\":[{\"@type\":\"ReadAction\",\"target\":[\"https:\/\/admin.industriall-union.org\/es\/fortalecer-el-poder-sindical-en-la-cadena-de-suministro-de-energias-renovables\/\"]}]},{\"@type\":\"BreadcrumbList\",\"@id\":\"https:\/\/admin.industriall-union.org\/es\/fortalecer-el-poder-sindical-en-la-cadena-de-suministro-de-energias-renovables\/#breadcrumb\",\"itemListElement\":[{\"@type\":\"ListItem\",\"position\":1,\"name\":\"Home\",\"item\":\"https:\/\/admin.industriall-union.org\/\"},{\"@type\":\"ListItem\",\"position\":2,\"name\":\"Articles\",\"item\":\"https:\/\/admin.industriall-union.org\/article\/\"},{\"@type\":\"ListItem\",\"position\":3,\"name\":\"Fortalecer el poder sindical en la cadena de suministro de energ\u00edas renovables\"}]},{\"@type\":\"WebSite\",\"@id\":\"https:\/\/admin.industriall-union.org\/#website\",\"url\":\"https:\/\/admin.industriall-union.org\/\",\"name\":\"industriall-union\",\"description\":\"\",\"potentialAction\":[{\"@type\":\"SearchAction\",\"target\":{\"@type\":\"EntryPoint\",\"urlTemplate\":\"https:\/\/admin.industriall-union.org\/?s={search_term_string}\"},\"query-input\":{\"@type\":\"PropertyValueSpecification\",\"valueRequired\":true,\"valueName\":\"search_term_string\"}}],\"inLanguage\":\"es-ES\"}]}<\/script>\n<!-- \/ Yoast SEO Premium plugin. -->","yoast_head_json":{"title":"Fortalecer el poder sindical en la cadena de suministro de energ\u00edas renovables - industriall-union","description":"Esta fue la pregunta clave que surgi\u00f3 del seminario web de IndustriALL Global Union, &ldquo;Fortalecer el poder sindical en las energ\u00edas","robots":{"index":"index","follow":"follow","max-snippet":"max-snippet:-1","max-image-preview":"max-image-preview:large","max-video-preview":"max-video-preview:-1"},"canonical":"https:\/\/admin.industriall-union.org\/es\/fortalecer-el-poder-sindical-en-la-cadena-de-suministro-de-energias-renovables\/","og_locale":"es_ES","og_type":"article","og_title":"Fortalecer el poder sindical en la cadena de suministro de energ\u00edas renovables","og_description":"Esta fue la pregunta clave que surgi\u00f3 del seminario web de IndustriALL Global Union, &ldquo;Fortalecer el poder sindical en las energ\u00edas","og_url":"https:\/\/admin.industriall-union.org\/es\/fortalecer-el-poder-sindical-en-la-cadena-de-suministro-de-energias-renovables\/","og_site_name":"industriall-union","article_modified_time":"2025-01-28T05:50:30+00:00","twitter_card":"summary_large_image","twitter_misc":{"Est. reading time":"4 minutes"},"schema":{"@context":"https:\/\/schema.org","@graph":[{"@type":"WebPage","@id":"https:\/\/admin.industriall-union.org\/es\/fortalecer-el-poder-sindical-en-la-cadena-de-suministro-de-energias-renovables\/","url":"https:\/\/admin.industriall-union.org\/es\/fortalecer-el-poder-sindical-en-la-cadena-de-suministro-de-energias-renovables\/","name":"Fortalecer el poder sindical en la cadena de suministro de energ\u00edas renovables - industriall-union","isPartOf":{"@id":"https:\/\/admin.industriall-union.org\/#website"},"datePublished":"2021-12-10T15:00:39+00:00","dateModified":"2025-01-28T05:50:30+00:00","description":"Esta fue la pregunta clave que surgi\u00f3 del seminario web de IndustriALL Global Union, &ldquo;Fortalecer el poder sindical en las energ\u00edas","breadcrumb":{"@id":"https:\/\/admin.industriall-union.org\/es\/fortalecer-el-poder-sindical-en-la-cadena-de-suministro-de-energias-renovables\/#breadcrumb"},"inLanguage":"es-ES","potentialAction":[{"@type":"ReadAction","target":["https:\/\/admin.industriall-union.org\/es\/fortalecer-el-poder-sindical-en-la-cadena-de-suministro-de-energias-renovables\/"]}]},{"@type":"BreadcrumbList","@id":"https:\/\/admin.industriall-union.org\/es\/fortalecer-el-poder-sindical-en-la-cadena-de-suministro-de-energias-renovables\/#breadcrumb","itemListElement":[{"@type":"ListItem","position":1,"name":"Home","item":"https:\/\/admin.industriall-union.org\/"},{"@type":"ListItem","position":2,"name":"Articles","item":"https:\/\/admin.industriall-union.org\/article\/"},{"@type":"ListItem","position":3,"name":"Fortalecer el poder sindical en la cadena de suministro de energ\u00edas renovables"}]},{"@type":"WebSite","@id":"https:\/\/admin.industriall-union.org\/#website","url":"https:\/\/admin.industriall-union.org\/","name":"industriall-union","description":"","potentialAction":[{"@type":"SearchAction","target":{"@type":"EntryPoint","urlTemplate":"https:\/\/admin.industriall-union.org\/?s={search_term_string}"},"query-input":{"@type":"PropertyValueSpecification","valueRequired":true,"valueName":"search_term_string"}}],"inLanguage":"es-ES"}]}},"_links":{"self":[{"href":"https:\/\/admin.industriall-union.org\/es\/wp-json\/wp\/v2\/article\/155726","targetHints":{"allow":["GET"]}}],"collection":[{"href":"https:\/\/admin.industriall-union.org\/es\/wp-json\/wp\/v2\/article"}],"about":[{"href":"https:\/\/admin.industriall-union.org\/es\/wp-json\/wp\/v2\/types\/article"}],"wp:attachment":[{"href":"https:\/\/admin.industriall-union.org\/es\/wp-json\/wp\/v2\/media?parent=155726"}],"wp:term":[{"taxonomy":"issues","embeddable":true,"href":"https:\/\/admin.industriall-union.org\/es\/wp-json\/wp\/v2\/issues?post=155726"},{"taxonomy":"companies","embeddable":true,"href":"https:\/\/admin.industriall-union.org\/es\/wp-json\/wp\/v2\/companies?post=155726"},{"taxonomy":"regions","embeddable":true,"href":"https:\/\/admin.industriall-union.org\/es\/wp-json\/wp\/v2\/regions?post=155726"},{"taxonomy":"sectors","embeddable":true,"href":"https:\/\/admin.industriall-union.org\/es\/wp-json\/wp\/v2\/sectors?post=155726"},{"taxonomy":"article_tags","embeddable":true,"href":"https:\/\/admin.industriall-union.org\/es\/wp-json\/wp\/v2\/article_tags?post=155726"}],"curies":[{"name":"wp","href":"https:\/\/api.w.org\/{rel}","templated":true}]}}