{"id":155627,"date":"2021-12-26T23:42:51","date_gmt":"2021-12-26T23:42:51","guid":{"rendered":"https:\/\/admin.industriall-union.org\/informe-lo-ocurrido-en-la-cop26-y-lo-que-significa-para-la-fuerza-de-trabajo\/"},"modified":"2025-01-28T05:27:01","modified_gmt":"2025-01-28T05:27:01","slug":"informe-lo-ocurrido-en-la-cop26-y-lo-que-significa-para-la-fuerza-de-trabajo","status":"publish","type":"article","link":"https:\/\/admin.industriall-union.org\/es\/informe-lo-ocurrido-en-la-cop26-y-lo-que-significa-para-la-fuerza-de-trabajo\/","title":{"rendered":"INFORME: Lo ocurrido en la COP26 y lo que significa para la fuerza de trabajo"},"content":{"rendered":"<table border=\"1\" cellpadding=\"1\" cellspacing=\"1\" style=\"width:500px\"><tbody><tr><td colspan=\"2\"><p><strong>INFORME<\/strong><\/p><p>Global Worker No. 2 Noviembre 2021<\/p><\/td><\/tr><tr><td><img decoding=\"async\" alt=\"\" src=\"\" style=\"width: 200px;height: 283px\" \/><\/td><td><p><strong>Tema<\/strong>: COP 26, Transici\u00f3n justa <strong>Texto<\/strong>: Walton Pantland<\/p><\/td><\/tr><\/tbody><\/table><h4>&iquest;Qu\u00e9 es la COP26?<\/h4><p>La COP26 es la 26&ordf; Conferencia de las Partes de la Convenci\u00f3n Marco de las Naciones Unidas sobre el Cambio Clim\u00e1tico (CMNUCC).&nbsp;Las Partes son los 197 pa\u00edses signatarios de la CMNUCC.&nbsp;Estos pa\u00edses trabajan en conjunto para establecer un acuerdo multilateral global para abordar el cambio clim\u00e1tico.<\/p><p>La primera reuni\u00f3n de la CMNUCC, la Cumbre de la Tierra de Rio, se celebr\u00f3 en Rio de Janeiro, Brasil, en 1992, mientras que la primera COP, el organismo rector de la CMNUCC, se celebr\u00f3 en Berl\u00edn en 1995. La COP3, en Kioto, dio por resultado el Protocolo de Kioto, el&nbsp;primer tratado clim\u00e1tico global que se estableciera para tratar de limitar el calentamiento clim\u00e1tico.&nbsp;El&nbsp;<a href=\"\/wp-content\/resource\/cop26_auv_2f_cover_decision.pdf\">Pacto Clim\u00e1tico de Glasgow<\/a>&nbsp;es la m\u00e1s reciente formulaci\u00f3n de ese tratado.<\/p><p>Se ha criticado mucho al proceso de la CMNUCC.&nbsp;Un problema importante es que todas las Partes reconocen que se debe hacer algo: quieren que todos los dem\u00e1s tomen medidas, pero para ellos mismos buscan factores de exoneraci\u00f3n. A consecuencia de esto existe un d\u00e9ficit sistem\u00e1tico de informaci\u00f3n sobre las emisiones de carbono, publicidad enga\u00f1osa sobre supuestas virtudes ecol\u00f3gicas, y la exenci\u00f3n de \u00e1reas enteras, como las fuerzas armadas.<\/p><p>La mayor\u00eda de los gobiernos todav\u00eda espera soluciones que vengan del sector privado impulsadas por el mercado. Resultado de esto es que se presta demasiada atenci\u00f3n al potencial de las tecnolog\u00edas te\u00f3ricas y en consecuencia los gobiernos no toman las medidas que son necesarias.<\/p><h4>&iquest;Por qu\u00e9 fue importante la COP26?<\/h4><p>La COP26 fue anunciada como nuestra \u00faltima y mejor oportunidad para limitar el calentamiento global a niveles ecol\u00f3gicos.&nbsp;La COP21, celebrada en Par\u00eds en 2015, fue un hito, ya que result\u00f3 en&nbsp;<a href=\"https:\/\/unfccc.int\/process-and-meetings\/the-paris-agreement\/the-paris-agreement\">el Acuerdo de Par\u00eds<\/a>, un compromiso global para limitar el calentamiento a un nivel significativamente inferior a 2 grados.&nbsp;La COP26 fue importante porque determin\u00f3 las reglas que rigen el acuerdo de Par\u00eds &#8211; el &quot;Libro de reglas de Par\u00eds&quot; &#8211; y porque los pa\u00edses ten\u00edan que definir sus Contribuciones Determinadas a Nivel Nacional (CDN) para reducir las emisiones.<\/p><h4>&iquest;Fue un fracaso la COP26?<\/h4><p>Muchos activistas ambientales, entre ellos&nbsp;<a href=\"https:\/\/www.bbc.com\/news\/uk-scotland-glasgow-west-59165781\">Greta Thunberg<\/a>, han calificado la COP26 como un fracaso.&nbsp;El&nbsp;<a href=\"\/wp-content\/resource\/cop26_auv_2f_cover_decision.pdf\">Pacto Clim\u00e1tico de Glasgow<\/a>&nbsp;carece de ambici\u00f3n y las CDN de las Partes no son suficientes para limitar el calentamiento global.&nbsp;Pero hay otros factores tambi\u00e9n: los sindicatos demuestran un optimismo prudente ya que en comparaci\u00f3n con la situaci\u00f3n de hace un a\u00f1o, cuando Trump todav\u00eda estaba en la Casa Blanca, se han logrado avances significativos.&nbsp;Sigue una coyuntura propicia para prevenir un cambio clim\u00e1tico desastroso, hay cada vez m\u00e1s inter\u00e9s, y se han establecido compromisos para financiar una transici\u00f3n.<\/p><p>Las negociaciones todav\u00eda no han terminado, lo cual es de crucial importancia: en la COP27 que se realizar\u00e1 en Sharm el Sheikh el pr\u00f3ximo a\u00f1o, y en los sucesivos a\u00f1os despu\u00e9s, se seguir\u00e1 presionando a los pa\u00edses para que afinen las CDN.&nbsp;La sociedad civil, incluyendo los sindicatos, tendr\u00e1n que aprovechar el pr\u00f3ximo a\u00f1o para presionar a los gobiernos lo m\u00e1ximo posible.<\/p><p>Adem\u00e1s de&nbsp;los compromisos adquiridos en la COP26, a nivel mundial existe inter\u00e9s cada vez mayor, incluso del sector privado y de organismos de administraci\u00f3n local, para alcanzar las cero emisiones netas.&nbsp;La tecnolog\u00eda ha avanzado y se ha vuelto m\u00e1s asequible, por lo tanto la velocidad de la transici\u00f3n est\u00e1 aumentando r\u00e1pidamente.<\/p><h4>&iquest;Cu\u00e1les son las posibles consecuencias de la COP26 para los sindicatos?<\/h4><p>La COP26 nos deja en el contexto de pol\u00edticas que se diferencian significativamente de la situaci\u00f3n en que nos encontramos despu\u00e9s de la COP25.&nbsp;Se prev\u00e9 que&nbsp;los sindicatos pueden enfrentar:<\/p><h4>El fin del carb\u00f3n<\/h4><p>El papel que juega el carb\u00f3n en la matriz energ\u00e9tica fue uno de los temas m\u00e1s debatidos en la COP26.&nbsp;Las centrales el\u00e9ctricas de carb\u00f3n contribuyen de manera significativa al calentamiento global, sin embargo muchos pa\u00edses dependen del carb\u00f3n para satisfacer sus necesidades energ\u00e9ticas.&nbsp;El texto original del acuerdo, que se refer\u00eda a una &quot;eliminaci\u00f3n progresiva&quot; del carb\u00f3n, se diluy\u00f3 debido a la presi\u00f3n que ejercieron China e India para sustituir este t\u00e9rmino por una &quot;reducci\u00f3n progresiva&quot;.&nbsp;No obstante, la intenci\u00f3n es clara: las Partes est\u00e1n de acuerdo que a largo plazo no hay un futuro para el carb\u00f3n, y a nivel mundial habr\u00e1 presi\u00f3n cada vez mayor para cerrar las minas de carb\u00f3n.&nbsp;Para los sindicatos, luchar por mantener abiertas las minas de carb\u00f3n y las centrales el\u00e9ctricas de carb\u00f3n es luchar contra la corriente de la historia.&nbsp;Los sindicatos en el&nbsp;<a href=\"https:\/\/www.theguardian.com\/commentisfree\/2021\/oct\/19\/switched-career-coal-working-renewables\">Reino Unido<\/a>,&nbsp;<a href=\"https:\/\/www.industriall-union.org\/spanish-coal-unions-win-landmark-just-transition-deal\">Espa\u00f1a<\/a>&nbsp;y otras partes han logrado procurar readiestramiento y redistribuci\u00f3n del personal.&nbsp;Tenemos que luchar para que esto sea la norma.<\/p><h4>Comprometerse a una Transici\u00f3n Justa<\/h4><p>Un eslogan sindical que se destac\u00f3 en esta COP era &quot;nada sobre nosotros, sin nosotros&quot;.&nbsp;Los sindicatos promovieron con \u00e9xito el principio de Transici\u00f3n Justa en todos los niveles.&nbsp;Un resultado importante de esta COP fue que se reafirm\u00f3 el compromiso con una Transici\u00f3n Justa, que ahora se ha incluido en el Libro de reglas de Par\u00eds.&nbsp;La&nbsp;<a href=\"https:\/\/www.industriall-union.org\/just-transition-declaration-adopted-at-cop26\">Declaraci\u00f3n sobre Transici\u00f3n Justa<\/a>&nbsp;que dieron a conocer los pa\u00edses ricos sienta un precedente importante en el sentido de que la transici\u00f3n hacia la sostenibilidad debe ocurrir mediante consultas con los m\u00e1s afectados.<\/p><p>Los sindicatos pueden aprovechar el texto sobre Transici\u00f3n Justa que figura en los acuerdos de la COP para exigir di\u00e1logo social a nivel nacional ya.&nbsp;Los sindicatos mundiales tambi\u00e9n pueden exigir di\u00e1logo social con las empresas multinacionales sobre los planes de transici\u00f3n.<\/p><h4>Volvi\u00f3 el gobierno del estado<\/h4><p>Desde finales de la d\u00e9cada de 1970, gran parte del mundo comenz\u00f3 a rechazar el desarrollo dirigido por el estado en favor de la desregulaci\u00f3n, privatizaci\u00f3n, desindustrializaci\u00f3n y el desarrollo impulsado por el mercado.&nbsp;Los sindicatos se opusieron en\u00e9rgicamente a esa situaci\u00f3n, que&nbsp;dio por resultado desigualdad cada vez mayor y produjo diversas crisis como la crisis financiera de 2008.&nbsp;Covid-19 oblig\u00f3 incluso a aquellos gobiernos que estaban totalmente comprometidos ideol\u00f3gicamente con la austeridad a realizar un gasto estatal sin precedentes, ya que r\u00e1pidamente qued\u00f3 en claro que no hab\u00eda una soluci\u00f3n de mercado para la pandemia.<\/p><p>Es probable que este nivel sin precedentes de intervenci\u00f3n y financiamiento del estado se mantenga a medida que los gobiernos aborden el cambio clim\u00e1tico.&nbsp;A pesar de las enormes cantidades que se invertir\u00e1n, prevenir un desastre clim\u00e1tico seguir\u00e1 siendo significativamente m\u00e1s barato que afrontar las consecuencias.<\/p><p>Tambi\u00e9n es probable que haya un efecto multiplicador: donde los estados invierten, el sector privado tiende a seguirlos.Por primera vez en la historia mundial, habr\u00e1 inversiones coordinadas a nivel mundial, lo que generar\u00e1 econom\u00edas de escala.<\/p><h4>Financiamiento para descarbonizar el hemisferio sur<\/h4><p>En Par\u00eds, los pa\u00edses ricos se comprometieron a proporcionar $ 100 mil millones por a\u00f1o al hemisferio sur para mitigar los efectos del cambio clim\u00e1tico y ayudarles a descarbonizar sus econom\u00edas.&nbsp;Hasta el momento, no han cumplido con este compromiso.&nbsp;A pesar de ello, se ha comenzado a dirigir importantes cantidades de dinero &#8211; donaciones, no pr\u00e9stamos &ndash; a los pa\u00edses m\u00e1s pobres.<\/p><p>Un precedente importante son los 8.500 millones de d\u00f3lares destinados a descarbonizar Eskom, la empresa de energ\u00eda paraestatal a carb\u00f3n de Sud\u00e1frica.&nbsp;Los pa\u00edses que proveen los fondos se han comprometido con la Transici\u00f3n Justa y el proceso se gestionar\u00e1 con di\u00e1logo social a trav\u00e9s de la estructura tripartita Nedlac.&nbsp;Con raz\u00f3n, los sindicatos sudafricanos&nbsp;<a href=\"https:\/\/www.industriall-union.org\/unions-uneasy-over-south-african-just-transition-finance-deal-announced-at-cop26\">est\u00e1n preocupados<\/a>&nbsp;por la corrupci\u00f3n, el lavado verde, la privatizaci\u00f3n y una serie de otros problemas, pero si el acuerdo se establece seg\u00fan lo previsto, podr\u00eda resultar en la creaci\u00f3n de empleos ecol\u00f3gicos y de buena calidad, transferencia de habilidades y tecnolog\u00eda, y una reducci\u00f3n significativa de las emisiones.&nbsp;El progreso&nbsp;en Sud\u00e1frica tambi\u00e9n significar\u00e1 la transferencia de m\u00e1s fondos a otros pa\u00edses, especialmente a aquellos, como la India, que dependen en gran medida del carb\u00f3n.<\/p><h4>Pactos Verdes en el hemisferio norte<\/h4><p>Los pa\u00edses ricos destinar\u00e1n enormes fondos para la construcci\u00f3n de infraestructura verde.&nbsp;El&nbsp;<a href=\"https:\/\/ec.europa.eu\/info\/strategy\/priorities-2019-2024\/european-green-deal_en\">Pacto Verde Europeo<\/a>, por ejemplo, ofrecer\u00e1 100.000 millones de euros para 2030 para financiar una recuperaci\u00f3n ecol\u00f3gica de Covid.&nbsp;Esto incluir\u00e1 nueva infraestructura de transporte, remodelaci\u00f3n de viviendas y edificios, generaci\u00f3n de energ\u00eda verde y otros beneficios m\u00e1s.&nbsp;La Comisi\u00f3n Europea prev\u00e9 que a consecuencia de esto se van a crear cientos de miles de nuevos puestos de trabajo.<\/p><p>Del mismo modo, en los EE. UU. el&nbsp;<a href=\"https:\/\/www.npr.org\/2021\/06\/24\/1009923468\/heres-whats-included-in-the-infrastructure-deal-that-biden-struck-with-senators\">proyecto de ley que concede 1 bill\u00f3n de d\u00f3lares a la infraestructura<\/a>, propuesto por Biden, destinar\u00e1 una gran cantidad a la infraestructura verde.&nbsp;Otros pa\u00edses de la OCDE est\u00e1n planificando invertir de modo semejante.<\/p><h4>&iquest;C\u00f3mo deber\u00edan responder los sindicatos?<\/h4><h4>Apoyar campa\u00f1as para recaudar impuestos a los multimillonarios<\/h4><p>La mayor parte del financiamiento para la transici\u00f3n verde proviene de la deuda.&nbsp;Los economistas a\u00fan no se ponen de acuerdo si esto es bueno o malo: el financiamiento puede conducir a crecimiento econ\u00f3mico que en efecto anule la deuda, y es m\u00e1s econ\u00f3mico prevenir que curar.&nbsp;Pero existe otra posible fuente de financiaci\u00f3n: los multimillonarios, que&nbsp;<a href=\"https:\/\/www.theguardian.com\/commentisfree\/2021\/jan\/26\/the-worlds-10-richest-people-made-540bn-in-a-year-we-need-a-greed-tax\">son propietarios de riqueza igual a la que tiene el 50% de la poblaci\u00f3n m\u00e1s pobre del mundo<\/a>, ocultan sus caudales de manera improductiva en para\u00edsos fiscales o los desperdician&nbsp;<a href=\"https:\/\/edition.cnn.com\/2021\/07\/14\/tech\/jeff-bezos-richard-branson-elon-musk-space-race-scn\/index.html\">en viajes de turismo al espacio<\/a>: Jeff Bezos, Elon Musk y Richard Branson gastan un dineral compitiendo&nbsp;para desarrollar viajes espaciales comerciales.<\/p><section class=\"boxTurquoise\"><h2>&quot;Si te gust\u00f3 Covid, &iexcl;te encantar\u00e1 el cambio clim\u00e1tico!&quot;<\/h2><p><span style=\"font-size:medium\"><span style=\"font-family:Calibri, sans-serif\"><span><span style=\"color:#000000\"><span style=\"font-style:normal\"><span><span style=\"font-weight:normal\"><span style=\"letter-spacing:normal\"><span><span style=\"text-transform:none\"><span><span><span><span><span style=\"text-decoration:none\">La crisis de Covid fue un ensayo previo al cambio clim\u00e1tico. Se tuvo que aplicar medidas gubernamentales, financiaci\u00f3n y coordinaci\u00f3n mundial sin precedentes para suprimir la pandemia y salvar vidas. Para enfrentar el cambio clim\u00e1tico tendremos que continuar con esta forma de trabajar.&nbsp;<\/span><\/span><\/span><\/span><\/span><\/span><\/span><\/span><\/span><\/span><\/span><\/span><\/span><\/span><\/span><\/p><\/section><h4>Hay que exigir di\u00e1logo social y luchar por una Transici\u00f3n Justa<\/h4><p>Tenemos que&nbsp;preparar a nuestros afiliados sindicales para los cambios que vienen. Es f\u00e1cil criticar a nuestros gobiernos por no tomar las medidas necesarias, pero los que estamos en el movimiento sindical tambi\u00e9n somos culpables de no hacer caso y desear que desaparezca la crisis clim\u00e1tica.&nbsp;El empleo&nbsp;en combustibles f\u00f3siles es bien remunerado, constituyendo una fuente de fuerza para los sindicatos, lo que nos lleva a priorizar la protecci\u00f3n de esos trabajos.&nbsp;Ahora existe un compromiso mundial en favor de la transici\u00f3n que dejar\u00e1 atr\u00e1s los combustibles f\u00f3siles.&nbsp;En algunos pa\u00edses, los sindicatos tienen mucha experiencia de luchar y lograr una Transici\u00f3n Justa.&nbsp;Debemos&nbsp;seguir aprendiendo de los mejores ejemplos.<\/p><p>Diana Junquera Curiel, directora de energ\u00eda de IndustriALL y delegada a la COP26, dice:<\/p><blockquote><p>&ldquo;Es mejor dise\u00f1ar tu futuro, y no que te lo impongan.<\/p><\/blockquote><blockquote><p>&ldquo;En lugar de hacer que nuestros miembros crean que podemos defender estos trabajos indefinidamente, debemos ser honrados con ellos y ayudarles a prepararse para el futuro.&nbsp;Nuestra tarea urgente es desarrollar marcos concretos para una Transici\u00f3n Justa que podamos implementar a trav\u00e9s del di\u00e1logo social&rdquo;.<\/p><\/blockquote><p>La Transici\u00f3n Justa figura en el Libro de reglas de Par\u00eds, pero para muchos gobiernos el di\u00e1logo social en torno a la pol\u00edtica econ\u00f3mica no se va a producir autom\u00e1ticamente.&nbsp;Les toca a&nbsp;los sindicatos exigir un asiento en la mesa cuando los pa\u00edses perfeccionan sus CDN y planifican la transici\u00f3n.&nbsp;Si lo hacemos de manera eficaz, podemos sentar un precedente en otras \u00e1reas de la econom\u00eda, estableciendo estructuras tripartitas y negociaciones sectoriales.<\/p><h4>Cambiar la narrativa<\/h4><p>Es l\u00f3gico que los trabajadores\/as y sus sindicatos desconf\u00eden de las nobles afirmaciones de que una gloriosa Transici\u00f3n Justa crear\u00e1 una utop\u00eda verde de puestos de trabajo buenos, ecol\u00f3gicos y sindicalizados.&nbsp;En el pasado, todos los&nbsp;cambios importantes en la econom\u00eda mundial significaron un costo para la fuerza de trabajo: desde el desarrollo de la maquinaria textil que reemplaz\u00f3 a los tejedores\/as a principios del siglo XIX, hasta la globalizaci\u00f3n de la d\u00e9cada de 1990 que produjo subcontrataci\u00f3n y la p\u00e9rdida de empleos a gran escala.<\/p><h4>&iquest;Por qu\u00e9 hemos de creer que esta vez ser\u00e1 diferente?<\/h4><p>No ser\u00e1 diferente si dejamos los cambios en manos de nuestros pol\u00edticos.&nbsp;Pero&nbsp;puede&nbsp;ser diferente si participamos nosotros, promoviendo la transici\u00f3n.&nbsp;Nos enfrentamos a un cambio sin precedentes en la econom\u00eda mundial: el fin de la era de los combustibles f\u00f3siles y el comienzo de una nueva \u00e9poca que a\u00fan no se ha definido.&nbsp;A diferencia de los cambios anteriores, \u00e9ste es un proceso que se realiza de manera controlada, con oportunidades para que los sindicatos influyan en las pol\u00edticas.<\/p><p>Los gobiernos del mundo gastar\u00e1n cantidades de dinero sin precedentes.&nbsp;Depender\u00e1 de nosotros asegurar que este gasto genere buenos puestos de trabajo para nuestros miembros y que, en este proceso, construyamos un mundo mejor.<\/p>","protected":false},"featured_media":0,"template":"","issues":[393,408],"companies":[],"regions":[],"sectors":[],"article_tags":[],"class_list":["post-155627","article","type-article","status-publish","hentry","issues-climate-change-just-transition","issues-global-worker"],"acf":[],"yoast_head":"<!-- This site is optimized with the Yoast SEO Premium plugin v27.1 (Yoast SEO v27.1) - https:\/\/yoast.com\/product\/yoast-seo-premium-wordpress\/ -->\n<title>INFORME: Lo ocurrido en la COP26 y lo que significa para la fuerza de trabajo - industriall-union<\/title>\n<meta name=\"description\" content=\"INFORMEGlobal Worker No. 2 Noviembre 2021Tema: COP 26, Transici\u00f3n justa Texto: Walton Pantland&iquest;Qu\u00e9 es la COP26?La COP26 es la 26&ordf; Conferencia\" \/>\n<meta name=\"robots\" content=\"index, follow, max-snippet:-1, max-image-preview:large, max-video-preview:-1\" \/>\n<link rel=\"canonical\" href=\"https:\/\/admin.industriall-union.org\/es\/informe-lo-ocurrido-en-la-cop26-y-lo-que-significa-para-la-fuerza-de-trabajo\/\" \/>\n<meta property=\"og:locale\" content=\"es_ES\" \/>\n<meta property=\"og:type\" content=\"article\" \/>\n<meta property=\"og:title\" content=\"INFORME: Lo ocurrido en la COP26 y lo que significa para la fuerza de trabajo\" \/>\n<meta property=\"og:description\" content=\"INFORMEGlobal Worker No. 2 Noviembre 2021Tema: COP 26, Transici\u00f3n justa Texto: Walton Pantland&iquest;Qu\u00e9 es la COP26?La COP26 es la 26&ordf; Conferencia\" \/>\n<meta property=\"og:url\" content=\"https:\/\/admin.industriall-union.org\/es\/informe-lo-ocurrido-en-la-cop26-y-lo-que-significa-para-la-fuerza-de-trabajo\/\" \/>\n<meta property=\"og:site_name\" content=\"industriall-union\" \/>\n<meta property=\"article:modified_time\" content=\"2025-01-28T05:27:01+00:00\" \/>\n<meta name=\"twitter:card\" content=\"summary_large_image\" \/>\n<meta name=\"twitter:label1\" content=\"Est. reading time\" \/>\n\t<meta name=\"twitter:data1\" content=\"12 minutes\" \/>\n<script type=\"application\/ld+json\" class=\"yoast-schema-graph\">{\"@context\":\"https:\/\/schema.org\",\"@graph\":[{\"@type\":\"WebPage\",\"@id\":\"https:\/\/admin.industriall-union.org\/es\/informe-lo-ocurrido-en-la-cop26-y-lo-que-significa-para-la-fuerza-de-trabajo\/\",\"url\":\"https:\/\/admin.industriall-union.org\/es\/informe-lo-ocurrido-en-la-cop26-y-lo-que-significa-para-la-fuerza-de-trabajo\/\",\"name\":\"INFORME: Lo ocurrido en la COP26 y lo que significa para la fuerza de trabajo - industriall-union\",\"isPartOf\":{\"@id\":\"https:\/\/admin.industriall-union.org\/#website\"},\"datePublished\":\"2021-12-26T23:42:51+00:00\",\"dateModified\":\"2025-01-28T05:27:01+00:00\",\"description\":\"INFORMEGlobal Worker No. 2 Noviembre 2021Tema: COP 26, Transici\u00f3n justa Texto: Walton Pantland&iquest;Qu\u00e9 es la COP26?La COP26 es la 26&ordf; Conferencia\",\"breadcrumb\":{\"@id\":\"https:\/\/admin.industriall-union.org\/es\/informe-lo-ocurrido-en-la-cop26-y-lo-que-significa-para-la-fuerza-de-trabajo\/#breadcrumb\"},\"inLanguage\":\"es-ES\",\"potentialAction\":[{\"@type\":\"ReadAction\",\"target\":[\"https:\/\/admin.industriall-union.org\/es\/informe-lo-ocurrido-en-la-cop26-y-lo-que-significa-para-la-fuerza-de-trabajo\/\"]}]},{\"@type\":\"BreadcrumbList\",\"@id\":\"https:\/\/admin.industriall-union.org\/es\/informe-lo-ocurrido-en-la-cop26-y-lo-que-significa-para-la-fuerza-de-trabajo\/#breadcrumb\",\"itemListElement\":[{\"@type\":\"ListItem\",\"position\":1,\"name\":\"Home\",\"item\":\"https:\/\/admin.industriall-union.org\/\"},{\"@type\":\"ListItem\",\"position\":2,\"name\":\"Articles\",\"item\":\"https:\/\/admin.industriall-union.org\/article\/\"},{\"@type\":\"ListItem\",\"position\":3,\"name\":\"INFORME: Lo ocurrido en la COP26 y lo que significa para la fuerza de trabajo\"}]},{\"@type\":\"WebSite\",\"@id\":\"https:\/\/admin.industriall-union.org\/#website\",\"url\":\"https:\/\/admin.industriall-union.org\/\",\"name\":\"industriall-union\",\"description\":\"\",\"potentialAction\":[{\"@type\":\"SearchAction\",\"target\":{\"@type\":\"EntryPoint\",\"urlTemplate\":\"https:\/\/admin.industriall-union.org\/?s={search_term_string}\"},\"query-input\":{\"@type\":\"PropertyValueSpecification\",\"valueRequired\":true,\"valueName\":\"search_term_string\"}}],\"inLanguage\":\"es-ES\"}]}<\/script>\n<!-- \/ Yoast SEO Premium plugin. -->","yoast_head_json":{"title":"INFORME: Lo ocurrido en la COP26 y lo que significa para la fuerza de trabajo - industriall-union","description":"INFORMEGlobal Worker No. 2 Noviembre 2021Tema: COP 26, Transici\u00f3n justa Texto: Walton Pantland&iquest;Qu\u00e9 es la COP26?La COP26 es la 26&ordf; Conferencia","robots":{"index":"index","follow":"follow","max-snippet":"max-snippet:-1","max-image-preview":"max-image-preview:large","max-video-preview":"max-video-preview:-1"},"canonical":"https:\/\/admin.industriall-union.org\/es\/informe-lo-ocurrido-en-la-cop26-y-lo-que-significa-para-la-fuerza-de-trabajo\/","og_locale":"es_ES","og_type":"article","og_title":"INFORME: Lo ocurrido en la COP26 y lo que significa para la fuerza de trabajo","og_description":"INFORMEGlobal Worker No. 2 Noviembre 2021Tema: COP 26, Transici\u00f3n justa Texto: Walton Pantland&iquest;Qu\u00e9 es la COP26?La COP26 es la 26&ordf; Conferencia","og_url":"https:\/\/admin.industriall-union.org\/es\/informe-lo-ocurrido-en-la-cop26-y-lo-que-significa-para-la-fuerza-de-trabajo\/","og_site_name":"industriall-union","article_modified_time":"2025-01-28T05:27:01+00:00","twitter_card":"summary_large_image","twitter_misc":{"Est. reading time":"12 minutes"},"schema":{"@context":"https:\/\/schema.org","@graph":[{"@type":"WebPage","@id":"https:\/\/admin.industriall-union.org\/es\/informe-lo-ocurrido-en-la-cop26-y-lo-que-significa-para-la-fuerza-de-trabajo\/","url":"https:\/\/admin.industriall-union.org\/es\/informe-lo-ocurrido-en-la-cop26-y-lo-que-significa-para-la-fuerza-de-trabajo\/","name":"INFORME: Lo ocurrido en la COP26 y lo que significa para la fuerza de trabajo - industriall-union","isPartOf":{"@id":"https:\/\/admin.industriall-union.org\/#website"},"datePublished":"2021-12-26T23:42:51+00:00","dateModified":"2025-01-28T05:27:01+00:00","description":"INFORMEGlobal Worker No. 2 Noviembre 2021Tema: COP 26, Transici\u00f3n justa Texto: Walton Pantland&iquest;Qu\u00e9 es la COP26?La COP26 es la 26&ordf; Conferencia","breadcrumb":{"@id":"https:\/\/admin.industriall-union.org\/es\/informe-lo-ocurrido-en-la-cop26-y-lo-que-significa-para-la-fuerza-de-trabajo\/#breadcrumb"},"inLanguage":"es-ES","potentialAction":[{"@type":"ReadAction","target":["https:\/\/admin.industriall-union.org\/es\/informe-lo-ocurrido-en-la-cop26-y-lo-que-significa-para-la-fuerza-de-trabajo\/"]}]},{"@type":"BreadcrumbList","@id":"https:\/\/admin.industriall-union.org\/es\/informe-lo-ocurrido-en-la-cop26-y-lo-que-significa-para-la-fuerza-de-trabajo\/#breadcrumb","itemListElement":[{"@type":"ListItem","position":1,"name":"Home","item":"https:\/\/admin.industriall-union.org\/"},{"@type":"ListItem","position":2,"name":"Articles","item":"https:\/\/admin.industriall-union.org\/article\/"},{"@type":"ListItem","position":3,"name":"INFORME: Lo ocurrido en la COP26 y lo que significa para la fuerza de trabajo"}]},{"@type":"WebSite","@id":"https:\/\/admin.industriall-union.org\/#website","url":"https:\/\/admin.industriall-union.org\/","name":"industriall-union","description":"","potentialAction":[{"@type":"SearchAction","target":{"@type":"EntryPoint","urlTemplate":"https:\/\/admin.industriall-union.org\/?s={search_term_string}"},"query-input":{"@type":"PropertyValueSpecification","valueRequired":true,"valueName":"search_term_string"}}],"inLanguage":"es-ES"}]}},"_links":{"self":[{"href":"https:\/\/admin.industriall-union.org\/es\/wp-json\/wp\/v2\/article\/155627","targetHints":{"allow":["GET"]}}],"collection":[{"href":"https:\/\/admin.industriall-union.org\/es\/wp-json\/wp\/v2\/article"}],"about":[{"href":"https:\/\/admin.industriall-union.org\/es\/wp-json\/wp\/v2\/types\/article"}],"wp:attachment":[{"href":"https:\/\/admin.industriall-union.org\/es\/wp-json\/wp\/v2\/media?parent=155627"}],"wp:term":[{"taxonomy":"issues","embeddable":true,"href":"https:\/\/admin.industriall-union.org\/es\/wp-json\/wp\/v2\/issues?post=155627"},{"taxonomy":"companies","embeddable":true,"href":"https:\/\/admin.industriall-union.org\/es\/wp-json\/wp\/v2\/companies?post=155627"},{"taxonomy":"regions","embeddable":true,"href":"https:\/\/admin.industriall-union.org\/es\/wp-json\/wp\/v2\/regions?post=155627"},{"taxonomy":"sectors","embeddable":true,"href":"https:\/\/admin.industriall-union.org\/es\/wp-json\/wp\/v2\/sectors?post=155627"},{"taxonomy":"article_tags","embeddable":true,"href":"https:\/\/admin.industriall-union.org\/es\/wp-json\/wp\/v2\/article_tags?post=155627"}],"curies":[{"name":"wp","href":"https:\/\/api.w.org\/{rel}","templated":true}]}}