{"id":155531,"date":"2022-01-28T16:22:46","date_gmt":"2022-01-28T16:22:46","guid":{"rendered":"https:\/\/admin.industriall-union.org\/trabajadores-de-gm-silao-eligen-sus-representantes-sindicales\/"},"modified":"2025-01-28T04:56:10","modified_gmt":"2025-01-28T04:56:10","slug":"trabajadores-de-gm-silao-eligen-sus-representantes-sindicales","status":"publish","type":"article","link":"https:\/\/admin.industriall-union.org\/es\/trabajadores-de-gm-silao-eligen-sus-representantes-sindicales\/","title":{"rendered":"Trabajadores de GM Silao eligen sus representantes sindicales"},"content":{"rendered":"<p>En agosto del 2021 los trabajadores rechazaron el contrato colectivo de protecci\u00f3n patronal existente en una votaci\u00f3n de legitimaci\u00f3n requerida por la reforma laboral mexicana y acusaron al sindicato de la Confederaci\u00f3n de Trabajadores de M\u00e9xico (CTM) &ldquo;Miguel Trujillo L\u00f3pez&rdquo;, entonces vigente, de operar a favor de la empresa y proteger sus intereses en merced de los trabajadores.&nbsp;<\/p><p>Tras quedar sin efecto el CCT que exist\u00eda en la planta de Silao, nuevamente habr\u00e1 elecciones para elegir sindicato.&nbsp;<\/p><p>La AFL-CIO, central sindical m\u00e1s importante de EEUU, exhort\u00f3 a la empresa y a la autoridad laboral mexicana a garantizar las condiciones para una elecci\u00f3n justa y abierta antes, durante y despu\u00e9s de la votaci\u00f3n, tal como lo prescribe el T-MEC y la reforma laboral mexicana.<\/p><p>Por su parte, la red regional de trabajadores de General Motors, miembros de los sindicatos afiliados a IndustriALL Global Union en Am\u00e9rica, considera que todos los trabajadores tienen derecho a que los represente un sindicato elegido democr\u00e1ticamente y a una negociaci\u00f3n colectiva libre y justa.<\/p><p>Para garantizar que la votaci\u00f3n sea transparente el gobierno mexicano y americano acordaron que la consulta contar\u00e1 con observadores de la Organizaci\u00f3n Internacional del Trabajo (OIT), del Instituto Nacional Electoral (INE) y la Comisi\u00f3n Nacional de Derechos Humanos.&nbsp;<\/p><p>De acuerdo con el Centro Federal de Conciliaci\u00f3n y Registro Laboral, cuatro sindicatos participar\u00e1n en la elecci\u00f3n:<\/p><p>El Sindicato Independiente Nacional de Trabajadores y Trabajadoras de la Industria (SINTTIA), apoyado por la red regional de trabajadores de GM y creado por obreros activos, independientes, que rechazaron el anterior CCT mediante su proceso de legitimaci\u00f3n. &nbsp;<\/p><p>Los otros tres sindicatos est\u00e1n vinculados a la CTM: el Sindicato Nacional de Trabajadores y Empleados de la Industria del Auto Transporte, Construcci\u00f3n, Industria Automotriz, Autopartes, Similares y Conexos de la Rep\u00fablica Mexicana; el Sindicato Nacional de Trabajadores de la Industria Automotriz y Metal\u00fargica en la Rep\u00fablica Mexicana y el Sindicato Nacional de Trabajadores de las Industrias, Comercio y Servicios en General &ldquo;Carrillo Puerto&rdquo;.<\/p><p>Desde IndustriALL, apoyamos la reforma laboral que abri\u00f3 la oportunidad a los trabajadores de elegir sus l\u00edderes y decidir sobre sus contratos de trabajo, estamos al tanto de todo este proceso y junto con nuestras afiliadas y trabajadores de GM exigimos una votaci\u00f3n transparente y apoyamos a los trabajadores en su lucha por la libertad sindical.&nbsp;<\/p>","protected":false},"featured_media":0,"template":"","issues":[409,425],"companies":[58],"regions":[254,275],"sectors":[482],"article_tags":[],"class_list":["post-155531","article","type-article","status-publish","hentry","issues-multinational-companies-mncs","issues-workers-rights","companies-general-motors","regions-latin-america-and-the-caribbean","regions-mexico","sectors-automotive"],"acf":[],"yoast_head":"<!-- This site is optimized with the Yoast SEO Premium plugin v27.1 (Yoast SEO v27.1) - https:\/\/yoast.com\/product\/yoast-seo-premium-wordpress\/ -->\n<title>Trabajadores de GM Silao eligen sus representantes sindicales - industriall-union<\/title>\n<meta name=\"description\" content=\"En agosto del 2021 los trabajadores rechazaron el contrato colectivo de protecci\u00f3n patronal existente en una votaci\u00f3n de legitimaci\u00f3n requerida por la\" \/>\n<meta name=\"robots\" content=\"index, follow, max-snippet:-1, max-image-preview:large, max-video-preview:-1\" \/>\n<link rel=\"canonical\" href=\"https:\/\/admin.industriall-union.org\/es\/trabajadores-de-gm-silao-eligen-sus-representantes-sindicales\/\" \/>\n<meta property=\"og:locale\" content=\"es_ES\" \/>\n<meta property=\"og:type\" content=\"article\" \/>\n<meta property=\"og:title\" content=\"Trabajadores de GM Silao eligen sus representantes sindicales\" \/>\n<meta property=\"og:description\" content=\"En agosto del 2021 los trabajadores rechazaron el contrato colectivo de protecci\u00f3n patronal existente en una votaci\u00f3n de legitimaci\u00f3n requerida por la\" \/>\n<meta property=\"og:url\" content=\"https:\/\/admin.industriall-union.org\/es\/trabajadores-de-gm-silao-eligen-sus-representantes-sindicales\/\" \/>\n<meta property=\"og:site_name\" content=\"industriall-union\" \/>\n<meta property=\"article:modified_time\" content=\"2025-01-28T04:56:10+00:00\" \/>\n<meta name=\"twitter:card\" content=\"summary_large_image\" \/>\n<meta name=\"twitter:label1\" content=\"Est. reading time\" \/>\n\t<meta name=\"twitter:data1\" content=\"2 minutes\" \/>\n<script type=\"application\/ld+json\" class=\"yoast-schema-graph\">{\"@context\":\"https:\/\/schema.org\",\"@graph\":[{\"@type\":\"WebPage\",\"@id\":\"https:\/\/admin.industriall-union.org\/es\/trabajadores-de-gm-silao-eligen-sus-representantes-sindicales\/\",\"url\":\"https:\/\/admin.industriall-union.org\/es\/trabajadores-de-gm-silao-eligen-sus-representantes-sindicales\/\",\"name\":\"Trabajadores de GM Silao eligen sus representantes sindicales - industriall-union\",\"isPartOf\":{\"@id\":\"https:\/\/admin.industriall-union.org\/#website\"},\"datePublished\":\"2022-01-28T16:22:46+00:00\",\"dateModified\":\"2025-01-28T04:56:10+00:00\",\"description\":\"En agosto del 2021 los trabajadores rechazaron el contrato colectivo de protecci\u00f3n patronal existente en una votaci\u00f3n de legitimaci\u00f3n requerida por la\",\"breadcrumb\":{\"@id\":\"https:\/\/admin.industriall-union.org\/es\/trabajadores-de-gm-silao-eligen-sus-representantes-sindicales\/#breadcrumb\"},\"inLanguage\":\"es-ES\",\"potentialAction\":[{\"@type\":\"ReadAction\",\"target\":[\"https:\/\/admin.industriall-union.org\/es\/trabajadores-de-gm-silao-eligen-sus-representantes-sindicales\/\"]}]},{\"@type\":\"BreadcrumbList\",\"@id\":\"https:\/\/admin.industriall-union.org\/es\/trabajadores-de-gm-silao-eligen-sus-representantes-sindicales\/#breadcrumb\",\"itemListElement\":[{\"@type\":\"ListItem\",\"position\":1,\"name\":\"Home\",\"item\":\"https:\/\/admin.industriall-union.org\/\"},{\"@type\":\"ListItem\",\"position\":2,\"name\":\"Articles\",\"item\":\"https:\/\/admin.industriall-union.org\/article\/\"},{\"@type\":\"ListItem\",\"position\":3,\"name\":\"Trabajadores de GM Silao eligen sus representantes sindicales\"}]},{\"@type\":\"WebSite\",\"@id\":\"https:\/\/admin.industriall-union.org\/#website\",\"url\":\"https:\/\/admin.industriall-union.org\/\",\"name\":\"industriall-union\",\"description\":\"\",\"potentialAction\":[{\"@type\":\"SearchAction\",\"target\":{\"@type\":\"EntryPoint\",\"urlTemplate\":\"https:\/\/admin.industriall-union.org\/?s={search_term_string}\"},\"query-input\":{\"@type\":\"PropertyValueSpecification\",\"valueRequired\":true,\"valueName\":\"search_term_string\"}}],\"inLanguage\":\"es-ES\"}]}<\/script>\n<!-- \/ Yoast SEO Premium plugin. -->","yoast_head_json":{"title":"Trabajadores de GM Silao eligen sus representantes sindicales - industriall-union","description":"En agosto del 2021 los trabajadores rechazaron el contrato colectivo de protecci\u00f3n patronal existente en una votaci\u00f3n de legitimaci\u00f3n requerida por la","robots":{"index":"index","follow":"follow","max-snippet":"max-snippet:-1","max-image-preview":"max-image-preview:large","max-video-preview":"max-video-preview:-1"},"canonical":"https:\/\/admin.industriall-union.org\/es\/trabajadores-de-gm-silao-eligen-sus-representantes-sindicales\/","og_locale":"es_ES","og_type":"article","og_title":"Trabajadores de GM Silao eligen sus representantes sindicales","og_description":"En agosto del 2021 los trabajadores rechazaron el contrato colectivo de protecci\u00f3n patronal existente en una votaci\u00f3n de legitimaci\u00f3n requerida por la","og_url":"https:\/\/admin.industriall-union.org\/es\/trabajadores-de-gm-silao-eligen-sus-representantes-sindicales\/","og_site_name":"industriall-union","article_modified_time":"2025-01-28T04:56:10+00:00","twitter_card":"summary_large_image","twitter_misc":{"Est. reading time":"2 minutes"},"schema":{"@context":"https:\/\/schema.org","@graph":[{"@type":"WebPage","@id":"https:\/\/admin.industriall-union.org\/es\/trabajadores-de-gm-silao-eligen-sus-representantes-sindicales\/","url":"https:\/\/admin.industriall-union.org\/es\/trabajadores-de-gm-silao-eligen-sus-representantes-sindicales\/","name":"Trabajadores de GM Silao eligen sus representantes sindicales - industriall-union","isPartOf":{"@id":"https:\/\/admin.industriall-union.org\/#website"},"datePublished":"2022-01-28T16:22:46+00:00","dateModified":"2025-01-28T04:56:10+00:00","description":"En agosto del 2021 los trabajadores rechazaron el contrato colectivo de protecci\u00f3n patronal existente en una votaci\u00f3n de legitimaci\u00f3n requerida por la","breadcrumb":{"@id":"https:\/\/admin.industriall-union.org\/es\/trabajadores-de-gm-silao-eligen-sus-representantes-sindicales\/#breadcrumb"},"inLanguage":"es-ES","potentialAction":[{"@type":"ReadAction","target":["https:\/\/admin.industriall-union.org\/es\/trabajadores-de-gm-silao-eligen-sus-representantes-sindicales\/"]}]},{"@type":"BreadcrumbList","@id":"https:\/\/admin.industriall-union.org\/es\/trabajadores-de-gm-silao-eligen-sus-representantes-sindicales\/#breadcrumb","itemListElement":[{"@type":"ListItem","position":1,"name":"Home","item":"https:\/\/admin.industriall-union.org\/"},{"@type":"ListItem","position":2,"name":"Articles","item":"https:\/\/admin.industriall-union.org\/article\/"},{"@type":"ListItem","position":3,"name":"Trabajadores de GM Silao eligen sus representantes sindicales"}]},{"@type":"WebSite","@id":"https:\/\/admin.industriall-union.org\/#website","url":"https:\/\/admin.industriall-union.org\/","name":"industriall-union","description":"","potentialAction":[{"@type":"SearchAction","target":{"@type":"EntryPoint","urlTemplate":"https:\/\/admin.industriall-union.org\/?s={search_term_string}"},"query-input":{"@type":"PropertyValueSpecification","valueRequired":true,"valueName":"search_term_string"}}],"inLanguage":"es-ES"}]}},"_links":{"self":[{"href":"https:\/\/admin.industriall-union.org\/es\/wp-json\/wp\/v2\/article\/155531","targetHints":{"allow":["GET"]}}],"collection":[{"href":"https:\/\/admin.industriall-union.org\/es\/wp-json\/wp\/v2\/article"}],"about":[{"href":"https:\/\/admin.industriall-union.org\/es\/wp-json\/wp\/v2\/types\/article"}],"wp:attachment":[{"href":"https:\/\/admin.industriall-union.org\/es\/wp-json\/wp\/v2\/media?parent=155531"}],"wp:term":[{"taxonomy":"issues","embeddable":true,"href":"https:\/\/admin.industriall-union.org\/es\/wp-json\/wp\/v2\/issues?post=155531"},{"taxonomy":"companies","embeddable":true,"href":"https:\/\/admin.industriall-union.org\/es\/wp-json\/wp\/v2\/companies?post=155531"},{"taxonomy":"regions","embeddable":true,"href":"https:\/\/admin.industriall-union.org\/es\/wp-json\/wp\/v2\/regions?post=155531"},{"taxonomy":"sectors","embeddable":true,"href":"https:\/\/admin.industriall-union.org\/es\/wp-json\/wp\/v2\/sectors?post=155531"},{"taxonomy":"article_tags","embeddable":true,"href":"https:\/\/admin.industriall-union.org\/es\/wp-json\/wp\/v2\/article_tags?post=155531"}],"curies":[{"name":"wp","href":"https:\/\/api.w.org\/{rel}","templated":true}]}}