{"id":155460,"date":"2022-02-16T14:05:38","date_gmt":"2022-02-16T14:05:38","guid":{"rendered":"https:\/\/admin.industriall-union.org\/un-nuevo-modelo-de-relaciones-laborales-en-la-cadena-de-suministro-de-la-industria-textil-y-de-la-confeccion\/"},"modified":"2025-01-28T04:38:22","modified_gmt":"2025-01-28T04:38:22","slug":"un-nuevo-modelo-de-relaciones-laborales-en-la-cadena-de-suministro-de-la-industria-textil-y-de-la-confeccion","status":"publish","type":"article","link":"https:\/\/admin.industriall-union.org\/es\/un-nuevo-modelo-de-relaciones-laborales-en-la-cadena-de-suministro-de-la-industria-textil-y-de-la-confeccion\/","title":{"rendered":"Un nuevo modelo de relaciones laborales en la cadena de suministro de la industria textil y de la confecci\u00f3n"},"content":{"rendered":"<p>Los trabajadores han sido los m\u00e1s afectados por la ruptura de la cadena de suministro de textiles y prendas de vestir provocada por el impacto de la pandemia de COVID-19 en el modelo de negocio del sector, que es insostenible.<\/p><p>Las cancelaciones de pedidos provocaron el cierre total de miles de f\u00e1bricas de ropa, lo que a su vez result\u00f3 en millones de despidos en pa\u00edses carentes de redes de seguridad social. Esto ha puesto de manifiesto la precariedad del modelo de negocio del sector y la urgente necesidad <a href=\"\/wp-content\/uploads\/documents\/2020\/SWITZERLAND\/EXCO\/covid19_industriall_principles_english.pdf\">de establecer modelos sostenibles de relaciones laborales en la cadena de suministro<\/a>.<\/p><p>El Acuerdo Internacional, negociado recientemente, confirm\u00f3 a\u00fan m\u00e1s la urgencia de un nuevo modelo de relaciones laborales en la cadena de suministro que no se base en iniciativas voluntarias, sino en reglas vinculantes que responsabilicen a las marcas por su impacto sobre los trabajadores.<\/p><p>IndustriALL y sus afiliados consideran que este modelo se puede aplicar a otros problemas sist\u00e9micos en la cadena de suministro. Tenemos la intenci\u00f3n de comenzar a discutir sobre los cambios que se necesitan en el sector, as\u00ed como sobre la necesidad urgente de brindar protecci\u00f3n social a los trabajadores de la confecci\u00f3n.<\/p><p>Por &ldquo;protecci\u00f3n social&rdquo; nos referimos a medidas de protecci\u00f3n que forman parte de los derechos b\u00e1sicos de los trabajadores y que sustentan un lugar de trabajo s\u00f3lido y m\u00e1s equitativo. Entre otras, estas medidas incluyen:<\/p><ul><li>seguro de desempleo<\/li><li>licencia m\u00e9dica paga<\/li><li>seguridad social<\/li><li>indemnizaci\u00f3n por despido<\/li><\/ul><p>El modelo actual, donde la indemnizaci\u00f3n por despido es la \u00fanica forma de protecci\u00f3n social, condujo al robo de salarios durante la pandemia.<\/p><p>Esta causa forma parte de un proceso gradual que va desde el <a href=\"https:\/\/www.industriall-union.org\/global-brands-pull-together-on-bangladesh-safety-deal\">Acuerdo de Bangladesh<\/a>, en el que se abordaron los derechos y la seguridad de los trabajadores en un pa\u00eds espec\u00edfico, pasando por el <a href=\"https:\/\/internationalaccord.org\/\">Acuerdo Internacional<\/a>, que tiene como objetivo extender esos logros m\u00e1s all\u00e1 de Bangladesh, hasta una iniciativa a favor de la protecci\u00f3n social universal que buscar\u00e1 implementar un cambio profundo y positivo para todo el sector.<\/p><p><strong>\u00danase a nosotros en nuestra <a href=\"https:\/\/industriall-union-org.zoom.us\/meeting\/register\/tZYkdOmgrj0jH9w8UKJ8DzA3AMR7ZVZ7MMa6\">mesa redonda paralela en el Foro sobre el sector de prendas de vestir de la OCDE<\/a>, <\/strong>que se celebrar\u00e1 el martes 22 de febrero a las 16:00 CET, para debatir sobre nuevas relaciones laborales en la cadena de suministro.<\/p><p>Entre los ponentes se encuentran: Jason Judd, de la Escuela de Relaciones Laborales e Industriales de la Universidad de Cornell, Ruwan Subasinghe, de la Federaci\u00f3n Internacional de Transporte, Kalpona Akter, BGIWF, miembro del comit\u00e9 ejecutivo de IndustriALL, y Elizabeth Umlas, asesora principal de IndustriALL sobre estrategias de capital.<\/p><p><strong><a href=\"https:\/\/bit.ly\/35HSdT5\">Reg\u00edstrese aqu\u00ed<\/a><\/strong><\/p><figure class=\"imageArticle imageFull\"><img decoding=\"async\" alt=\"\" src=\"\/wp-content\/uploads\/images\/2022\/messyclothes-1500x844.jpg\" style=\"width: 1200px;height: 675px\" \/><figcaption class=\"imageContent\"><div class=\"imageTitle\"><h1><a href=\"https:\/\/www.industriall-union.org\/es\/accion-en-la-industria-textil-y-de-la-confeccion\">C\u00f3mo transformar las relaciones de poder en la industria textil y de la confecci\u00f3n<\/a><\/h1><\/div><\/figcaption><\/figure>","protected":false},"featured_media":0,"template":"","issues":[362,412,425],"companies":[],"regions":[],"sectors":[464],"article_tags":[],"class_list":["post-155460","article","type-article","status-publish","hentry","issues-covid-19","issues-social-justice-and-globalization","issues-workers-rights","sectors-textile-leather-garment-shoes-and-textile-services"],"acf":[],"yoast_head":"<!-- This site is optimized with the Yoast SEO Premium plugin v27.1 (Yoast SEO v27.1) - https:\/\/yoast.com\/product\/yoast-seo-premium-wordpress\/ -->\n<title>Un nuevo modelo de relaciones laborales en la cadena de suministro de la industria textil y de la confecci\u00f3n - industriall-union<\/title>\n<meta name=\"description\" content=\"Los trabajadores han sido los m\u00e1s afectados por la ruptura de la cadena de suministro de textiles y prendas de vestir provocada por el impacto de la\" \/>\n<meta name=\"robots\" content=\"index, follow, max-snippet:-1, max-image-preview:large, max-video-preview:-1\" \/>\n<link rel=\"canonical\" href=\"https:\/\/admin.industriall-union.org\/es\/un-nuevo-modelo-de-relaciones-laborales-en-la-cadena-de-suministro-de-la-industria-textil-y-de-la-confeccion\/\" \/>\n<meta property=\"og:locale\" content=\"es_ES\" \/>\n<meta property=\"og:type\" content=\"article\" \/>\n<meta property=\"og:title\" content=\"Un nuevo modelo de relaciones laborales en la cadena de suministro de la industria textil y de la confecci\u00f3n\" \/>\n<meta property=\"og:description\" content=\"Los trabajadores han sido los m\u00e1s afectados por la ruptura de la cadena de suministro de textiles y prendas de vestir provocada por el impacto de la\" \/>\n<meta property=\"og:url\" content=\"https:\/\/admin.industriall-union.org\/es\/un-nuevo-modelo-de-relaciones-laborales-en-la-cadena-de-suministro-de-la-industria-textil-y-de-la-confeccion\/\" \/>\n<meta property=\"og:site_name\" content=\"industriall-union\" \/>\n<meta property=\"article:modified_time\" content=\"2025-01-28T04:38:22+00:00\" \/>\n<meta name=\"twitter:card\" content=\"summary_large_image\" \/>\n<meta name=\"twitter:label1\" content=\"Est. reading time\" \/>\n\t<meta name=\"twitter:data1\" content=\"2 minutes\" \/>\n<script type=\"application\/ld+json\" class=\"yoast-schema-graph\">{\"@context\":\"https:\/\/schema.org\",\"@graph\":[{\"@type\":\"WebPage\",\"@id\":\"https:\/\/admin.industriall-union.org\/es\/un-nuevo-modelo-de-relaciones-laborales-en-la-cadena-de-suministro-de-la-industria-textil-y-de-la-confeccion\/\",\"url\":\"https:\/\/admin.industriall-union.org\/es\/un-nuevo-modelo-de-relaciones-laborales-en-la-cadena-de-suministro-de-la-industria-textil-y-de-la-confeccion\/\",\"name\":\"Un nuevo modelo de relaciones laborales en la cadena de suministro de la industria textil y de la confecci\u00f3n - industriall-union\",\"isPartOf\":{\"@id\":\"https:\/\/admin.industriall-union.org\/#website\"},\"datePublished\":\"2022-02-16T14:05:38+00:00\",\"dateModified\":\"2025-01-28T04:38:22+00:00\",\"description\":\"Los trabajadores han sido los m\u00e1s afectados por la ruptura de la cadena de suministro de textiles y prendas de vestir provocada por el impacto de la\",\"breadcrumb\":{\"@id\":\"https:\/\/admin.industriall-union.org\/es\/un-nuevo-modelo-de-relaciones-laborales-en-la-cadena-de-suministro-de-la-industria-textil-y-de-la-confeccion\/#breadcrumb\"},\"inLanguage\":\"es-ES\",\"potentialAction\":[{\"@type\":\"ReadAction\",\"target\":[\"https:\/\/admin.industriall-union.org\/es\/un-nuevo-modelo-de-relaciones-laborales-en-la-cadena-de-suministro-de-la-industria-textil-y-de-la-confeccion\/\"]}]},{\"@type\":\"BreadcrumbList\",\"@id\":\"https:\/\/admin.industriall-union.org\/es\/un-nuevo-modelo-de-relaciones-laborales-en-la-cadena-de-suministro-de-la-industria-textil-y-de-la-confeccion\/#breadcrumb\",\"itemListElement\":[{\"@type\":\"ListItem\",\"position\":1,\"name\":\"Home\",\"item\":\"https:\/\/admin.industriall-union.org\/\"},{\"@type\":\"ListItem\",\"position\":2,\"name\":\"Articles\",\"item\":\"https:\/\/admin.industriall-union.org\/article\/\"},{\"@type\":\"ListItem\",\"position\":3,\"name\":\"Un nuevo modelo de relaciones laborales en la cadena de suministro de la industria textil y de la confecci\u00f3n\"}]},{\"@type\":\"WebSite\",\"@id\":\"https:\/\/admin.industriall-union.org\/#website\",\"url\":\"https:\/\/admin.industriall-union.org\/\",\"name\":\"industriall-union\",\"description\":\"\",\"potentialAction\":[{\"@type\":\"SearchAction\",\"target\":{\"@type\":\"EntryPoint\",\"urlTemplate\":\"https:\/\/admin.industriall-union.org\/?s={search_term_string}\"},\"query-input\":{\"@type\":\"PropertyValueSpecification\",\"valueRequired\":true,\"valueName\":\"search_term_string\"}}],\"inLanguage\":\"es-ES\"}]}<\/script>\n<!-- \/ Yoast SEO Premium plugin. -->","yoast_head_json":{"title":"Un nuevo modelo de relaciones laborales en la cadena de suministro de la industria textil y de la confecci\u00f3n - industriall-union","description":"Los trabajadores han sido los m\u00e1s afectados por la ruptura de la cadena de suministro de textiles y prendas de vestir provocada por el impacto de la","robots":{"index":"index","follow":"follow","max-snippet":"max-snippet:-1","max-image-preview":"max-image-preview:large","max-video-preview":"max-video-preview:-1"},"canonical":"https:\/\/admin.industriall-union.org\/es\/un-nuevo-modelo-de-relaciones-laborales-en-la-cadena-de-suministro-de-la-industria-textil-y-de-la-confeccion\/","og_locale":"es_ES","og_type":"article","og_title":"Un nuevo modelo de relaciones laborales en la cadena de suministro de la industria textil y de la confecci\u00f3n","og_description":"Los trabajadores han sido los m\u00e1s afectados por la ruptura de la cadena de suministro de textiles y prendas de vestir provocada por el impacto de la","og_url":"https:\/\/admin.industriall-union.org\/es\/un-nuevo-modelo-de-relaciones-laborales-en-la-cadena-de-suministro-de-la-industria-textil-y-de-la-confeccion\/","og_site_name":"industriall-union","article_modified_time":"2025-01-28T04:38:22+00:00","twitter_card":"summary_large_image","twitter_misc":{"Est. reading time":"2 minutes"},"schema":{"@context":"https:\/\/schema.org","@graph":[{"@type":"WebPage","@id":"https:\/\/admin.industriall-union.org\/es\/un-nuevo-modelo-de-relaciones-laborales-en-la-cadena-de-suministro-de-la-industria-textil-y-de-la-confeccion\/","url":"https:\/\/admin.industriall-union.org\/es\/un-nuevo-modelo-de-relaciones-laborales-en-la-cadena-de-suministro-de-la-industria-textil-y-de-la-confeccion\/","name":"Un nuevo modelo de relaciones laborales en la cadena de suministro de la industria textil y de la confecci\u00f3n - industriall-union","isPartOf":{"@id":"https:\/\/admin.industriall-union.org\/#website"},"datePublished":"2022-02-16T14:05:38+00:00","dateModified":"2025-01-28T04:38:22+00:00","description":"Los trabajadores han sido los m\u00e1s afectados por la ruptura de la cadena de suministro de textiles y prendas de vestir provocada por el impacto de la","breadcrumb":{"@id":"https:\/\/admin.industriall-union.org\/es\/un-nuevo-modelo-de-relaciones-laborales-en-la-cadena-de-suministro-de-la-industria-textil-y-de-la-confeccion\/#breadcrumb"},"inLanguage":"es-ES","potentialAction":[{"@type":"ReadAction","target":["https:\/\/admin.industriall-union.org\/es\/un-nuevo-modelo-de-relaciones-laborales-en-la-cadena-de-suministro-de-la-industria-textil-y-de-la-confeccion\/"]}]},{"@type":"BreadcrumbList","@id":"https:\/\/admin.industriall-union.org\/es\/un-nuevo-modelo-de-relaciones-laborales-en-la-cadena-de-suministro-de-la-industria-textil-y-de-la-confeccion\/#breadcrumb","itemListElement":[{"@type":"ListItem","position":1,"name":"Home","item":"https:\/\/admin.industriall-union.org\/"},{"@type":"ListItem","position":2,"name":"Articles","item":"https:\/\/admin.industriall-union.org\/article\/"},{"@type":"ListItem","position":3,"name":"Un nuevo modelo de relaciones laborales en la cadena de suministro de la industria textil y de la confecci\u00f3n"}]},{"@type":"WebSite","@id":"https:\/\/admin.industriall-union.org\/#website","url":"https:\/\/admin.industriall-union.org\/","name":"industriall-union","description":"","potentialAction":[{"@type":"SearchAction","target":{"@type":"EntryPoint","urlTemplate":"https:\/\/admin.industriall-union.org\/?s={search_term_string}"},"query-input":{"@type":"PropertyValueSpecification","valueRequired":true,"valueName":"search_term_string"}}],"inLanguage":"es-ES"}]}},"_links":{"self":[{"href":"https:\/\/admin.industriall-union.org\/es\/wp-json\/wp\/v2\/article\/155460","targetHints":{"allow":["GET"]}}],"collection":[{"href":"https:\/\/admin.industriall-union.org\/es\/wp-json\/wp\/v2\/article"}],"about":[{"href":"https:\/\/admin.industriall-union.org\/es\/wp-json\/wp\/v2\/types\/article"}],"wp:attachment":[{"href":"https:\/\/admin.industriall-union.org\/es\/wp-json\/wp\/v2\/media?parent=155460"}],"wp:term":[{"taxonomy":"issues","embeddable":true,"href":"https:\/\/admin.industriall-union.org\/es\/wp-json\/wp\/v2\/issues?post=155460"},{"taxonomy":"companies","embeddable":true,"href":"https:\/\/admin.industriall-union.org\/es\/wp-json\/wp\/v2\/companies?post=155460"},{"taxonomy":"regions","embeddable":true,"href":"https:\/\/admin.industriall-union.org\/es\/wp-json\/wp\/v2\/regions?post=155460"},{"taxonomy":"sectors","embeddable":true,"href":"https:\/\/admin.industriall-union.org\/es\/wp-json\/wp\/v2\/sectors?post=155460"},{"taxonomy":"article_tags","embeddable":true,"href":"https:\/\/admin.industriall-union.org\/es\/wp-json\/wp\/v2\/article_tags?post=155460"}],"curies":[{"name":"wp","href":"https:\/\/api.w.org\/{rel}","templated":true}]}}