{"id":155430,"date":"2022-02-24T15:20:20","date_gmt":"2022-02-24T15:20:20","guid":{"rendered":"https:\/\/admin.industriall-union.org\/un-nuevo-modelo-para-la-industria-textil-y-de-la-confeccion\/"},"modified":"2025-01-28T04:32:16","modified_gmt":"2025-01-28T04:32:16","slug":"un-nuevo-modelo-para-la-industria-textil-y-de-la-confeccion","status":"publish","type":"article","link":"https:\/\/admin.industriall-union.org\/es\/un-nuevo-modelo-para-la-industria-textil-y-de-la-confeccion\/","title":{"rendered":"Un nuevo modelo para la industria textil y de la confecci\u00f3n"},"content":{"rendered":"<p>El <a href=\"https:\/\/internationalaccord.org\/\">Acuerdo Internacional<\/a>, negociado recientemente, confirm\u00f3 a\u00fan m\u00e1s la necesidad de un nuevo modelo de relaciones laborales para la cadena de suministro que se base, en lugar de en iniciativas voluntarias, en normas vinculantes y en la responsabilidad de las marcas por su impacto sobre los trabajadores.<br \/>&nbsp;<br \/>Kalpona Akter, del sindicato afiliado banglades\u00ed BGIWF, afirm\u00f3 que el Acuerdo ha logrado &ldquo;un cambio fenomenal en el pa\u00eds&rdquo;. Con 1600 f\u00e1bricas m\u00e1s seguras, 2,2 millones de trabajadores ya pueden trabajar sin miedo.<br \/><br \/><\/p><p>Los trabajadores han sido los m\u00e1s afectados por la ruptura de la cadena de suministro de textiles y prendas de vestir, que fue causada por el impacto de la pandemia de COVID-19 sobre el modelo de negocio insostenible del sector. Las cancelaciones de pedidos provocaron el cierre total de miles de f\u00e1bricas de ropa, lo que a su vez result\u00f3 en millones de despidos en pa\u00edses carentes de redes de seguridad social. Esto ha puesto de manifiesto la precariedad del modelo de negocio del sector y la urgente necesidad de establecer modelos sostenibles de relaciones laborales en la cadena de suministro.<\/p><blockquote><p>&ldquo;La COVID gener\u00f3 una situaci\u00f3n calamitosa en Bangladesh, donde fuimos testigos del lado precario del modelo de negocio durante el confinamiento. Cuando a los trabajadores no se les paga, se mueren de hambre porque no hay seguridad social ni prestaciones por desempleo en el pa\u00eds&rdquo;,<\/p><\/blockquote><p>expres\u00f3 Kalpona Akter.<br \/>&nbsp;<br \/>IndustriALL y sus afiliados iniciaron un debate sobre el cambio necesario en el sector, incluida la necesidad urgente de protecci\u00f3n social para los trabajadores de la confecci\u00f3n. Esta debe incluir un seguro de desempleo, prestaciones por enfermedad, seguridad social e indemnizaci\u00f3n por despido. El modelo actual, donde la indemnizaci\u00f3n por despido es la \u00fanica forma existente de protecci\u00f3n social, condujo al robo de salarios durante la pandemia.&nbsp;<br \/>Jason Judd, de la Escuela de Relaciones Laborales e Industriales de la Universidad de Cornell, present\u00f3 un trabajo de investigaci\u00f3n encargado por IndustriALL que analiza los m\u00e9todos para lograr un fondo de asistencia social con mecanismos legalmente vinculantes. Dicho fondo tendr\u00eda que tener un alcance transnacional y estipular, entre otras cosas, niveles de compensaci\u00f3n para muchos pa\u00edses, procesos de resoluci\u00f3n de conflictos y el acceso de los sindicatos a las inspecciones en el lugar de trabajo para verificar el cumplimiento.<\/p><blockquote><p>&ldquo;Pero existen obst\u00e1culos para llegar a un acuerdo legalmente vinculante para el sector&rdquo;,<\/p><\/blockquote><p>afirm\u00f3 Jason Judd.<\/p><blockquote><p>&ldquo;&iquest;Qui\u00e9nes son las contrapartes? Los compradores y los propietarios de las f\u00e1bricas no est\u00e1n organizados. Los gobiernos pueden exigir una indemnizaci\u00f3n a una marca, pero este reclamo ser\u00e1 ineficaz si no hay forma de hacerlo cumplir. &iquest;Y qu\u00e9 capacidad de influencia tienen?&rdquo;<\/p><\/blockquote><p>Se hicieron comparaciones con la Federaci\u00f3n Internacional de Transporte (ITF), que cada dos a\u00f1os entabla un di\u00e1logo con los empleadores mar\u00edtimos en el Foro de Internacional de Negociaci\u00f3n (IBF), donde se negocia un acuerdo marco. Una vez que se ha negociado el acuerdo marco, los sindicatos afiliados a la ITF dan inicio a las negociaciones locales con las empresas en sus pa\u00edses. Esas negociaciones locales se traducen en acuerdos en el marco del IBF a nivel nacional y a veces empresarial. Si bien los derechos obtenidos pueden variar un poco, todos los acuerdos del IBF deben estar dentro de lo acordado en este organismo para el per\u00edodo.<\/p><blockquote><p>&ldquo;Se trata de un procedimiento sin igual y es el \u00fanico ejemplo de un convenio colectivo internacional. Los empleadores contribuyen a un fondo dedicado a los marinos y se ha establecido un plan de inspecci\u00f3n con el organismo de la ITF encargado de supervisar los acuerdos&rdquo;,<\/p><\/blockquote><p>expres\u00f3 Ruwan Subasinghe, director jur\u00eddico de la ITF.<\/p><blockquote><p>&ldquo;Asimismo, y lo que es m\u00e1s importante, contiene recursos significativos para los trabajadores que enfrentan cambios repentinos en la industria&rdquo;.<\/p><\/blockquote><p>La protecci\u00f3n social afecta a la estabilidad pol\u00edtica y, por lo tanto, a los principales mercados de capital. Los inversores se centran cada vez m\u00e1s en los derechos laborales en la cadena de suministro y tienden a valorar los acuerdos s\u00f3lidos entre marcas y sindicatos.<\/p><p>Esperamos que los inversores desempe\u00f1en un papel clave en cuanto a los derechos de los trabajadores de la cadena de suministro&rdquo;,<\/p><p>declar\u00f3 Elizabeth Umlas, asesora principal de IndustriALL sobre estrategias de capital.<\/p><blockquote><p>&ldquo;Los inversores quieren cadenas de suministro s\u00f3lidas y resistentes y reconocen las responsabilidades de las marcas. Las violaciones de los derechos humanos y las malas condiciones de trabajo no son buenas para ellos&rdquo;.<\/p><\/blockquote><p>Para concluir el debate, la directora del sector textil y de la confecci\u00f3n de IndustriALL, Christina Hajagos-Clausen, reiter\u00f3 el llamado de IndustriALL y sus afiliados a las marcas internacionales y sus proveedores y fabricantes para que pongan fin al robo de salarios y negocien un acuerdo global para fortalecer la red de seguridad social.&nbsp;&nbsp;<\/p><p><em><strong>Foto:<\/strong> Una mujer trabaja en una f\u00e1brica de mascarillas y prendas de vestir en Harare, Zimbabue. <\/em><\/p><p><em><strong>Cr\u00e9dito:<\/strong> KB Mpofu \/ OIT<\/em><\/p>","protected":false},"featured_media":0,"template":"","issues":[406,362,425],"companies":[],"regions":[],"sectors":[464],"article_tags":[],"class_list":["post-155430","article","type-article","status-publish","hentry","issues-confronting-global-capital","issues-covid-19","issues-workers-rights","sectors-textile-leather-garment-shoes-and-textile-services"],"acf":[],"yoast_head":"<!-- This site is optimized with the Yoast SEO Premium plugin v27.1 (Yoast SEO v27.1) - https:\/\/yoast.com\/product\/yoast-seo-premium-wordpress\/ -->\n<title>Un nuevo modelo para la industria textil y de la confecci\u00f3n - industriall-union<\/title>\n<meta name=\"description\" content=\"El Acuerdo Internacional, negociado recientemente, confirm\u00f3 a\u00fan m\u00e1s la necesidad de un nuevo modelo de relaciones laborales para la cadena de suministro\" \/>\n<meta name=\"robots\" content=\"index, follow, max-snippet:-1, max-image-preview:large, max-video-preview:-1\" \/>\n<link rel=\"canonical\" href=\"https:\/\/admin.industriall-union.org\/es\/un-nuevo-modelo-para-la-industria-textil-y-de-la-confeccion\/\" \/>\n<meta property=\"og:locale\" content=\"es_ES\" \/>\n<meta property=\"og:type\" content=\"article\" \/>\n<meta property=\"og:title\" content=\"Un nuevo modelo para la industria textil y de la confecci\u00f3n\" \/>\n<meta property=\"og:description\" content=\"El Acuerdo Internacional, negociado recientemente, confirm\u00f3 a\u00fan m\u00e1s la necesidad de un nuevo modelo de relaciones laborales para la cadena de suministro\" \/>\n<meta property=\"og:url\" content=\"https:\/\/admin.industriall-union.org\/es\/un-nuevo-modelo-para-la-industria-textil-y-de-la-confeccion\/\" \/>\n<meta property=\"og:site_name\" content=\"industriall-union\" \/>\n<meta property=\"article:modified_time\" content=\"2025-01-28T04:32:16+00:00\" \/>\n<meta name=\"twitter:card\" content=\"summary_large_image\" \/>\n<meta name=\"twitter:label1\" content=\"Est. reading time\" \/>\n\t<meta name=\"twitter:data1\" content=\"4 minutes\" \/>\n<script type=\"application\/ld+json\" class=\"yoast-schema-graph\">{\"@context\":\"https:\/\/schema.org\",\"@graph\":[{\"@type\":\"WebPage\",\"@id\":\"https:\/\/admin.industriall-union.org\/es\/un-nuevo-modelo-para-la-industria-textil-y-de-la-confeccion\/\",\"url\":\"https:\/\/admin.industriall-union.org\/es\/un-nuevo-modelo-para-la-industria-textil-y-de-la-confeccion\/\",\"name\":\"Un nuevo modelo para la industria textil y de la confecci\u00f3n - industriall-union\",\"isPartOf\":{\"@id\":\"https:\/\/admin.industriall-union.org\/#website\"},\"datePublished\":\"2022-02-24T15:20:20+00:00\",\"dateModified\":\"2025-01-28T04:32:16+00:00\",\"description\":\"El Acuerdo Internacional, negociado recientemente, confirm\u00f3 a\u00fan m\u00e1s la necesidad de un nuevo modelo de relaciones laborales para la cadena de suministro\",\"breadcrumb\":{\"@id\":\"https:\/\/admin.industriall-union.org\/es\/un-nuevo-modelo-para-la-industria-textil-y-de-la-confeccion\/#breadcrumb\"},\"inLanguage\":\"es-ES\",\"potentialAction\":[{\"@type\":\"ReadAction\",\"target\":[\"https:\/\/admin.industriall-union.org\/es\/un-nuevo-modelo-para-la-industria-textil-y-de-la-confeccion\/\"]}]},{\"@type\":\"BreadcrumbList\",\"@id\":\"https:\/\/admin.industriall-union.org\/es\/un-nuevo-modelo-para-la-industria-textil-y-de-la-confeccion\/#breadcrumb\",\"itemListElement\":[{\"@type\":\"ListItem\",\"position\":1,\"name\":\"Home\",\"item\":\"https:\/\/admin.industriall-union.org\/\"},{\"@type\":\"ListItem\",\"position\":2,\"name\":\"Articles\",\"item\":\"https:\/\/admin.industriall-union.org\/article\/\"},{\"@type\":\"ListItem\",\"position\":3,\"name\":\"Un nuevo modelo para la industria textil y de la confecci\u00f3n\"}]},{\"@type\":\"WebSite\",\"@id\":\"https:\/\/admin.industriall-union.org\/#website\",\"url\":\"https:\/\/admin.industriall-union.org\/\",\"name\":\"industriall-union\",\"description\":\"\",\"potentialAction\":[{\"@type\":\"SearchAction\",\"target\":{\"@type\":\"EntryPoint\",\"urlTemplate\":\"https:\/\/admin.industriall-union.org\/?s={search_term_string}\"},\"query-input\":{\"@type\":\"PropertyValueSpecification\",\"valueRequired\":true,\"valueName\":\"search_term_string\"}}],\"inLanguage\":\"es-ES\"}]}<\/script>\n<!-- \/ Yoast SEO Premium plugin. -->","yoast_head_json":{"title":"Un nuevo modelo para la industria textil y de la confecci\u00f3n - industriall-union","description":"El Acuerdo Internacional, negociado recientemente, confirm\u00f3 a\u00fan m\u00e1s la necesidad de un nuevo modelo de relaciones laborales para la cadena de suministro","robots":{"index":"index","follow":"follow","max-snippet":"max-snippet:-1","max-image-preview":"max-image-preview:large","max-video-preview":"max-video-preview:-1"},"canonical":"https:\/\/admin.industriall-union.org\/es\/un-nuevo-modelo-para-la-industria-textil-y-de-la-confeccion\/","og_locale":"es_ES","og_type":"article","og_title":"Un nuevo modelo para la industria textil y de la confecci\u00f3n","og_description":"El Acuerdo Internacional, negociado recientemente, confirm\u00f3 a\u00fan m\u00e1s la necesidad de un nuevo modelo de relaciones laborales para la cadena de suministro","og_url":"https:\/\/admin.industriall-union.org\/es\/un-nuevo-modelo-para-la-industria-textil-y-de-la-confeccion\/","og_site_name":"industriall-union","article_modified_time":"2025-01-28T04:32:16+00:00","twitter_card":"summary_large_image","twitter_misc":{"Est. reading time":"4 minutes"},"schema":{"@context":"https:\/\/schema.org","@graph":[{"@type":"WebPage","@id":"https:\/\/admin.industriall-union.org\/es\/un-nuevo-modelo-para-la-industria-textil-y-de-la-confeccion\/","url":"https:\/\/admin.industriall-union.org\/es\/un-nuevo-modelo-para-la-industria-textil-y-de-la-confeccion\/","name":"Un nuevo modelo para la industria textil y de la confecci\u00f3n - industriall-union","isPartOf":{"@id":"https:\/\/admin.industriall-union.org\/#website"},"datePublished":"2022-02-24T15:20:20+00:00","dateModified":"2025-01-28T04:32:16+00:00","description":"El Acuerdo Internacional, negociado recientemente, confirm\u00f3 a\u00fan m\u00e1s la necesidad de un nuevo modelo de relaciones laborales para la cadena de suministro","breadcrumb":{"@id":"https:\/\/admin.industriall-union.org\/es\/un-nuevo-modelo-para-la-industria-textil-y-de-la-confeccion\/#breadcrumb"},"inLanguage":"es-ES","potentialAction":[{"@type":"ReadAction","target":["https:\/\/admin.industriall-union.org\/es\/un-nuevo-modelo-para-la-industria-textil-y-de-la-confeccion\/"]}]},{"@type":"BreadcrumbList","@id":"https:\/\/admin.industriall-union.org\/es\/un-nuevo-modelo-para-la-industria-textil-y-de-la-confeccion\/#breadcrumb","itemListElement":[{"@type":"ListItem","position":1,"name":"Home","item":"https:\/\/admin.industriall-union.org\/"},{"@type":"ListItem","position":2,"name":"Articles","item":"https:\/\/admin.industriall-union.org\/article\/"},{"@type":"ListItem","position":3,"name":"Un nuevo modelo para la industria textil y de la confecci\u00f3n"}]},{"@type":"WebSite","@id":"https:\/\/admin.industriall-union.org\/#website","url":"https:\/\/admin.industriall-union.org\/","name":"industriall-union","description":"","potentialAction":[{"@type":"SearchAction","target":{"@type":"EntryPoint","urlTemplate":"https:\/\/admin.industriall-union.org\/?s={search_term_string}"},"query-input":{"@type":"PropertyValueSpecification","valueRequired":true,"valueName":"search_term_string"}}],"inLanguage":"es-ES"}]}},"_links":{"self":[{"href":"https:\/\/admin.industriall-union.org\/es\/wp-json\/wp\/v2\/article\/155430","targetHints":{"allow":["GET"]}}],"collection":[{"href":"https:\/\/admin.industriall-union.org\/es\/wp-json\/wp\/v2\/article"}],"about":[{"href":"https:\/\/admin.industriall-union.org\/es\/wp-json\/wp\/v2\/types\/article"}],"wp:attachment":[{"href":"https:\/\/admin.industriall-union.org\/es\/wp-json\/wp\/v2\/media?parent=155430"}],"wp:term":[{"taxonomy":"issues","embeddable":true,"href":"https:\/\/admin.industriall-union.org\/es\/wp-json\/wp\/v2\/issues?post=155430"},{"taxonomy":"companies","embeddable":true,"href":"https:\/\/admin.industriall-union.org\/es\/wp-json\/wp\/v2\/companies?post=155430"},{"taxonomy":"regions","embeddable":true,"href":"https:\/\/admin.industriall-union.org\/es\/wp-json\/wp\/v2\/regions?post=155430"},{"taxonomy":"sectors","embeddable":true,"href":"https:\/\/admin.industriall-union.org\/es\/wp-json\/wp\/v2\/sectors?post=155430"},{"taxonomy":"article_tags","embeddable":true,"href":"https:\/\/admin.industriall-union.org\/es\/wp-json\/wp\/v2\/article_tags?post=155430"}],"curies":[{"name":"wp","href":"https:\/\/api.w.org\/{rel}","templated":true}]}}