{"id":155334,"date":"2022-03-18T10:14:19","date_gmt":"2022-03-18T10:14:19","guid":{"rendered":"https:\/\/admin.industriall-union.org\/se-fortalece-la-presencia-sindical-en-marruecos\/"},"modified":"2025-01-28T04:09:19","modified_gmt":"2025-01-28T04:09:19","slug":"se-fortalece-la-presencia-sindical-en-marruecos","status":"publish","type":"article","link":"https:\/\/admin.industriall-union.org\/es\/se-fortalece-la-presencia-sindical-en-marruecos\/","title":{"rendered":"Se fortalece la presencia sindical en Marruecos"},"content":{"rendered":"<p>IndustriALL Global Union ha estado llevando a cabo un programa de desarrollo sindical en Marruecos durante ocho a\u00f1os. En febrero, los dos nuevos sindicatos, la F\u00e9d\u00e9ration Nationale des Travailleurs de la Sid\u00e9rurgie et des Industries Synth\u00e9tiques de la M\u00e9tallurgie et de l&rsquo;\u00c9lectronique (FNTSIME-UMT) y la F\u00e9d\u00e9ration Nationale des Travailleurs du Textile, du Cuir, des Chaussures et de L&rsquo;habillement (FNTTCCL-UMT), celebraron conferencias fundacionales en Casablanca.<\/p><p>Las dos conferencias se celebraron bajo un mismo lema: &ldquo;Por un sindicato fuerte en el que se preserven los derechos y se protejan las libertades&rdquo;. Cientos de delegados y dirigentes asistieron a las dos conferencias, donde se eligieron los integrantes del comit\u00e9 administrativo y las oficinas nacionales.<\/p><p>La FNTTCCL-UMT eligi\u00f3 72 miembros para su comit\u00e9 administrativo y 25 miembros para sus oficinas nacionales, mientras que la FNTSIME-UMT eligi\u00f3 91 miembros para su comit\u00e9 administrativo y 23 miembros para sus oficinas nacionales. Entre ellos, salieron seleccionados varios j\u00f3venes y mujeres l\u00edderes que han participado activamente en las redes y programas de capacitaci\u00f3n de IndustriALL en los \u00faltimos a\u00f1os.<\/p><p>Ambos sindicatos pertenecen a la central nacional m\u00e1s grande de Marruecos, la UMT. Durante la sesi\u00f3n de apertura, el secretario general de esta organizaci\u00f3n, Miloudi Moukharik, elogi\u00f3 las luchas de los trabajadores frente al ataque sistem\u00e1tico contra los derechos y las conquistas de la clase trabajadora. Critic\u00f3 a las empresas que restringen el trabajo sindical y pidi\u00f3 m\u00e1s unidad y solidaridad para anticipar el futuro en un marco organizativo que unifique y apoye la lucha del sector.<\/p><blockquote><p>&ldquo;Creamos estos sindicatos para hacer frente a los desaf\u00edos, aumentar la solidaridad y consolidar el poder sindical en estos sectores. <a href=\"https:\/\/www.industriall-union.org\/towards-the-creation-of-a-national-metal-federation-in-morocco\">El apoyo y la solidaridad de IndustriALL<\/a> han sido esenciales para hacer realidad este gran proyecto&rdquo;.<\/p><\/blockquote><figure class=\"imageArticle imageFull\"><img decoding=\"async\" alt=\"\" src=\"\" style=\"width: 1200px;height: 675px\" \/><figcaption class=\"imageContent\"><div class=\"imageCaption\"><p>Abdelmajid Matoual (en el extremo derecho de la imagen), de la UMT y vicepresidente de IndustriALL para la regi\u00f3n de Oriente Medio y \u00c1frica del Norte, tambi\u00e9n asisti\u00f3 a las conferencias.<\/p><\/div><\/figcaption><\/figure><div><blockquote><p>&ldquo;Despu\u00e9s de a\u00f1os de trabajo, somos testigos del nacimiento de dos nuevos sindicatos con muchos desaf\u00edos por delante. Felicitamos a la UMT y a los compa\u00f1eros de los sectores textil y metal\u00fargico y renovamos nuestro compromiso de solidaridad con los dos sindicatos&rdquo;.<\/p><\/blockquote><p>El secretario general adjunto de IndustriALL, Kemal \u00d6zkan, afirm\u00f3:<\/p><blockquote><p>&ldquo;Estos dos nuevos sindicatos representan una importante adici\u00f3n a la fuerza sindical en estos sectores a nivel regional y mundial. La cooperaci\u00f3n con la UMT en la realizaci\u00f3n de esta iniciativa representa un modelo de solidaridad internacional que se basa en el trabajo comprometido de nuestros compa\u00f1eros y compa\u00f1eras marroqu\u00edes&rdquo;.<\/p><\/blockquote><\/div>","protected":false},"featured_media":0,"template":"","issues":[396,399],"companies":[],"regions":[300],"sectors":[481,464],"article_tags":[],"class_list":["post-155334","article","type-article","status-publish","hentry","issues-building-strong-unions","issues-union-building","regions-morocco","sectors-base-metals","sectors-textile-leather-garment-shoes-and-textile-services"],"acf":[],"yoast_head":"<!-- This site is optimized with the Yoast SEO Premium plugin v27.1 (Yoast SEO v27.1) - https:\/\/yoast.com\/product\/yoast-seo-premium-wordpress\/ -->\n<title>Se fortalece la presencia sindical en Marruecos - industriall-union<\/title>\n<meta name=\"description\" content=\"IndustriALL Global Union ha estado llevando a cabo un programa de desarrollo sindical en Marruecos durante ocho a\u00f1os. En febrero, los dos nuevos\" \/>\n<meta name=\"robots\" content=\"index, follow, max-snippet:-1, max-image-preview:large, max-video-preview:-1\" \/>\n<link rel=\"canonical\" href=\"https:\/\/admin.industriall-union.org\/es\/se-fortalece-la-presencia-sindical-en-marruecos\/\" \/>\n<meta property=\"og:locale\" content=\"es_ES\" \/>\n<meta property=\"og:type\" content=\"article\" \/>\n<meta property=\"og:title\" content=\"Se fortalece la presencia sindical en Marruecos\" \/>\n<meta property=\"og:description\" content=\"IndustriALL Global Union ha estado llevando a cabo un programa de desarrollo sindical en Marruecos durante ocho a\u00f1os. En febrero, los dos nuevos\" \/>\n<meta property=\"og:url\" content=\"https:\/\/admin.industriall-union.org\/es\/se-fortalece-la-presencia-sindical-en-marruecos\/\" \/>\n<meta property=\"og:site_name\" content=\"industriall-union\" \/>\n<meta property=\"article:modified_time\" content=\"2025-01-28T04:09:19+00:00\" \/>\n<meta name=\"twitter:card\" content=\"summary_large_image\" \/>\n<meta name=\"twitter:label1\" content=\"Est. reading time\" \/>\n\t<meta name=\"twitter:data1\" content=\"2 minutes\" \/>\n<script type=\"application\/ld+json\" class=\"yoast-schema-graph\">{\"@context\":\"https:\/\/schema.org\",\"@graph\":[{\"@type\":\"WebPage\",\"@id\":\"https:\/\/admin.industriall-union.org\/es\/se-fortalece-la-presencia-sindical-en-marruecos\/\",\"url\":\"https:\/\/admin.industriall-union.org\/es\/se-fortalece-la-presencia-sindical-en-marruecos\/\",\"name\":\"Se fortalece la presencia sindical en Marruecos - industriall-union\",\"isPartOf\":{\"@id\":\"https:\/\/admin.industriall-union.org\/#website\"},\"datePublished\":\"2022-03-18T10:14:19+00:00\",\"dateModified\":\"2025-01-28T04:09:19+00:00\",\"description\":\"IndustriALL Global Union ha estado llevando a cabo un programa de desarrollo sindical en Marruecos durante ocho a\u00f1os. En febrero, los dos nuevos\",\"breadcrumb\":{\"@id\":\"https:\/\/admin.industriall-union.org\/es\/se-fortalece-la-presencia-sindical-en-marruecos\/#breadcrumb\"},\"inLanguage\":\"es-ES\",\"potentialAction\":[{\"@type\":\"ReadAction\",\"target\":[\"https:\/\/admin.industriall-union.org\/es\/se-fortalece-la-presencia-sindical-en-marruecos\/\"]}]},{\"@type\":\"BreadcrumbList\",\"@id\":\"https:\/\/admin.industriall-union.org\/es\/se-fortalece-la-presencia-sindical-en-marruecos\/#breadcrumb\",\"itemListElement\":[{\"@type\":\"ListItem\",\"position\":1,\"name\":\"Home\",\"item\":\"https:\/\/admin.industriall-union.org\/\"},{\"@type\":\"ListItem\",\"position\":2,\"name\":\"Articles\",\"item\":\"https:\/\/admin.industriall-union.org\/article\/\"},{\"@type\":\"ListItem\",\"position\":3,\"name\":\"Se fortalece la presencia sindical en Marruecos\"}]},{\"@type\":\"WebSite\",\"@id\":\"https:\/\/admin.industriall-union.org\/#website\",\"url\":\"https:\/\/admin.industriall-union.org\/\",\"name\":\"industriall-union\",\"description\":\"\",\"potentialAction\":[{\"@type\":\"SearchAction\",\"target\":{\"@type\":\"EntryPoint\",\"urlTemplate\":\"https:\/\/admin.industriall-union.org\/?s={search_term_string}\"},\"query-input\":{\"@type\":\"PropertyValueSpecification\",\"valueRequired\":true,\"valueName\":\"search_term_string\"}}],\"inLanguage\":\"es-ES\"}]}<\/script>\n<!-- \/ Yoast SEO Premium plugin. -->","yoast_head_json":{"title":"Se fortalece la presencia sindical en Marruecos - industriall-union","description":"IndustriALL Global Union ha estado llevando a cabo un programa de desarrollo sindical en Marruecos durante ocho a\u00f1os. En febrero, los dos nuevos","robots":{"index":"index","follow":"follow","max-snippet":"max-snippet:-1","max-image-preview":"max-image-preview:large","max-video-preview":"max-video-preview:-1"},"canonical":"https:\/\/admin.industriall-union.org\/es\/se-fortalece-la-presencia-sindical-en-marruecos\/","og_locale":"es_ES","og_type":"article","og_title":"Se fortalece la presencia sindical en Marruecos","og_description":"IndustriALL Global Union ha estado llevando a cabo un programa de desarrollo sindical en Marruecos durante ocho a\u00f1os. En febrero, los dos nuevos","og_url":"https:\/\/admin.industriall-union.org\/es\/se-fortalece-la-presencia-sindical-en-marruecos\/","og_site_name":"industriall-union","article_modified_time":"2025-01-28T04:09:19+00:00","twitter_card":"summary_large_image","twitter_misc":{"Est. reading time":"2 minutes"},"schema":{"@context":"https:\/\/schema.org","@graph":[{"@type":"WebPage","@id":"https:\/\/admin.industriall-union.org\/es\/se-fortalece-la-presencia-sindical-en-marruecos\/","url":"https:\/\/admin.industriall-union.org\/es\/se-fortalece-la-presencia-sindical-en-marruecos\/","name":"Se fortalece la presencia sindical en Marruecos - industriall-union","isPartOf":{"@id":"https:\/\/admin.industriall-union.org\/#website"},"datePublished":"2022-03-18T10:14:19+00:00","dateModified":"2025-01-28T04:09:19+00:00","description":"IndustriALL Global Union ha estado llevando a cabo un programa de desarrollo sindical en Marruecos durante ocho a\u00f1os. En febrero, los dos nuevos","breadcrumb":{"@id":"https:\/\/admin.industriall-union.org\/es\/se-fortalece-la-presencia-sindical-en-marruecos\/#breadcrumb"},"inLanguage":"es-ES","potentialAction":[{"@type":"ReadAction","target":["https:\/\/admin.industriall-union.org\/es\/se-fortalece-la-presencia-sindical-en-marruecos\/"]}]},{"@type":"BreadcrumbList","@id":"https:\/\/admin.industriall-union.org\/es\/se-fortalece-la-presencia-sindical-en-marruecos\/#breadcrumb","itemListElement":[{"@type":"ListItem","position":1,"name":"Home","item":"https:\/\/admin.industriall-union.org\/"},{"@type":"ListItem","position":2,"name":"Articles","item":"https:\/\/admin.industriall-union.org\/article\/"},{"@type":"ListItem","position":3,"name":"Se fortalece la presencia sindical en Marruecos"}]},{"@type":"WebSite","@id":"https:\/\/admin.industriall-union.org\/#website","url":"https:\/\/admin.industriall-union.org\/","name":"industriall-union","description":"","potentialAction":[{"@type":"SearchAction","target":{"@type":"EntryPoint","urlTemplate":"https:\/\/admin.industriall-union.org\/?s={search_term_string}"},"query-input":{"@type":"PropertyValueSpecification","valueRequired":true,"valueName":"search_term_string"}}],"inLanguage":"es-ES"}]}},"_links":{"self":[{"href":"https:\/\/admin.industriall-union.org\/es\/wp-json\/wp\/v2\/article\/155334","targetHints":{"allow":["GET"]}}],"collection":[{"href":"https:\/\/admin.industriall-union.org\/es\/wp-json\/wp\/v2\/article"}],"about":[{"href":"https:\/\/admin.industriall-union.org\/es\/wp-json\/wp\/v2\/types\/article"}],"wp:attachment":[{"href":"https:\/\/admin.industriall-union.org\/es\/wp-json\/wp\/v2\/media?parent=155334"}],"wp:term":[{"taxonomy":"issues","embeddable":true,"href":"https:\/\/admin.industriall-union.org\/es\/wp-json\/wp\/v2\/issues?post=155334"},{"taxonomy":"companies","embeddable":true,"href":"https:\/\/admin.industriall-union.org\/es\/wp-json\/wp\/v2\/companies?post=155334"},{"taxonomy":"regions","embeddable":true,"href":"https:\/\/admin.industriall-union.org\/es\/wp-json\/wp\/v2\/regions?post=155334"},{"taxonomy":"sectors","embeddable":true,"href":"https:\/\/admin.industriall-union.org\/es\/wp-json\/wp\/v2\/sectors?post=155334"},{"taxonomy":"article_tags","embeddable":true,"href":"https:\/\/admin.industriall-union.org\/es\/wp-json\/wp\/v2\/article_tags?post=155334"}],"curies":[{"name":"wp","href":"https:\/\/api.w.org\/{rel}","templated":true}]}}