{"id":155150,"date":"2022-04-12T14:02:42","date_gmt":"2022-04-12T14:02:42","guid":{"rendered":"https:\/\/admin.industriall-union.org\/sindicatos-latinoamericanos-reflexionan-sobre-una-politica-industrial\/"},"modified":"2025-01-28T03:35:14","modified_gmt":"2025-01-28T03:35:14","slug":"sindicatos-latinoamericanos-reflexionan-sobre-una-politica-industrial","status":"publish","type":"article","link":"https:\/\/admin.industriall-union.org\/es\/sindicatos-latinoamericanos-reflexionan-sobre-una-politica-industrial\/","title":{"rendered":"Sindicatos latinoamericanos reflexionan sobre una pol\u00edtica industrial"},"content":{"rendered":"<p>70 dirigentes sindicales dialogaron con economistas y acad\u00e9micos sobre la realidad de la industria en Am\u00e9rica Latina. El seminario se realiz\u00f3 el 30 de marzo en el marco de la implementaci\u00f3n del plan de acci\u00f3n 2021-2025 de IndustriALL Global Union, que incluye promover la acci\u00f3n sindical para disputar un desarrollo sostenible y una pol\u00edtica industrial nacional y regional.<\/p><p>Los participantes conocieron una investigaci\u00f3n sobre la industria maquiladora en Centroam\u00e9rica, M\u00e9xico y Per\u00fa a cargo de Mar\u00eda Silvia Portera. La especialista en temas laborales explic\u00f3 c\u00f3mo las zonas francas se convierten en importantes instrumentos de pol\u00edtica industrial en Am\u00e9rica Latina, y eso les permiti\u00f3 la inserci\u00f3n de los pa\u00edses en los crecientes mercados internacionales globalizados. &nbsp;<\/p><p>Adem\u00e1s, intercambiaron ideas sobre cu\u00e1l es el futuro del modelo industrial centrado en las maquilas y las industrias exportadoras, si es sostenible la continuidad de este modelo, y de c\u00f3mo los sindicatos pueden actuar para implementar una pol\u00edtica industrial que promueva el desarrollo nacional sostenibles. &nbsp;<\/p><p>Posteriormente, el economista Pedro Silva Barros brind\u00f3 su visi\u00f3n sobre la situaci\u00f3n de la industria en Latinoam\u00e9rica:<\/p><p>&ldquo;Aunque exista una desindustrializaci\u00f3n, no tenemos ausencia de divisas ni impedimentos para importar los productos industrializados. Eso es un problema bastante grande, con varios impactos en la sociedad.<\/p><p>Uno de ellos es que tanto las empresas como los trabajadores perdieron espacio en la formulaci\u00f3n de pol\u00edticas p\u00fablicas. Adem\u00e1s, no se tiene una estrategia de agregar valor a estos productos o de controlar cadenas de valor en el mundo. La regi\u00f3n tiene una dificultad muy grande para tener pol\u00edticas industriales y tener pol\u00edticas de integraci\u00f3n.&rdquo;<\/p><p>Asegur\u00f3 que con el actual conflicto de Rusia-Ucrania, queda en evidencia la importancia de la interdependencia para evitar conflictos. Por ello asegur\u00f3 que la regi\u00f3n podr\u00eda trabajar es la integraci\u00f3n energ\u00e9tica y tener una agenda de consenso m\u00ednima entre los pa\u00edses.<\/p><p>Por su parte, los sindicatos de Brasil compartieron su experiencia en la construcci\u00f3n de pol\u00edticas industriales. Explicaron que los sindicatos lideran iniciativas como un consorcio entre los trabajadores, los empresarios y l\u00edderes comunitarios. All\u00ed proponen pol\u00edticas p\u00fablicas para devolver la importancia industrial. Explicaron que, si bien los trabajadores construyen pol\u00edticas p\u00fablicas para la poblaci\u00f3n, depende mucho de que el gobierno quiera o\u00edr a los trabajadores.<\/p><p>El movimiento sindical se esfuerza por intervenir en las decisiones importantes del gobierno, y en avanzar en pol\u00edticas de estado orientadas a fortalecer las cadenas productivas, a generar empleos y desarrollo. Adem\u00e1s, dijeron que se enfocan en la capacitaci\u00f3n de los trabajadores.<\/p><p>Finalmente, el secretario regional de IndustriALL, Marino Vani, dijo:<\/p><blockquote><p>&ldquo;En nuestra regi\u00f3n percibimos la desindustrializaci\u00f3n. Como sindicatos tenemos que construir propuestas concretas y poder pol\u00edtico regional para alcanzar un desarrollo sostenible desde la perspectiva de una transici\u00f3n justa.<\/p><p>Vamos a buscar trabajar tanto con empresarios como con los gobiernos para defender e impulsar cadenas de producci\u00f3n que promuevan una industria nacional y regional, y que generen un mayor comercio intrarregional. &ldquo;<\/p><\/blockquote>","protected":false},"featured_media":0,"template":"","issues":[392,425],"companies":[],"regions":[254],"sectors":[],"article_tags":[511],"class_list":["post-155150","article","type-article","status-publish","hentry","issues-sustainable-industrial-policy","issues-workers-rights","regions-latin-america-and-the-caribbean","article_tags-industriall"],"acf":[],"yoast_head":"<!-- This site is optimized with the Yoast SEO Premium plugin v27.1 (Yoast SEO v27.1) - https:\/\/yoast.com\/product\/yoast-seo-premium-wordpress\/ -->\n<title>Sindicatos latinoamericanos reflexionan sobre una pol\u00edtica industrial - industriall-union<\/title>\n<meta name=\"description\" content=\"70 dirigentes sindicales dialogaron con economistas y acad\u00e9micos sobre la realidad de la industria en Am\u00e9rica Latina. El seminario se realiz\u00f3 el 30 de\" \/>\n<meta name=\"robots\" content=\"index, follow, max-snippet:-1, max-image-preview:large, max-video-preview:-1\" \/>\n<link rel=\"canonical\" href=\"https:\/\/admin.industriall-union.org\/es\/sindicatos-latinoamericanos-reflexionan-sobre-una-politica-industrial\/\" \/>\n<meta property=\"og:locale\" content=\"es_ES\" \/>\n<meta property=\"og:type\" content=\"article\" \/>\n<meta property=\"og:title\" content=\"Sindicatos latinoamericanos reflexionan sobre una pol\u00edtica industrial\" \/>\n<meta property=\"og:description\" content=\"70 dirigentes sindicales dialogaron con economistas y acad\u00e9micos sobre la realidad de la industria en Am\u00e9rica Latina. El seminario se realiz\u00f3 el 30 de\" \/>\n<meta property=\"og:url\" content=\"https:\/\/admin.industriall-union.org\/es\/sindicatos-latinoamericanos-reflexionan-sobre-una-politica-industrial\/\" \/>\n<meta property=\"og:site_name\" content=\"industriall-union\" \/>\n<meta property=\"article:modified_time\" content=\"2025-01-28T03:35:14+00:00\" \/>\n<meta name=\"twitter:card\" content=\"summary_large_image\" \/>\n<meta name=\"twitter:label1\" content=\"Est. reading time\" \/>\n\t<meta name=\"twitter:data1\" content=\"3 minutes\" \/>\n<script type=\"application\/ld+json\" class=\"yoast-schema-graph\">{\"@context\":\"https:\/\/schema.org\",\"@graph\":[{\"@type\":\"WebPage\",\"@id\":\"https:\/\/admin.industriall-union.org\/es\/sindicatos-latinoamericanos-reflexionan-sobre-una-politica-industrial\/\",\"url\":\"https:\/\/admin.industriall-union.org\/es\/sindicatos-latinoamericanos-reflexionan-sobre-una-politica-industrial\/\",\"name\":\"Sindicatos latinoamericanos reflexionan sobre una pol\u00edtica industrial - industriall-union\",\"isPartOf\":{\"@id\":\"https:\/\/admin.industriall-union.org\/#website\"},\"datePublished\":\"2022-04-12T14:02:42+00:00\",\"dateModified\":\"2025-01-28T03:35:14+00:00\",\"description\":\"70 dirigentes sindicales dialogaron con economistas y acad\u00e9micos sobre la realidad de la industria en Am\u00e9rica Latina. El seminario se realiz\u00f3 el 30 de\",\"breadcrumb\":{\"@id\":\"https:\/\/admin.industriall-union.org\/es\/sindicatos-latinoamericanos-reflexionan-sobre-una-politica-industrial\/#breadcrumb\"},\"inLanguage\":\"es-ES\",\"potentialAction\":[{\"@type\":\"ReadAction\",\"target\":[\"https:\/\/admin.industriall-union.org\/es\/sindicatos-latinoamericanos-reflexionan-sobre-una-politica-industrial\/\"]}]},{\"@type\":\"BreadcrumbList\",\"@id\":\"https:\/\/admin.industriall-union.org\/es\/sindicatos-latinoamericanos-reflexionan-sobre-una-politica-industrial\/#breadcrumb\",\"itemListElement\":[{\"@type\":\"ListItem\",\"position\":1,\"name\":\"Home\",\"item\":\"https:\/\/admin.industriall-union.org\/\"},{\"@type\":\"ListItem\",\"position\":2,\"name\":\"Articles\",\"item\":\"https:\/\/admin.industriall-union.org\/article\/\"},{\"@type\":\"ListItem\",\"position\":3,\"name\":\"Sindicatos latinoamericanos reflexionan sobre una pol\u00edtica industrial\"}]},{\"@type\":\"WebSite\",\"@id\":\"https:\/\/admin.industriall-union.org\/#website\",\"url\":\"https:\/\/admin.industriall-union.org\/\",\"name\":\"industriall-union\",\"description\":\"\",\"potentialAction\":[{\"@type\":\"SearchAction\",\"target\":{\"@type\":\"EntryPoint\",\"urlTemplate\":\"https:\/\/admin.industriall-union.org\/?s={search_term_string}\"},\"query-input\":{\"@type\":\"PropertyValueSpecification\",\"valueRequired\":true,\"valueName\":\"search_term_string\"}}],\"inLanguage\":\"es-ES\"}]}<\/script>\n<!-- \/ Yoast SEO Premium plugin. -->","yoast_head_json":{"title":"Sindicatos latinoamericanos reflexionan sobre una pol\u00edtica industrial - industriall-union","description":"70 dirigentes sindicales dialogaron con economistas y acad\u00e9micos sobre la realidad de la industria en Am\u00e9rica Latina. El seminario se realiz\u00f3 el 30 de","robots":{"index":"index","follow":"follow","max-snippet":"max-snippet:-1","max-image-preview":"max-image-preview:large","max-video-preview":"max-video-preview:-1"},"canonical":"https:\/\/admin.industriall-union.org\/es\/sindicatos-latinoamericanos-reflexionan-sobre-una-politica-industrial\/","og_locale":"es_ES","og_type":"article","og_title":"Sindicatos latinoamericanos reflexionan sobre una pol\u00edtica industrial","og_description":"70 dirigentes sindicales dialogaron con economistas y acad\u00e9micos sobre la realidad de la industria en Am\u00e9rica Latina. El seminario se realiz\u00f3 el 30 de","og_url":"https:\/\/admin.industriall-union.org\/es\/sindicatos-latinoamericanos-reflexionan-sobre-una-politica-industrial\/","og_site_name":"industriall-union","article_modified_time":"2025-01-28T03:35:14+00:00","twitter_card":"summary_large_image","twitter_misc":{"Est. reading time":"3 minutes"},"schema":{"@context":"https:\/\/schema.org","@graph":[{"@type":"WebPage","@id":"https:\/\/admin.industriall-union.org\/es\/sindicatos-latinoamericanos-reflexionan-sobre-una-politica-industrial\/","url":"https:\/\/admin.industriall-union.org\/es\/sindicatos-latinoamericanos-reflexionan-sobre-una-politica-industrial\/","name":"Sindicatos latinoamericanos reflexionan sobre una pol\u00edtica industrial - industriall-union","isPartOf":{"@id":"https:\/\/admin.industriall-union.org\/#website"},"datePublished":"2022-04-12T14:02:42+00:00","dateModified":"2025-01-28T03:35:14+00:00","description":"70 dirigentes sindicales dialogaron con economistas y acad\u00e9micos sobre la realidad de la industria en Am\u00e9rica Latina. El seminario se realiz\u00f3 el 30 de","breadcrumb":{"@id":"https:\/\/admin.industriall-union.org\/es\/sindicatos-latinoamericanos-reflexionan-sobre-una-politica-industrial\/#breadcrumb"},"inLanguage":"es-ES","potentialAction":[{"@type":"ReadAction","target":["https:\/\/admin.industriall-union.org\/es\/sindicatos-latinoamericanos-reflexionan-sobre-una-politica-industrial\/"]}]},{"@type":"BreadcrumbList","@id":"https:\/\/admin.industriall-union.org\/es\/sindicatos-latinoamericanos-reflexionan-sobre-una-politica-industrial\/#breadcrumb","itemListElement":[{"@type":"ListItem","position":1,"name":"Home","item":"https:\/\/admin.industriall-union.org\/"},{"@type":"ListItem","position":2,"name":"Articles","item":"https:\/\/admin.industriall-union.org\/article\/"},{"@type":"ListItem","position":3,"name":"Sindicatos latinoamericanos reflexionan sobre una pol\u00edtica industrial"}]},{"@type":"WebSite","@id":"https:\/\/admin.industriall-union.org\/#website","url":"https:\/\/admin.industriall-union.org\/","name":"industriall-union","description":"","potentialAction":[{"@type":"SearchAction","target":{"@type":"EntryPoint","urlTemplate":"https:\/\/admin.industriall-union.org\/?s={search_term_string}"},"query-input":{"@type":"PropertyValueSpecification","valueRequired":true,"valueName":"search_term_string"}}],"inLanguage":"es-ES"}]}},"_links":{"self":[{"href":"https:\/\/admin.industriall-union.org\/es\/wp-json\/wp\/v2\/article\/155150","targetHints":{"allow":["GET"]}}],"collection":[{"href":"https:\/\/admin.industriall-union.org\/es\/wp-json\/wp\/v2\/article"}],"about":[{"href":"https:\/\/admin.industriall-union.org\/es\/wp-json\/wp\/v2\/types\/article"}],"wp:attachment":[{"href":"https:\/\/admin.industriall-union.org\/es\/wp-json\/wp\/v2\/media?parent=155150"}],"wp:term":[{"taxonomy":"issues","embeddable":true,"href":"https:\/\/admin.industriall-union.org\/es\/wp-json\/wp\/v2\/issues?post=155150"},{"taxonomy":"companies","embeddable":true,"href":"https:\/\/admin.industriall-union.org\/es\/wp-json\/wp\/v2\/companies?post=155150"},{"taxonomy":"regions","embeddable":true,"href":"https:\/\/admin.industriall-union.org\/es\/wp-json\/wp\/v2\/regions?post=155150"},{"taxonomy":"sectors","embeddable":true,"href":"https:\/\/admin.industriall-union.org\/es\/wp-json\/wp\/v2\/sectors?post=155150"},{"taxonomy":"article_tags","embeddable":true,"href":"https:\/\/admin.industriall-union.org\/es\/wp-json\/wp\/v2\/article_tags?post=155150"}],"curies":[{"name":"wp","href":"https:\/\/api.w.org\/{rel}","templated":true}]}}