{"id":155136,"date":"2022-04-14T14:48:03","date_gmt":"2022-04-14T14:48:03","guid":{"rendered":"https:\/\/admin.industriall-union.org\/investigacion-de-industriall-sobre-los-riesgos-del-acoso-y-la-violencia-de-genero-y-las-respuestas-sindicales\/"},"modified":"2025-01-28T03:33:51","modified_gmt":"2025-01-28T03:33:51","slug":"investigacion-de-industriall-sobre-los-riesgos-del-acoso-y-la-violencia-de-genero-y-las-respuestas-sindicales","status":"publish","type":"article","link":"https:\/\/admin.industriall-union.org\/es\/investigacion-de-industriall-sobre-los-riesgos-del-acoso-y-la-violencia-de-genero-y-las-respuestas-sindicales\/","title":{"rendered":"Investigaci\u00f3n de IndustriALL sobre los riesgos del acoso y la violencia de g\u00e9nero y las respuestas sindicales"},"content":{"rendered":"<p>Este informe, financiado por la fundaci\u00f3n alemana Friedrich Ebert (FES), es el resultado del trabajo de la experta en violencia de g\u00e9nero Jane Pillinger.<\/p><blockquote><p>&ldquo;Ha sido un verdadero privilegio llevar a cabo esta investigaci\u00f3n y dar voz a las mujeres de todo el mundo acerca de los problemas que enfrentan en el \u00e1mbito laboral y sobre la manera en que los sindicatos pueden, y deben, tomar medidas significativas para poner fin a la violencia de g\u00e9nero. La investigaci\u00f3n, que involucra entrevistas individuales y grupales con alrededor de 100 trabajadoras en los sectores de la miner\u00eda, la confecci\u00f3n y la electr\u00f3nica, nos ha brindado una visi\u00f3n \u00fanica acerca de los riesgos de violencia y acoso que enfrentan las trabajadoras.<\/p><p>Sobre todo, ha demostrado el poder y la capacidad de liderazgo de mujeres y hombres dentro de sus sindicatos para enfrentar estos riesgos, prevenir y combatir el acoso y la violencia de g\u00e9nero y priorizar estos temas en la organizaci\u00f3n, la capacitaci\u00f3n y la sensibilizaci\u00f3n sindical, as\u00ed como en la defensa de los derechos y la representaci\u00f3n de las y los trabajadores. Solo entonces podremos romper verdaderamente el silencio que rodea al acoso y la violencia de g\u00e9nero&rdquo;,<\/p><\/blockquote><p>expres\u00f3 Jane Pillinger.<\/p><p>El informe aporta pruebas directas de la VBG en los tres sectores. Aunque los empleadores y los sindicatos est\u00e1n prestando cada vez m\u00e1s atenci\u00f3n a la violencia de g\u00e9nero, esta sigue siendo generalizada. A su vez, identifica las m\u00faltiples experiencias de las mujeres con respecto a la VBG y los da\u00f1os sufridos a causa de estas, que van desde el abuso verbal, las bromas y comentarios machistas hasta formas m\u00e1s graves y persistentes de acoso y abusos sexuales, as\u00ed como la expectativa de favores sexuales a cambio de empleos o ascensos.<br \/>&nbsp;<br \/>La investigaci\u00f3n se basa en las disposiciones del Convenio 190 y la Recomendaci\u00f3n 206 de la OIT. Al centrarse en los riesgos a los que se enfrentan las mujeres a diario, sienta las bases para la prevenci\u00f3n del acoso y la violencia de g\u00e9nero por parte de empleadores y sindicatos, as\u00ed como para la inclusi\u00f3n de estas problem\u00e1ticas en la esfera de la salud y la seguridad laboral. El informe tambi\u00e9n destaca los impactos y los riesgos de la violencia dom\u00e9stica en el mundo del trabajo.<\/p><blockquote><p>&ldquo;Gracias a las recomendaciones de los dirigentes sindicales y las trabajadoras, as\u00ed como a trav\u00e9s de la perspectiva de las buenas pr\u00e1cticas de los sindicatos, este informe es una gu\u00eda sobre el camino a seguir para que IndustriALL y sus afiliados puedan erradicar la violencia de g\u00e9nero.<\/p><p>Deber\u00edamos tomar m\u00e1s medidas para responsabilizar a los empleadores. Las entrevistadas dieron testimonio de la ineficacia e insuficiencia de las medidas adoptadas por las empresas y sus proveedores, que con demasiada frecuencia terminan protegiendo a los agresores&rdquo;,<\/p><\/blockquote><p>declar\u00f3 Christine Olivier, secretaria general adjunta de IndustriALL.<br \/>&nbsp;<br \/>En las pr\u00f3ximas semanas, se publicar\u00e1:<\/p><ul><li>un cap\u00edtulo sobre la violencia de g\u00e9nero en el sector minero que resume los hallazgos en Sud\u00e1frica, Colombia y Canad\u00e1;<\/li><li>un cap\u00edtulo que documenta la investigaci\u00f3n del sector textil y de la confecci\u00f3n en El Salvador, Indonesia, Lesoto y Turqu\u00eda;<\/li><li>un cap\u00edtulo que documenta los hallazgos en el sector de la electr\u00f3nica en Indonesia, India, Jap\u00f3n y Brasil;<\/li><li>el informe completo.<\/li><\/ul>","protected":false},"featured_media":0,"template":"","issues":[365,397],"companies":[],"regions":[],"sectors":[],"article_tags":[],"class_list":["post-155136","article","type-article","status-publish","hentry","issues-ilo-convention-190","issues-women"],"acf":[],"yoast_head":"<!-- This site is optimized with the Yoast SEO Premium plugin v27.1 (Yoast SEO v27.1) - https:\/\/yoast.com\/product\/yoast-seo-premium-wordpress\/ -->\n<title>Investigaci\u00f3n de IndustriALL sobre los riesgos del acoso y la violencia de g\u00e9nero y las respuestas sindicales - industriall-union<\/title>\n<meta name=\"description\" content=\"Este informe, financiado por la fundaci\u00f3n alemana Friedrich Ebert (FES), es el resultado del trabajo de la experta en violencia de g\u00e9nero Jane\" \/>\n<meta name=\"robots\" content=\"index, follow, max-snippet:-1, max-image-preview:large, max-video-preview:-1\" \/>\n<link rel=\"canonical\" href=\"https:\/\/admin.industriall-union.org\/es\/investigacion-de-industriall-sobre-los-riesgos-del-acoso-y-la-violencia-de-genero-y-las-respuestas-sindicales\/\" \/>\n<meta property=\"og:locale\" content=\"es_ES\" \/>\n<meta property=\"og:type\" content=\"article\" \/>\n<meta property=\"og:title\" content=\"Investigaci\u00f3n de IndustriALL sobre los riesgos del acoso y la violencia de g\u00e9nero y las respuestas sindicales\" \/>\n<meta property=\"og:description\" content=\"Este informe, financiado por la fundaci\u00f3n alemana Friedrich Ebert (FES), es el resultado del trabajo de la experta en violencia de g\u00e9nero Jane\" \/>\n<meta property=\"og:url\" content=\"https:\/\/admin.industriall-union.org\/es\/investigacion-de-industriall-sobre-los-riesgos-del-acoso-y-la-violencia-de-genero-y-las-respuestas-sindicales\/\" \/>\n<meta property=\"og:site_name\" content=\"industriall-union\" \/>\n<meta property=\"article:modified_time\" content=\"2025-01-28T03:33:51+00:00\" \/>\n<meta name=\"twitter:card\" content=\"summary_large_image\" \/>\n<meta name=\"twitter:label1\" content=\"Est. reading time\" \/>\n\t<meta name=\"twitter:data1\" content=\"3 minutes\" \/>\n<script type=\"application\/ld+json\" class=\"yoast-schema-graph\">{\"@context\":\"https:\/\/schema.org\",\"@graph\":[{\"@type\":\"WebPage\",\"@id\":\"https:\/\/admin.industriall-union.org\/es\/investigacion-de-industriall-sobre-los-riesgos-del-acoso-y-la-violencia-de-genero-y-las-respuestas-sindicales\/\",\"url\":\"https:\/\/admin.industriall-union.org\/es\/investigacion-de-industriall-sobre-los-riesgos-del-acoso-y-la-violencia-de-genero-y-las-respuestas-sindicales\/\",\"name\":\"Investigaci\u00f3n de IndustriALL sobre los riesgos del acoso y la violencia de g\u00e9nero y las respuestas sindicales - industriall-union\",\"isPartOf\":{\"@id\":\"https:\/\/admin.industriall-union.org\/#website\"},\"datePublished\":\"2022-04-14T14:48:03+00:00\",\"dateModified\":\"2025-01-28T03:33:51+00:00\",\"description\":\"Este informe, financiado por la fundaci\u00f3n alemana Friedrich Ebert (FES), es el resultado del trabajo de la experta en violencia de g\u00e9nero Jane\",\"breadcrumb\":{\"@id\":\"https:\/\/admin.industriall-union.org\/es\/investigacion-de-industriall-sobre-los-riesgos-del-acoso-y-la-violencia-de-genero-y-las-respuestas-sindicales\/#breadcrumb\"},\"inLanguage\":\"es-ES\",\"potentialAction\":[{\"@type\":\"ReadAction\",\"target\":[\"https:\/\/admin.industriall-union.org\/es\/investigacion-de-industriall-sobre-los-riesgos-del-acoso-y-la-violencia-de-genero-y-las-respuestas-sindicales\/\"]}]},{\"@type\":\"BreadcrumbList\",\"@id\":\"https:\/\/admin.industriall-union.org\/es\/investigacion-de-industriall-sobre-los-riesgos-del-acoso-y-la-violencia-de-genero-y-las-respuestas-sindicales\/#breadcrumb\",\"itemListElement\":[{\"@type\":\"ListItem\",\"position\":1,\"name\":\"Home\",\"item\":\"https:\/\/admin.industriall-union.org\/\"},{\"@type\":\"ListItem\",\"position\":2,\"name\":\"Articles\",\"item\":\"https:\/\/admin.industriall-union.org\/article\/\"},{\"@type\":\"ListItem\",\"position\":3,\"name\":\"Investigaci\u00f3n de IndustriALL sobre los riesgos del acoso y la violencia de g\u00e9nero y las respuestas sindicales\"}]},{\"@type\":\"WebSite\",\"@id\":\"https:\/\/admin.industriall-union.org\/#website\",\"url\":\"https:\/\/admin.industriall-union.org\/\",\"name\":\"industriall-union\",\"description\":\"\",\"potentialAction\":[{\"@type\":\"SearchAction\",\"target\":{\"@type\":\"EntryPoint\",\"urlTemplate\":\"https:\/\/admin.industriall-union.org\/?s={search_term_string}\"},\"query-input\":{\"@type\":\"PropertyValueSpecification\",\"valueRequired\":true,\"valueName\":\"search_term_string\"}}],\"inLanguage\":\"es-ES\"}]}<\/script>\n<!-- \/ Yoast SEO Premium plugin. -->","yoast_head_json":{"title":"Investigaci\u00f3n de IndustriALL sobre los riesgos del acoso y la violencia de g\u00e9nero y las respuestas sindicales - industriall-union","description":"Este informe, financiado por la fundaci\u00f3n alemana Friedrich Ebert (FES), es el resultado del trabajo de la experta en violencia de g\u00e9nero Jane","robots":{"index":"index","follow":"follow","max-snippet":"max-snippet:-1","max-image-preview":"max-image-preview:large","max-video-preview":"max-video-preview:-1"},"canonical":"https:\/\/admin.industriall-union.org\/es\/investigacion-de-industriall-sobre-los-riesgos-del-acoso-y-la-violencia-de-genero-y-las-respuestas-sindicales\/","og_locale":"es_ES","og_type":"article","og_title":"Investigaci\u00f3n de IndustriALL sobre los riesgos del acoso y la violencia de g\u00e9nero y las respuestas sindicales","og_description":"Este informe, financiado por la fundaci\u00f3n alemana Friedrich Ebert (FES), es el resultado del trabajo de la experta en violencia de g\u00e9nero Jane","og_url":"https:\/\/admin.industriall-union.org\/es\/investigacion-de-industriall-sobre-los-riesgos-del-acoso-y-la-violencia-de-genero-y-las-respuestas-sindicales\/","og_site_name":"industriall-union","article_modified_time":"2025-01-28T03:33:51+00:00","twitter_card":"summary_large_image","twitter_misc":{"Est. reading time":"3 minutes"},"schema":{"@context":"https:\/\/schema.org","@graph":[{"@type":"WebPage","@id":"https:\/\/admin.industriall-union.org\/es\/investigacion-de-industriall-sobre-los-riesgos-del-acoso-y-la-violencia-de-genero-y-las-respuestas-sindicales\/","url":"https:\/\/admin.industriall-union.org\/es\/investigacion-de-industriall-sobre-los-riesgos-del-acoso-y-la-violencia-de-genero-y-las-respuestas-sindicales\/","name":"Investigaci\u00f3n de IndustriALL sobre los riesgos del acoso y la violencia de g\u00e9nero y las respuestas sindicales - industriall-union","isPartOf":{"@id":"https:\/\/admin.industriall-union.org\/#website"},"datePublished":"2022-04-14T14:48:03+00:00","dateModified":"2025-01-28T03:33:51+00:00","description":"Este informe, financiado por la fundaci\u00f3n alemana Friedrich Ebert (FES), es el resultado del trabajo de la experta en violencia de g\u00e9nero Jane","breadcrumb":{"@id":"https:\/\/admin.industriall-union.org\/es\/investigacion-de-industriall-sobre-los-riesgos-del-acoso-y-la-violencia-de-genero-y-las-respuestas-sindicales\/#breadcrumb"},"inLanguage":"es-ES","potentialAction":[{"@type":"ReadAction","target":["https:\/\/admin.industriall-union.org\/es\/investigacion-de-industriall-sobre-los-riesgos-del-acoso-y-la-violencia-de-genero-y-las-respuestas-sindicales\/"]}]},{"@type":"BreadcrumbList","@id":"https:\/\/admin.industriall-union.org\/es\/investigacion-de-industriall-sobre-los-riesgos-del-acoso-y-la-violencia-de-genero-y-las-respuestas-sindicales\/#breadcrumb","itemListElement":[{"@type":"ListItem","position":1,"name":"Home","item":"https:\/\/admin.industriall-union.org\/"},{"@type":"ListItem","position":2,"name":"Articles","item":"https:\/\/admin.industriall-union.org\/article\/"},{"@type":"ListItem","position":3,"name":"Investigaci\u00f3n de IndustriALL sobre los riesgos del acoso y la violencia de g\u00e9nero y las respuestas sindicales"}]},{"@type":"WebSite","@id":"https:\/\/admin.industriall-union.org\/#website","url":"https:\/\/admin.industriall-union.org\/","name":"industriall-union","description":"","potentialAction":[{"@type":"SearchAction","target":{"@type":"EntryPoint","urlTemplate":"https:\/\/admin.industriall-union.org\/?s={search_term_string}"},"query-input":{"@type":"PropertyValueSpecification","valueRequired":true,"valueName":"search_term_string"}}],"inLanguage":"es-ES"}]}},"_links":{"self":[{"href":"https:\/\/admin.industriall-union.org\/es\/wp-json\/wp\/v2\/article\/155136","targetHints":{"allow":["GET"]}}],"collection":[{"href":"https:\/\/admin.industriall-union.org\/es\/wp-json\/wp\/v2\/article"}],"about":[{"href":"https:\/\/admin.industriall-union.org\/es\/wp-json\/wp\/v2\/types\/article"}],"wp:attachment":[{"href":"https:\/\/admin.industriall-union.org\/es\/wp-json\/wp\/v2\/media?parent=155136"}],"wp:term":[{"taxonomy":"issues","embeddable":true,"href":"https:\/\/admin.industriall-union.org\/es\/wp-json\/wp\/v2\/issues?post=155136"},{"taxonomy":"companies","embeddable":true,"href":"https:\/\/admin.industriall-union.org\/es\/wp-json\/wp\/v2\/companies?post=155136"},{"taxonomy":"regions","embeddable":true,"href":"https:\/\/admin.industriall-union.org\/es\/wp-json\/wp\/v2\/regions?post=155136"},{"taxonomy":"sectors","embeddable":true,"href":"https:\/\/admin.industriall-union.org\/es\/wp-json\/wp\/v2\/sectors?post=155136"},{"taxonomy":"article_tags","embeddable":true,"href":"https:\/\/admin.industriall-union.org\/es\/wp-json\/wp\/v2\/article_tags?post=155136"}],"curies":[{"name":"wp","href":"https:\/\/api.w.org\/{rel}","templated":true}]}}