{"id":155075,"date":"2022-04-28T05:09:57","date_gmt":"2022-04-28T05:09:57","guid":{"rendered":"https:\/\/admin.industriall-union.org\/las-marcas-deben-firmar-el-acuerdo-internacional\/"},"modified":"2025-01-28T03:15:22","modified_gmt":"2025-01-28T03:15:22","slug":"las-marcas-deben-firmar-el-acuerdo-internacional","status":"publish","type":"article","link":"https:\/\/admin.industriall-union.org\/es\/las-marcas-deben-firmar-el-acuerdo-internacional\/","title":{"rendered":"Las marcas deben firmar el Acuerdo Internacional"},"content":{"rendered":"<p>De los escombros naci\u00f3 el Acuerdo de Bangladesh sobre seguridad contra incendios y de edificios. Es un acuerdo hist\u00f3rico y legalmente vinculante que ha hecho que la industria de la confecci\u00f3n sea m\u00e1s segura para las personas que trabajan en ella.<\/p><p>Los empleadores tienen el deber de cuidar la salud y la seguridad de sus trabajadores. Todas las personas deber\u00edan ir a trabajar cada ma\u00f1ana sabiendo con seguridad que regresar\u00e1n vivas a casa.<\/p><p>El a\u00f1o pasado, el Acuerdo de Bangladesh se transform\u00f3 en un Acuerdo Internacional y extendi\u00f3 su alcance a otros pa\u00edses. Hasta la fecha, m\u00e1s de 170 marcas se han unido a este, pero la mayor\u00eda de las firmas norteamericanas brillan por su ausencia en la lista de signatarios.<\/p><blockquote><p>&quot;Es fundamental que las marcas y los minoristas de Am\u00e9rica del Norte dejen de mantenerse al margen y se unan al esfuerzo mundial para proteger la vida de los trabajadores a escala global. Es inaceptable que estas marcas se reh\u00fasen a comprometerse para garantizar la salud y la seguridad de los trabajadores en su cadena de suministro global. IndustriALL continuar\u00e1 exigiendo y haciendo campa\u00f1a para que todas las marcas y minoristas mundiales firmen el acuerdo&quot;,<\/p><\/blockquote><p>expres\u00f3 Christina Hajagos-Clausen, directora del sector textil de IndustriALL.<\/p><p><br \/><\/p><section class=\"boxTurquoise\"><p>La IndustriALL se suma al llamamiento mundial <a href=\"https:\/\/www.industriall-union.org\/es\/la-salud-y-la-seguridad-deben-ser-un-principio-y-derecho-fundamental-en-el-trabajo\">para hacer de la salud y la seguridad en el lugar de trabajo un derecho fundamental <\/a>en la Conferencia Internacional del Trabajo en junio de este a\u00f1o.<\/p><\/section>","protected":false},"featured_media":0,"template":"","issues":[402,425],"companies":[],"regions":[],"sectors":[464],"article_tags":[],"class_list":["post-155075","article","type-article","status-publish","hentry","issues-health-and-safety","issues-workers-rights","sectors-textile-leather-garment-shoes-and-textile-services"],"acf":[],"yoast_head":"<!-- This site is optimized with the Yoast SEO Premium plugin v27.1 (Yoast SEO v27.1) - https:\/\/yoast.com\/product\/yoast-seo-premium-wordpress\/ -->\n<title>Las marcas deben firmar el Acuerdo Internacional - industriall-union<\/title>\n<meta name=\"description\" content=\"De los escombros naci\u00f3 el Acuerdo de Bangladesh sobre seguridad contra incendios y de edificios. Es un acuerdo hist\u00f3rico y legalmente vinculante que ha\" \/>\n<meta name=\"robots\" content=\"index, follow, max-snippet:-1, max-image-preview:large, max-video-preview:-1\" \/>\n<link rel=\"canonical\" href=\"https:\/\/admin.industriall-union.org\/es\/las-marcas-deben-firmar-el-acuerdo-internacional\/\" \/>\n<meta property=\"og:locale\" content=\"es_ES\" \/>\n<meta property=\"og:type\" content=\"article\" \/>\n<meta property=\"og:title\" content=\"Las marcas deben firmar el Acuerdo Internacional\" \/>\n<meta property=\"og:description\" content=\"De los escombros naci\u00f3 el Acuerdo de Bangladesh sobre seguridad contra incendios y de edificios. Es un acuerdo hist\u00f3rico y legalmente vinculante que ha\" \/>\n<meta property=\"og:url\" content=\"https:\/\/admin.industriall-union.org\/es\/las-marcas-deben-firmar-el-acuerdo-internacional\/\" \/>\n<meta property=\"og:site_name\" content=\"industriall-union\" \/>\n<meta property=\"article:modified_time\" content=\"2025-01-28T03:15:22+00:00\" \/>\n<meta name=\"twitter:card\" content=\"summary_large_image\" \/>\n<meta name=\"twitter:label1\" content=\"Est. reading time\" \/>\n\t<meta name=\"twitter:data1\" content=\"1 minute\" \/>\n<script type=\"application\/ld+json\" class=\"yoast-schema-graph\">{\"@context\":\"https:\/\/schema.org\",\"@graph\":[{\"@type\":\"WebPage\",\"@id\":\"https:\/\/admin.industriall-union.org\/es\/las-marcas-deben-firmar-el-acuerdo-internacional\/\",\"url\":\"https:\/\/admin.industriall-union.org\/es\/las-marcas-deben-firmar-el-acuerdo-internacional\/\",\"name\":\"Las marcas deben firmar el Acuerdo Internacional - industriall-union\",\"isPartOf\":{\"@id\":\"https:\/\/admin.industriall-union.org\/#website\"},\"datePublished\":\"2022-04-28T05:09:57+00:00\",\"dateModified\":\"2025-01-28T03:15:22+00:00\",\"description\":\"De los escombros naci\u00f3 el Acuerdo de Bangladesh sobre seguridad contra incendios y de edificios. Es un acuerdo hist\u00f3rico y legalmente vinculante que ha\",\"breadcrumb\":{\"@id\":\"https:\/\/admin.industriall-union.org\/es\/las-marcas-deben-firmar-el-acuerdo-internacional\/#breadcrumb\"},\"inLanguage\":\"es-ES\",\"potentialAction\":[{\"@type\":\"ReadAction\",\"target\":[\"https:\/\/admin.industriall-union.org\/es\/las-marcas-deben-firmar-el-acuerdo-internacional\/\"]}]},{\"@type\":\"BreadcrumbList\",\"@id\":\"https:\/\/admin.industriall-union.org\/es\/las-marcas-deben-firmar-el-acuerdo-internacional\/#breadcrumb\",\"itemListElement\":[{\"@type\":\"ListItem\",\"position\":1,\"name\":\"Home\",\"item\":\"https:\/\/admin.industriall-union.org\/\"},{\"@type\":\"ListItem\",\"position\":2,\"name\":\"Articles\",\"item\":\"https:\/\/admin.industriall-union.org\/article\/\"},{\"@type\":\"ListItem\",\"position\":3,\"name\":\"Las marcas deben firmar el Acuerdo Internacional\"}]},{\"@type\":\"WebSite\",\"@id\":\"https:\/\/admin.industriall-union.org\/#website\",\"url\":\"https:\/\/admin.industriall-union.org\/\",\"name\":\"industriall-union\",\"description\":\"\",\"potentialAction\":[{\"@type\":\"SearchAction\",\"target\":{\"@type\":\"EntryPoint\",\"urlTemplate\":\"https:\/\/admin.industriall-union.org\/?s={search_term_string}\"},\"query-input\":{\"@type\":\"PropertyValueSpecification\",\"valueRequired\":true,\"valueName\":\"search_term_string\"}}],\"inLanguage\":\"es-ES\"}]}<\/script>\n<!-- \/ Yoast SEO Premium plugin. -->","yoast_head_json":{"title":"Las marcas deben firmar el Acuerdo Internacional - industriall-union","description":"De los escombros naci\u00f3 el Acuerdo de Bangladesh sobre seguridad contra incendios y de edificios. Es un acuerdo hist\u00f3rico y legalmente vinculante que ha","robots":{"index":"index","follow":"follow","max-snippet":"max-snippet:-1","max-image-preview":"max-image-preview:large","max-video-preview":"max-video-preview:-1"},"canonical":"https:\/\/admin.industriall-union.org\/es\/las-marcas-deben-firmar-el-acuerdo-internacional\/","og_locale":"es_ES","og_type":"article","og_title":"Las marcas deben firmar el Acuerdo Internacional","og_description":"De los escombros naci\u00f3 el Acuerdo de Bangladesh sobre seguridad contra incendios y de edificios. Es un acuerdo hist\u00f3rico y legalmente vinculante que ha","og_url":"https:\/\/admin.industriall-union.org\/es\/las-marcas-deben-firmar-el-acuerdo-internacional\/","og_site_name":"industriall-union","article_modified_time":"2025-01-28T03:15:22+00:00","twitter_card":"summary_large_image","twitter_misc":{"Est. reading time":"1 minute"},"schema":{"@context":"https:\/\/schema.org","@graph":[{"@type":"WebPage","@id":"https:\/\/admin.industriall-union.org\/es\/las-marcas-deben-firmar-el-acuerdo-internacional\/","url":"https:\/\/admin.industriall-union.org\/es\/las-marcas-deben-firmar-el-acuerdo-internacional\/","name":"Las marcas deben firmar el Acuerdo Internacional - industriall-union","isPartOf":{"@id":"https:\/\/admin.industriall-union.org\/#website"},"datePublished":"2022-04-28T05:09:57+00:00","dateModified":"2025-01-28T03:15:22+00:00","description":"De los escombros naci\u00f3 el Acuerdo de Bangladesh sobre seguridad contra incendios y de edificios. Es un acuerdo hist\u00f3rico y legalmente vinculante que ha","breadcrumb":{"@id":"https:\/\/admin.industriall-union.org\/es\/las-marcas-deben-firmar-el-acuerdo-internacional\/#breadcrumb"},"inLanguage":"es-ES","potentialAction":[{"@type":"ReadAction","target":["https:\/\/admin.industriall-union.org\/es\/las-marcas-deben-firmar-el-acuerdo-internacional\/"]}]},{"@type":"BreadcrumbList","@id":"https:\/\/admin.industriall-union.org\/es\/las-marcas-deben-firmar-el-acuerdo-internacional\/#breadcrumb","itemListElement":[{"@type":"ListItem","position":1,"name":"Home","item":"https:\/\/admin.industriall-union.org\/"},{"@type":"ListItem","position":2,"name":"Articles","item":"https:\/\/admin.industriall-union.org\/article\/"},{"@type":"ListItem","position":3,"name":"Las marcas deben firmar el Acuerdo Internacional"}]},{"@type":"WebSite","@id":"https:\/\/admin.industriall-union.org\/#website","url":"https:\/\/admin.industriall-union.org\/","name":"industriall-union","description":"","potentialAction":[{"@type":"SearchAction","target":{"@type":"EntryPoint","urlTemplate":"https:\/\/admin.industriall-union.org\/?s={search_term_string}"},"query-input":{"@type":"PropertyValueSpecification","valueRequired":true,"valueName":"search_term_string"}}],"inLanguage":"es-ES"}]}},"_links":{"self":[{"href":"https:\/\/admin.industriall-union.org\/es\/wp-json\/wp\/v2\/article\/155075","targetHints":{"allow":["GET"]}}],"collection":[{"href":"https:\/\/admin.industriall-union.org\/es\/wp-json\/wp\/v2\/article"}],"about":[{"href":"https:\/\/admin.industriall-union.org\/es\/wp-json\/wp\/v2\/types\/article"}],"wp:attachment":[{"href":"https:\/\/admin.industriall-union.org\/es\/wp-json\/wp\/v2\/media?parent=155075"}],"wp:term":[{"taxonomy":"issues","embeddable":true,"href":"https:\/\/admin.industriall-union.org\/es\/wp-json\/wp\/v2\/issues?post=155075"},{"taxonomy":"companies","embeddable":true,"href":"https:\/\/admin.industriall-union.org\/es\/wp-json\/wp\/v2\/companies?post=155075"},{"taxonomy":"regions","embeddable":true,"href":"https:\/\/admin.industriall-union.org\/es\/wp-json\/wp\/v2\/regions?post=155075"},{"taxonomy":"sectors","embeddable":true,"href":"https:\/\/admin.industriall-union.org\/es\/wp-json\/wp\/v2\/sectors?post=155075"},{"taxonomy":"article_tags","embeddable":true,"href":"https:\/\/admin.industriall-union.org\/es\/wp-json\/wp\/v2\/article_tags?post=155075"}],"curies":[{"name":"wp","href":"https:\/\/api.w.org\/{rel}","templated":true}]}}