{"id":155032,"date":"2022-05-05T08:40:32","date_gmt":"2022-05-05T08:40:32","guid":{"rendered":"https:\/\/admin.industriall-union.org\/los-trabajadores-de-la-confeccion-de-eswatini-continuan-la-huelga-en-medio-de-la-intimidacion-y-el-acoso\/"},"modified":"2025-01-28T03:07:53","modified_gmt":"2025-01-28T03:07:53","slug":"los-trabajadores-de-la-confeccion-de-eswatini-continuan-la-huelga-en-medio-de-la-intimidacion-y-el-acoso","status":"publish","type":"article","link":"https:\/\/admin.industriall-union.org\/es\/los-trabajadores-de-la-confeccion-de-eswatini-continuan-la-huelga-en-medio-de-la-intimidacion-y-el-acoso\/","title":{"rendered":"Los trabajadores de la confecci\u00f3n de Eswatini contin\u00faan la huelga en medio de la intimidaci\u00f3n y el acoso"},"content":{"rendered":"<p>Los trabajadores expresan su determinaci\u00f3n en medio de intentos de parar la huelga mediante la intimidaci\u00f3n y el acoso por parte de la polic\u00eda y el ej\u00e9rcito. El sindicato afirma que las fuerzas de seguridad se presentan incluso en los domicilios de los trabajadores y les exigen que vuelvan a trabajar, sin lo cual ser\u00edan desalojados de sus viviendas. Seg\u00fan se ha informado, se han disparado gases lacrim\u00f3genos en algunas de las viviendas.<\/p><p>Wander Mkhonza, secretario general de ATUSWA declara:<\/p><div class=\"regularQuote\"><blockquote><p>&ldquo;A pesar de que estamos cansados tras cinco largas semanas, la huelga sigue. Continuaremos luchando con todo lo que est\u00e9 a nuestro alcance como sindicato hasta que se satisfagan nuestras demandas. Estamos luchando solamente por salarios dignos para nuestros miembros y quiero recalcar que se trata de un conflicto laboral entre trabajadores y empresarios. Sin embargo, estamos escandalizados por las amenazas a nuestros miembros por parte de las fuerzas de seguridad que no son parte de este conflicto salarial.&rdquo;<\/p><\/blockquote><\/div><p>En contra de la intervenci\u00f3n de las fuerzas de seguridad, el ministerio del trabajo y de la seguridad social afirm\u00f3 en su declaraci\u00f3n del D\u00eda de los Trabajadores que el Gobierno respet\u00f3 los &ldquo;principios y derechos fundamentales en el trabajo&rdquo; de la Organizaci\u00f3n Internacional del Trabajo (OIT). Anteriormente, el ministro hab\u00eda dicho que Amalgamated Trade Union of Swaziland (ATUSWA), sindicato afiliado de IndustriALL Global Union, deber\u00eda presentar las quejas ante el Textile and Apparel Sector Wages Council (Consejo de Salarios del Sector Textil y de la Confecci\u00f3n), organismo compuesto por empresarios, trabajadores y el Gobierno.<\/p><p>ATUSWA, que lidera la huelga, se\u00f1al\u00f3 que, en lugar de abordar el conflicto salarial, los empresarios se confabulan con el Gobierno de Eswatini, que se supone que es neutral, a fin de intimidar y acosar al sindicato y a los huelguistas.<\/p><p>Unos 2.000 trabajadores se reunieron el 2 de mayo en la zona industrial de Nhlangano &ndash;un centro de f\u00e1bricas textiles y de confecci\u00f3n&ndash; para subrayar su compromiso con la huelga. Algunos caminaron m\u00e1s de 8 km para asistir a la reuni\u00f3n masiva en la que 30 trabajadores hablaron en apoyo de la huelga, que dicen debe continuar hasta que se cumplan sus demandas de salarios dignos.<\/p><p>Paule France Ndessomin, secretario regional de IndustriALL para el \u00c1frica Subsahariana indic\u00f3:<\/p><div class=\"regularQuote\"><blockquote><p>&ldquo;&ldquo;La huelga que lidera ATUSWA cuenta con nuestro apoyo, as\u00ed como las demandas de salarios dignos, ya que los costos de vida est\u00e1n subiendo. Con arreglo a la resoluci\u00f3n adoptada por el Congreso de IndustriALL, solicitamos al gobierno de Eswatini que respete los derechos de los trabajadores a la huelga y a la negociaci\u00f3n colectiva. El Gobierno debe respetar los derechos humanos de los trabajadores y acabar con la intimidaci\u00f3n y el acoso.&rdquo;<\/p><\/blockquote><\/div>","protected":false},"featured_media":0,"template":"","issues":[416,424,425],"companies":[],"regions":[353],"sectors":[464],"article_tags":[],"class_list":["post-155032","article","type-article","status-publish","hentry","issues-living-wage","issues-violation","issues-workers-rights","regions-kingdom-of-eswatini","sectors-textile-leather-garment-shoes-and-textile-services"],"acf":[],"yoast_head":"<!-- This site is optimized with the Yoast SEO Premium plugin v27.1 (Yoast SEO v27.1) - https:\/\/yoast.com\/product\/yoast-seo-premium-wordpress\/ -->\n<title>Los trabajadores de la confecci\u00f3n de Eswatini contin\u00faan la huelga en medio de la intimidaci\u00f3n y el acoso - industriall-union<\/title>\n<meta name=\"description\" content=\"Los trabajadores expresan su determinaci\u00f3n en medio de intentos de parar la huelga mediante la intimidaci\u00f3n y el acoso por parte de la polic\u00eda y el\" \/>\n<meta name=\"robots\" content=\"index, follow, max-snippet:-1, max-image-preview:large, max-video-preview:-1\" \/>\n<link rel=\"canonical\" href=\"https:\/\/admin.industriall-union.org\/es\/los-trabajadores-de-la-confeccion-de-eswatini-continuan-la-huelga-en-medio-de-la-intimidacion-y-el-acoso\/\" \/>\n<meta property=\"og:locale\" content=\"es_ES\" \/>\n<meta property=\"og:type\" content=\"article\" \/>\n<meta property=\"og:title\" content=\"Los trabajadores de la confecci\u00f3n de Eswatini contin\u00faan la huelga en medio de la intimidaci\u00f3n y el acoso\" \/>\n<meta property=\"og:description\" content=\"Los trabajadores expresan su determinaci\u00f3n en medio de intentos de parar la huelga mediante la intimidaci\u00f3n y el acoso por parte de la polic\u00eda y el\" \/>\n<meta property=\"og:url\" content=\"https:\/\/admin.industriall-union.org\/es\/los-trabajadores-de-la-confeccion-de-eswatini-continuan-la-huelga-en-medio-de-la-intimidacion-y-el-acoso\/\" \/>\n<meta property=\"og:site_name\" content=\"industriall-union\" \/>\n<meta property=\"article:modified_time\" content=\"2025-01-28T03:07:53+00:00\" \/>\n<meta name=\"twitter:card\" content=\"summary_large_image\" \/>\n<meta name=\"twitter:label1\" content=\"Est. reading time\" \/>\n\t<meta name=\"twitter:data1\" content=\"2 minutes\" \/>\n<script type=\"application\/ld+json\" class=\"yoast-schema-graph\">{\"@context\":\"https:\/\/schema.org\",\"@graph\":[{\"@type\":\"WebPage\",\"@id\":\"https:\/\/admin.industriall-union.org\/es\/los-trabajadores-de-la-confeccion-de-eswatini-continuan-la-huelga-en-medio-de-la-intimidacion-y-el-acoso\/\",\"url\":\"https:\/\/admin.industriall-union.org\/es\/los-trabajadores-de-la-confeccion-de-eswatini-continuan-la-huelga-en-medio-de-la-intimidacion-y-el-acoso\/\",\"name\":\"Los trabajadores de la confecci\u00f3n de Eswatini contin\u00faan la huelga en medio de la intimidaci\u00f3n y el acoso - industriall-union\",\"isPartOf\":{\"@id\":\"https:\/\/admin.industriall-union.org\/#website\"},\"datePublished\":\"2022-05-05T08:40:32+00:00\",\"dateModified\":\"2025-01-28T03:07:53+00:00\",\"description\":\"Los trabajadores expresan su determinaci\u00f3n en medio de intentos de parar la huelga mediante la intimidaci\u00f3n y el acoso por parte de la polic\u00eda y el\",\"breadcrumb\":{\"@id\":\"https:\/\/admin.industriall-union.org\/es\/los-trabajadores-de-la-confeccion-de-eswatini-continuan-la-huelga-en-medio-de-la-intimidacion-y-el-acoso\/#breadcrumb\"},\"inLanguage\":\"es-ES\",\"potentialAction\":[{\"@type\":\"ReadAction\",\"target\":[\"https:\/\/admin.industriall-union.org\/es\/los-trabajadores-de-la-confeccion-de-eswatini-continuan-la-huelga-en-medio-de-la-intimidacion-y-el-acoso\/\"]}]},{\"@type\":\"BreadcrumbList\",\"@id\":\"https:\/\/admin.industriall-union.org\/es\/los-trabajadores-de-la-confeccion-de-eswatini-continuan-la-huelga-en-medio-de-la-intimidacion-y-el-acoso\/#breadcrumb\",\"itemListElement\":[{\"@type\":\"ListItem\",\"position\":1,\"name\":\"Home\",\"item\":\"https:\/\/admin.industriall-union.org\/\"},{\"@type\":\"ListItem\",\"position\":2,\"name\":\"Articles\",\"item\":\"https:\/\/admin.industriall-union.org\/article\/\"},{\"@type\":\"ListItem\",\"position\":3,\"name\":\"Los trabajadores de la confecci\u00f3n de Eswatini contin\u00faan la huelga en medio de la intimidaci\u00f3n y el acoso\"}]},{\"@type\":\"WebSite\",\"@id\":\"https:\/\/admin.industriall-union.org\/#website\",\"url\":\"https:\/\/admin.industriall-union.org\/\",\"name\":\"industriall-union\",\"description\":\"\",\"potentialAction\":[{\"@type\":\"SearchAction\",\"target\":{\"@type\":\"EntryPoint\",\"urlTemplate\":\"https:\/\/admin.industriall-union.org\/?s={search_term_string}\"},\"query-input\":{\"@type\":\"PropertyValueSpecification\",\"valueRequired\":true,\"valueName\":\"search_term_string\"}}],\"inLanguage\":\"es-ES\"}]}<\/script>\n<!-- \/ Yoast SEO Premium plugin. -->","yoast_head_json":{"title":"Los trabajadores de la confecci\u00f3n de Eswatini contin\u00faan la huelga en medio de la intimidaci\u00f3n y el acoso - industriall-union","description":"Los trabajadores expresan su determinaci\u00f3n en medio de intentos de parar la huelga mediante la intimidaci\u00f3n y el acoso por parte de la polic\u00eda y el","robots":{"index":"index","follow":"follow","max-snippet":"max-snippet:-1","max-image-preview":"max-image-preview:large","max-video-preview":"max-video-preview:-1"},"canonical":"https:\/\/admin.industriall-union.org\/es\/los-trabajadores-de-la-confeccion-de-eswatini-continuan-la-huelga-en-medio-de-la-intimidacion-y-el-acoso\/","og_locale":"es_ES","og_type":"article","og_title":"Los trabajadores de la confecci\u00f3n de Eswatini contin\u00faan la huelga en medio de la intimidaci\u00f3n y el acoso","og_description":"Los trabajadores expresan su determinaci\u00f3n en medio de intentos de parar la huelga mediante la intimidaci\u00f3n y el acoso por parte de la polic\u00eda y el","og_url":"https:\/\/admin.industriall-union.org\/es\/los-trabajadores-de-la-confeccion-de-eswatini-continuan-la-huelga-en-medio-de-la-intimidacion-y-el-acoso\/","og_site_name":"industriall-union","article_modified_time":"2025-01-28T03:07:53+00:00","twitter_card":"summary_large_image","twitter_misc":{"Est. reading time":"2 minutes"},"schema":{"@context":"https:\/\/schema.org","@graph":[{"@type":"WebPage","@id":"https:\/\/admin.industriall-union.org\/es\/los-trabajadores-de-la-confeccion-de-eswatini-continuan-la-huelga-en-medio-de-la-intimidacion-y-el-acoso\/","url":"https:\/\/admin.industriall-union.org\/es\/los-trabajadores-de-la-confeccion-de-eswatini-continuan-la-huelga-en-medio-de-la-intimidacion-y-el-acoso\/","name":"Los trabajadores de la confecci\u00f3n de Eswatini contin\u00faan la huelga en medio de la intimidaci\u00f3n y el acoso - industriall-union","isPartOf":{"@id":"https:\/\/admin.industriall-union.org\/#website"},"datePublished":"2022-05-05T08:40:32+00:00","dateModified":"2025-01-28T03:07:53+00:00","description":"Los trabajadores expresan su determinaci\u00f3n en medio de intentos de parar la huelga mediante la intimidaci\u00f3n y el acoso por parte de la polic\u00eda y el","breadcrumb":{"@id":"https:\/\/admin.industriall-union.org\/es\/los-trabajadores-de-la-confeccion-de-eswatini-continuan-la-huelga-en-medio-de-la-intimidacion-y-el-acoso\/#breadcrumb"},"inLanguage":"es-ES","potentialAction":[{"@type":"ReadAction","target":["https:\/\/admin.industriall-union.org\/es\/los-trabajadores-de-la-confeccion-de-eswatini-continuan-la-huelga-en-medio-de-la-intimidacion-y-el-acoso\/"]}]},{"@type":"BreadcrumbList","@id":"https:\/\/admin.industriall-union.org\/es\/los-trabajadores-de-la-confeccion-de-eswatini-continuan-la-huelga-en-medio-de-la-intimidacion-y-el-acoso\/#breadcrumb","itemListElement":[{"@type":"ListItem","position":1,"name":"Home","item":"https:\/\/admin.industriall-union.org\/"},{"@type":"ListItem","position":2,"name":"Articles","item":"https:\/\/admin.industriall-union.org\/article\/"},{"@type":"ListItem","position":3,"name":"Los trabajadores de la confecci\u00f3n de Eswatini contin\u00faan la huelga en medio de la intimidaci\u00f3n y el acoso"}]},{"@type":"WebSite","@id":"https:\/\/admin.industriall-union.org\/#website","url":"https:\/\/admin.industriall-union.org\/","name":"industriall-union","description":"","potentialAction":[{"@type":"SearchAction","target":{"@type":"EntryPoint","urlTemplate":"https:\/\/admin.industriall-union.org\/?s={search_term_string}"},"query-input":{"@type":"PropertyValueSpecification","valueRequired":true,"valueName":"search_term_string"}}],"inLanguage":"es-ES"}]}},"_links":{"self":[{"href":"https:\/\/admin.industriall-union.org\/es\/wp-json\/wp\/v2\/article\/155032","targetHints":{"allow":["GET"]}}],"collection":[{"href":"https:\/\/admin.industriall-union.org\/es\/wp-json\/wp\/v2\/article"}],"about":[{"href":"https:\/\/admin.industriall-union.org\/es\/wp-json\/wp\/v2\/types\/article"}],"wp:attachment":[{"href":"https:\/\/admin.industriall-union.org\/es\/wp-json\/wp\/v2\/media?parent=155032"}],"wp:term":[{"taxonomy":"issues","embeddable":true,"href":"https:\/\/admin.industriall-union.org\/es\/wp-json\/wp\/v2\/issues?post=155032"},{"taxonomy":"companies","embeddable":true,"href":"https:\/\/admin.industriall-union.org\/es\/wp-json\/wp\/v2\/companies?post=155032"},{"taxonomy":"regions","embeddable":true,"href":"https:\/\/admin.industriall-union.org\/es\/wp-json\/wp\/v2\/regions?post=155032"},{"taxonomy":"sectors","embeddable":true,"href":"https:\/\/admin.industriall-union.org\/es\/wp-json\/wp\/v2\/sectors?post=155032"},{"taxonomy":"article_tags","embeddable":true,"href":"https:\/\/admin.industriall-union.org\/es\/wp-json\/wp\/v2\/article_tags?post=155032"}],"curies":[{"name":"wp","href":"https:\/\/api.w.org\/{rel}","templated":true}]}}