{"id":154993,"date":"2022-05-12T15:06:22","date_gmt":"2022-05-12T15:06:22","guid":{"rendered":"https:\/\/admin.industriall-union.org\/involucrar-a-los-hombres-en-la-lucha-contra-la-violencia-de-genero-y-el-acoso\/"},"modified":"2025-01-28T03:03:09","modified_gmt":"2025-01-28T03:03:09","slug":"involucrar-a-los-hombres-en-la-lucha-contra-la-violencia-de-genero-y-el-acoso","status":"publish","type":"article","link":"https:\/\/admin.industriall-union.org\/es\/involucrar-a-los-hombres-en-la-lucha-contra-la-violencia-de-genero-y-el-acoso\/","title":{"rendered":"Involucrar a los hombres en la lucha contra la violencia de g\u00e9nero y el acoso"},"content":{"rendered":"<p style=\"text-align: center\"><a href=\"\/wp-content\/uploads\/images\/Women\/GBVH\/final_gbvh_report_05042022.pdf\"><img decoding=\"async\" alt=\"\" src=\"\" style=\"width: 200px;height: 283px\" \/><\/a><\/p><p>Las aproximadamente cien mujeres sindicalistas y l\u00edderes de IndustriALL entrevistadas para la investigaci\u00f3n proporcionaron informaci\u00f3n de acciones y negociaciones de los afiliados de IndustriALL con el objetivo de poner fin a la violencia basada en g\u00e9nero y el acoso (VBG). Las desigualdades de poder, la discriminaci\u00f3n, la culpabilizaci\u00f3n de las v\u00edctimas y una cultura de impunidad existen en los tres sectores y se encuentran entre las causas fundamentales de la violencia de g\u00e9nero y el acoso.<\/p><p>Se pueden lograr avances concretos cuando los sindicatos hacen frente a la discriminaci\u00f3n y las desigualdades y apoyan a las v\u00edctimas. El involucramiento de los sindicatos en los mecanismos de denuncia es fundamental en la lucha contra la impunidad. El papel de las mujeres l\u00edderes en los sindicatos es crucial para generar confianza con las trabajadoras y poner la VBG en la agenda sindical.<\/p><p>Las mujeres piden la participaci\u00f3n de los hombres sindicalistas. Se necesita capacitaci\u00f3n y sensibilizaci\u00f3n centrada en cambiar el comportamiento de los hombres en el movimiento sindical.<\/p><p>En Canad\u00e1, USW ha desarrollado una capacitaci\u00f3n para espectadores activos. En 2021, USW se asoci\u00f3 con la Asociaci\u00f3n Canadiense de Jugadores de F\u00fatbol (CFLPA) para &ldquo;romper el silencio&rdquo; sobre la VBG a trav\u00e9s de un programa de capacitaci\u00f3n de portavoces para los hombres del sindicato. Esto les permiti\u00f3 dar una presentaci\u00f3n de 90 minutos sus integrantes sobre c\u00f3mo trabajar como aliados masculinos para poner fin a la VBG.<\/p><blockquote><p>&ldquo;Siempre les decimos a los hombres que no les estamos pidiendo que defiendan a las mujeres, simplemente que las apoyen. &iexcl;Sean m\u00e1s! Hay una cantidad muy peque\u00f1a de hombres que son abusivos y estamos tratando de que la mayor\u00eda de los hombres que son decentes alcen la voz y ayuden a cambiar la cultura&rdquo;,<\/p><\/blockquote><p>explic\u00f3 un delegado sindical que particip\u00f3 en el programa.<\/p><blockquote><p>&ldquo;Esta investigaci\u00f3n es poderosa y ser\u00e1 fundamental para el trabajo de IndustriALL en los sectores de la confecci\u00f3n, la miner\u00eda y la electr\u00f3nica. Al leer los testimonios de todas estas mujeres sindicalistas pertenecientes a los afiliados de IndustriALL, se comprende su feroz lucha. Se demuestra c\u00f3mo la participaci\u00f3n activa de los sindicatos marca la diferencia en la vida diaria de las trabajadoras. Las mentalidades y los comportamientos deben cambiar y los sindicatos deben ser agentes de este cambio. Deben luchar contra los estereotipos y las normas sociales que perpet\u00faan la discriminaci\u00f3n contra la mujer, as\u00ed como responsabilizar a los empleadores y las empresas cuando no previenen ni hacen frente a la VBG&rdquo;,<\/p><\/blockquote><p>afirm\u00f3 Armelle Seby, directora de g\u00e9nero de IndustriALL.<\/p>","protected":false},"featured_media":0,"template":"","issues":[402,397,425],"companies":[],"regions":[],"sectors":[490,494,464],"article_tags":[],"class_list":["post-154993","article","type-article","status-publish","hentry","issues-health-and-safety","issues-women","issues-workers-rights","sectors-ict-electrical-and-electronics","sectors-mining-and-dgojp","sectors-textile-leather-garment-shoes-and-textile-services"],"acf":[],"yoast_head":"<!-- This site is optimized with the Yoast SEO Premium plugin v27.1 (Yoast SEO v27.1) - https:\/\/yoast.com\/product\/yoast-seo-premium-wordpress\/ -->\n<title>Involucrar a los hombres en la lucha contra la violencia de g\u00e9nero y el acoso - industriall-union<\/title>\n<meta name=\"description\" content=\"Las aproximadamente cien mujeres sindicalistas y l\u00edderes de IndustriALL entrevistadas para la investigaci\u00f3n proporcionaron informaci\u00f3n de acciones y\" \/>\n<meta name=\"robots\" content=\"index, follow, max-snippet:-1, max-image-preview:large, max-video-preview:-1\" \/>\n<link rel=\"canonical\" href=\"https:\/\/admin.industriall-union.org\/es\/involucrar-a-los-hombres-en-la-lucha-contra-la-violencia-de-genero-y-el-acoso\/\" \/>\n<meta property=\"og:locale\" content=\"es_ES\" \/>\n<meta property=\"og:type\" content=\"article\" \/>\n<meta property=\"og:title\" content=\"Involucrar a los hombres en la lucha contra la violencia de g\u00e9nero y el acoso\" \/>\n<meta property=\"og:description\" content=\"Las aproximadamente cien mujeres sindicalistas y l\u00edderes de IndustriALL entrevistadas para la investigaci\u00f3n proporcionaron informaci\u00f3n de acciones y\" \/>\n<meta property=\"og:url\" content=\"https:\/\/admin.industriall-union.org\/es\/involucrar-a-los-hombres-en-la-lucha-contra-la-violencia-de-genero-y-el-acoso\/\" \/>\n<meta property=\"og:site_name\" content=\"industriall-union\" \/>\n<meta property=\"article:modified_time\" content=\"2025-01-28T03:03:09+00:00\" \/>\n<meta name=\"twitter:card\" content=\"summary_large_image\" \/>\n<meta name=\"twitter:label1\" content=\"Est. reading time\" \/>\n\t<meta name=\"twitter:data1\" content=\"2 minutes\" \/>\n<script type=\"application\/ld+json\" class=\"yoast-schema-graph\">{\"@context\":\"https:\/\/schema.org\",\"@graph\":[{\"@type\":\"WebPage\",\"@id\":\"https:\/\/admin.industriall-union.org\/es\/involucrar-a-los-hombres-en-la-lucha-contra-la-violencia-de-genero-y-el-acoso\/\",\"url\":\"https:\/\/admin.industriall-union.org\/es\/involucrar-a-los-hombres-en-la-lucha-contra-la-violencia-de-genero-y-el-acoso\/\",\"name\":\"Involucrar a los hombres en la lucha contra la violencia de g\u00e9nero y el acoso - industriall-union\",\"isPartOf\":{\"@id\":\"https:\/\/admin.industriall-union.org\/#website\"},\"datePublished\":\"2022-05-12T15:06:22+00:00\",\"dateModified\":\"2025-01-28T03:03:09+00:00\",\"description\":\"Las aproximadamente cien mujeres sindicalistas y l\u00edderes de IndustriALL entrevistadas para la investigaci\u00f3n proporcionaron informaci\u00f3n de acciones y\",\"breadcrumb\":{\"@id\":\"https:\/\/admin.industriall-union.org\/es\/involucrar-a-los-hombres-en-la-lucha-contra-la-violencia-de-genero-y-el-acoso\/#breadcrumb\"},\"inLanguage\":\"es-ES\",\"potentialAction\":[{\"@type\":\"ReadAction\",\"target\":[\"https:\/\/admin.industriall-union.org\/es\/involucrar-a-los-hombres-en-la-lucha-contra-la-violencia-de-genero-y-el-acoso\/\"]}]},{\"@type\":\"BreadcrumbList\",\"@id\":\"https:\/\/admin.industriall-union.org\/es\/involucrar-a-los-hombres-en-la-lucha-contra-la-violencia-de-genero-y-el-acoso\/#breadcrumb\",\"itemListElement\":[{\"@type\":\"ListItem\",\"position\":1,\"name\":\"Home\",\"item\":\"https:\/\/admin.industriall-union.org\/\"},{\"@type\":\"ListItem\",\"position\":2,\"name\":\"Articles\",\"item\":\"https:\/\/admin.industriall-union.org\/article\/\"},{\"@type\":\"ListItem\",\"position\":3,\"name\":\"Involucrar a los hombres en la lucha contra la violencia de g\u00e9nero y el acoso\"}]},{\"@type\":\"WebSite\",\"@id\":\"https:\/\/admin.industriall-union.org\/#website\",\"url\":\"https:\/\/admin.industriall-union.org\/\",\"name\":\"industriall-union\",\"description\":\"\",\"potentialAction\":[{\"@type\":\"SearchAction\",\"target\":{\"@type\":\"EntryPoint\",\"urlTemplate\":\"https:\/\/admin.industriall-union.org\/?s={search_term_string}\"},\"query-input\":{\"@type\":\"PropertyValueSpecification\",\"valueRequired\":true,\"valueName\":\"search_term_string\"}}],\"inLanguage\":\"es-ES\"}]}<\/script>\n<!-- \/ Yoast SEO Premium plugin. -->","yoast_head_json":{"title":"Involucrar a los hombres en la lucha contra la violencia de g\u00e9nero y el acoso - industriall-union","description":"Las aproximadamente cien mujeres sindicalistas y l\u00edderes de IndustriALL entrevistadas para la investigaci\u00f3n proporcionaron informaci\u00f3n de acciones y","robots":{"index":"index","follow":"follow","max-snippet":"max-snippet:-1","max-image-preview":"max-image-preview:large","max-video-preview":"max-video-preview:-1"},"canonical":"https:\/\/admin.industriall-union.org\/es\/involucrar-a-los-hombres-en-la-lucha-contra-la-violencia-de-genero-y-el-acoso\/","og_locale":"es_ES","og_type":"article","og_title":"Involucrar a los hombres en la lucha contra la violencia de g\u00e9nero y el acoso","og_description":"Las aproximadamente cien mujeres sindicalistas y l\u00edderes de IndustriALL entrevistadas para la investigaci\u00f3n proporcionaron informaci\u00f3n de acciones y","og_url":"https:\/\/admin.industriall-union.org\/es\/involucrar-a-los-hombres-en-la-lucha-contra-la-violencia-de-genero-y-el-acoso\/","og_site_name":"industriall-union","article_modified_time":"2025-01-28T03:03:09+00:00","twitter_card":"summary_large_image","twitter_misc":{"Est. reading time":"2 minutes"},"schema":{"@context":"https:\/\/schema.org","@graph":[{"@type":"WebPage","@id":"https:\/\/admin.industriall-union.org\/es\/involucrar-a-los-hombres-en-la-lucha-contra-la-violencia-de-genero-y-el-acoso\/","url":"https:\/\/admin.industriall-union.org\/es\/involucrar-a-los-hombres-en-la-lucha-contra-la-violencia-de-genero-y-el-acoso\/","name":"Involucrar a los hombres en la lucha contra la violencia de g\u00e9nero y el acoso - industriall-union","isPartOf":{"@id":"https:\/\/admin.industriall-union.org\/#website"},"datePublished":"2022-05-12T15:06:22+00:00","dateModified":"2025-01-28T03:03:09+00:00","description":"Las aproximadamente cien mujeres sindicalistas y l\u00edderes de IndustriALL entrevistadas para la investigaci\u00f3n proporcionaron informaci\u00f3n de acciones y","breadcrumb":{"@id":"https:\/\/admin.industriall-union.org\/es\/involucrar-a-los-hombres-en-la-lucha-contra-la-violencia-de-genero-y-el-acoso\/#breadcrumb"},"inLanguage":"es-ES","potentialAction":[{"@type":"ReadAction","target":["https:\/\/admin.industriall-union.org\/es\/involucrar-a-los-hombres-en-la-lucha-contra-la-violencia-de-genero-y-el-acoso\/"]}]},{"@type":"BreadcrumbList","@id":"https:\/\/admin.industriall-union.org\/es\/involucrar-a-los-hombres-en-la-lucha-contra-la-violencia-de-genero-y-el-acoso\/#breadcrumb","itemListElement":[{"@type":"ListItem","position":1,"name":"Home","item":"https:\/\/admin.industriall-union.org\/"},{"@type":"ListItem","position":2,"name":"Articles","item":"https:\/\/admin.industriall-union.org\/article\/"},{"@type":"ListItem","position":3,"name":"Involucrar a los hombres en la lucha contra la violencia de g\u00e9nero y el acoso"}]},{"@type":"WebSite","@id":"https:\/\/admin.industriall-union.org\/#website","url":"https:\/\/admin.industriall-union.org\/","name":"industriall-union","description":"","potentialAction":[{"@type":"SearchAction","target":{"@type":"EntryPoint","urlTemplate":"https:\/\/admin.industriall-union.org\/?s={search_term_string}"},"query-input":{"@type":"PropertyValueSpecification","valueRequired":true,"valueName":"search_term_string"}}],"inLanguage":"es-ES"}]}},"_links":{"self":[{"href":"https:\/\/admin.industriall-union.org\/es\/wp-json\/wp\/v2\/article\/154993","targetHints":{"allow":["GET"]}}],"collection":[{"href":"https:\/\/admin.industriall-union.org\/es\/wp-json\/wp\/v2\/article"}],"about":[{"href":"https:\/\/admin.industriall-union.org\/es\/wp-json\/wp\/v2\/types\/article"}],"wp:attachment":[{"href":"https:\/\/admin.industriall-union.org\/es\/wp-json\/wp\/v2\/media?parent=154993"}],"wp:term":[{"taxonomy":"issues","embeddable":true,"href":"https:\/\/admin.industriall-union.org\/es\/wp-json\/wp\/v2\/issues?post=154993"},{"taxonomy":"companies","embeddable":true,"href":"https:\/\/admin.industriall-union.org\/es\/wp-json\/wp\/v2\/companies?post=154993"},{"taxonomy":"regions","embeddable":true,"href":"https:\/\/admin.industriall-union.org\/es\/wp-json\/wp\/v2\/regions?post=154993"},{"taxonomy":"sectors","embeddable":true,"href":"https:\/\/admin.industriall-union.org\/es\/wp-json\/wp\/v2\/sectors?post=154993"},{"taxonomy":"article_tags","embeddable":true,"href":"https:\/\/admin.industriall-union.org\/es\/wp-json\/wp\/v2\/article_tags?post=154993"}],"curies":[{"name":"wp","href":"https:\/\/api.w.org\/{rel}","templated":true}]}}