{"id":154928,"date":"2022-05-18T13:19:46","date_gmt":"2022-05-18T13:19:46","guid":{"rendered":"https:\/\/admin.industriall-union.org\/red-sindical-de-enel-en-latinoamerica-defiende-una-transicion-justa-con-dialogo-social\/"},"modified":"2025-01-28T02:56:58","modified_gmt":"2025-01-28T02:56:58","slug":"red-sindical-de-enel-en-latinoamerica-defiende-una-transicion-justa-con-dialogo-social","status":"publish","type":"article","link":"https:\/\/admin.industriall-union.org\/es\/red-sindical-de-enel-en-latinoamerica-defiende-una-transicion-justa-con-dialogo-social\/","title":{"rendered":"Red sindical de Enel en Latinoam\u00e9rica defiende una transici\u00f3n justa con di\u00e1logo social"},"content":{"rendered":"<p style=\"margin:0in 0in 0.0001pt\"><span style=\"font-size:12pt\"><span style=\"font-family:Cambria,serif\"><span lang=\"ES-TRAD\" style=\"font-size:13.0pt\"><span>La directora del sector de energ\u00eda de IndustriALL Global Union, Diana Junquera, explic\u00f3 que la organizaci\u00f3n sindical internacional le envi\u00f3 a Enel un borrador para renovar el <\/span><\/span><span lang=\"ES-UY\" style=\"font-size:13.0pt\"><span><a href=\"https:\/\/www.industriall-union.org\/industriall-and-psi-reach-global-agreement-with-enel\" style=\"color:blue;text-decoration:underline\">Acuerdo Marco Global<\/a><\/span><\/span><span lang=\"ES-TRAD\" style=\"font-size:13.0pt\"><span> (AMG) que firmaron. Enfatiz\u00f3 en la importancia del documento, el cual les permite tener un di\u00e1logo social con la compa\u00f1\u00eda ypuso de relieve la importancia de una estrecha comunicaci\u00f3n entre IndustriALL y los sindicatos nacionales durante el proceso de negociaci\u00f3n del acuerdo. <\/span><\/span><\/span><\/span><\/p><p style=\"margin:0in 0in 0.0001pt\">.<\/p><p style=\"margin:0in 0in 0.0001pt\"><span style=\"font-size:12pt\"><span style=\"font-family:Cambria,serif\"><span lang=\"ES-TRAD\" style=\"font-size:13.0pt\"><span>Adem\u00e1s, Junquera dijo que IndustriALL considera que el di\u00e1logo social es fundamental para asegurar que la transici\u00f3n energ\u00e9tica sea <\/span><\/span><span lang=\"ES-UY\" style=\"font-size:13.0pt\"><span><a href=\"\/wp-content\/uploads\/documents\/Just_Transition\/una_transicion_justa_-_espanol.pdf\" style=\"color:blue;text-decoration:underline\">justa<\/a><\/span><\/span><span lang=\"ES-TRAD\" style=\"font-size:13.0pt\"><span>. Los trabajadores deben participar en la mesa de negociaciones. Sin embargo, explic\u00f3 que condujeron una <\/span><\/span><span lang=\"ES-UY\" style=\"font-size:13.0pt\"><span><a href=\"\/wp-content\/uploads\/documents\/2021\/Energy\/sr_energy_transition_es_v31.pdf\" style=\"color:blue;text-decoration:underline\">investigaci\u00f3n<\/a><\/span><\/span><span lang=\"ES-TRAD\" style=\"font-size:13.0pt\"><span> donde hallaron que las empresas no involucran a los trabajadores en las negociaciones para una transici\u00f3n energ\u00e9tica. <\/span><\/span><\/span><\/span><\/p><p style=\"margin:0in 0in 0.0001pt\">.<\/p><p style=\"margin:0in 0in 0.0001pt\"><span style=\"font-size:12pt\"><span style=\"font-family:Cambria,serif\"><span lang=\"ES-TRAD\" style=\"font-size:13.0pt\"><span>En tanto, la secretaria regional adjunta, Laura Carter, habl\u00f3 de la situaci\u00f3n de Enel a nivel regional. Dijo que tiene presencia en 9 pa\u00edses de Am\u00e9rica Latina. En el caso de Brasil, la empresa dice ser la primera empresa en energ\u00eda renovable, involucrada en todo lo que es eficiencia energ\u00e9tica, movilidad el\u00e9ctrica etc.<\/span><\/span><\/span><\/span><\/p><p style=\"margin:0in 0in 0.0001pt\">.<\/p><p style=\"margin:0in 0in 0.0001pt\"><span style=\"font-size:12pt\"><span style=\"font-family:Cambria,serif\"><span lang=\"ES-TRAD\" style=\"font-size:13.0pt\"><span>Carter se\u00f1al\u00f3 que es una multinacional muy compleja y que para un sindicato nacional puede resultar dif\u00edcil impactar en la compa\u00f1\u00eda y buscar soluciones duraderas y satisfactorias si no tiene redes sindicales que funcionen a nivel regional y global. <\/span><\/span><\/span><\/span><\/p><p style=\"margin:0in 0in 0.0001pt\">.<\/p><p style=\"margin:0in 0in 0.0001pt\"><span style=\"font-size:12pt\"><span style=\"font-family:Cambria,serif\"><span lang=\"ES-TRAD\" style=\"font-size:13.0pt\"><span>Por su parte, los trabajadores de Brasil explicaron que Enel terceriza a muchos de sus trabajadores. Le brinda menos beneficios a los nuevos trabajadores, con salarios inferiores, y genera as\u00ed dos categor\u00edas de empleados. Explicaron que la transici\u00f3n debe ser justa para todos, indistintamente de su forma de contrataci\u00f3n.<\/span><\/span><\/span><\/span><\/p><p style=\"margin:0in 0in 0.0001pt\">.<\/p><p style=\"margin:0in 0in 0.0001pt\"><span style=\"font-size:12pt\"><span style=\"font-family:Cambria,serif\"><span lang=\"ES-TRAD\" style=\"font-size:13.0pt\"><span>En tanto, los trabajadores de Chile mencionaron que Enel est\u00e1 en proceso de cerrar las centrales generadoras a carb\u00f3n y pr\u00f3ximamente las generadoras de gas y petr\u00f3leo. Dijeron que el proceso de la descarbonizaci\u00f3n lleva 3 a\u00f1os, y si bien hubo mesas tripartitas, no trajeron ning\u00fan resultado. <\/span><\/span><\/span><\/span><\/p><p style=\"margin:0in 0in 0.0001pt\">.<\/p><p style=\"margin:0in 0in 0.0001pt\"><span style=\"font-size:12pt\"><span style=\"font-family:Cambria,serif\"><span lang=\"ES-TRAD\" style=\"font-size:13.0pt\"><span>En relaci\u00f3n a la respuesta de los sindicatos frente a la transici\u00f3n energ\u00e9tica, los sindicatos de Colombia explicaron que crearon el primer centro de innovaci\u00f3n minero-energ\u00e9tico, entre el sector del carb\u00f3n, el petr\u00f3leo y la energ\u00eda. Lo conformaron para debatir y ser parte en las mesas de decisiones. Enel los llam\u00f3 y eval\u00faan juntos una gama de soluciones que van desde el cierre de la planta para convertirla en hidrogeno verde, pero en todas ven la posibilidad de hacer una transici\u00f3n en el empleo.<\/span><\/span><\/span><\/span><\/p><p style=\"margin:0in 0in 0.0001pt\">.<\/p><p style=\"margin:0in 0in 0.0001pt\"><span style=\"font-size:12pt\"><span style=\"font-family:Cambria,serif\"><span lang=\"ES-TRAD\" style=\"font-size:13.0pt\"><span>Por el contrario, los trabajadores de M\u00e9xico remarcaron que no tienen una relaci\u00f3n laboral con Enel ya que se resiste a suscribir convenios colectivos. Adem\u00e1s, los trabajadores lamentaron que la C\u00e1mara de diputados recientemente rechazara la <\/span><\/span><span lang=\"ES-UY\" style=\"font-size:13.0pt\"><span><a href=\"https:\/\/www.industriall-union.org\/es\/camara-de-diputados-de-mexico-rechaza-la-reforma-energetica\" style=\"color:blue;text-decoration:underline\">reforma energ\u00e9tica<\/a><\/span><\/span><span lang=\"ES-TRAD\" style=\"font-size:13.0pt\"><span>, la cual era necesaria para recuperar la soberan\u00eda energ\u00e9tica del pa\u00eds, el sector p\u00fablico y las empresas p\u00fablicas.<\/span><\/span><\/span><\/span><\/p><p style=\"margin:0in 0in 0.0001pt\">.<\/p><p style=\"margin:0in 0in 0.0001pt\"><span style=\"font-size:12pt\"><span style=\"font-family:Cambria,serif\"><span lang=\"ES-TRAD\" style=\"font-size:13.0pt\"><span>Finalmente, los miembros de la red sindical de Enel acordaron que continuar\u00e1n intercambiando informaci\u00f3n para poder aportar a las negociaciones para renovar el AMG de IndustriALL con la empresa.<\/span><\/span><\/span><\/span><\/p>","protected":false},"featured_media":0,"template":"","issues":[393,418,425],"companies":[],"regions":[254],"sectors":[433],"article_tags":[511],"class_list":["post-154928","article","type-article","status-publish","hentry","issues-climate-change-just-transition","issues-sustainability","issues-workers-rights","regions-latin-america-and-the-caribbean","sectors-energia-petroleo-gas-electricidad-y-nuclear","article_tags-industriall"],"acf":[],"yoast_head":"<!-- This site is optimized with the Yoast SEO Premium plugin v27.1 (Yoast SEO v27.1) - https:\/\/yoast.com\/product\/yoast-seo-premium-wordpress\/ -->\n<title>Red sindical de Enel en Latinoam\u00e9rica defiende una transici\u00f3n justa con di\u00e1logo social - industriall-union<\/title>\n<meta name=\"description\" content=\"La directora del sector de energ\u00eda de IndustriALL Global Union, Diana Junquera, explic\u00f3 que la organizaci\u00f3n sindical internacional le envi\u00f3 a Enel un\" \/>\n<meta name=\"robots\" content=\"index, follow, max-snippet:-1, max-image-preview:large, max-video-preview:-1\" \/>\n<link rel=\"canonical\" href=\"https:\/\/admin.industriall-union.org\/es\/red-sindical-de-enel-en-latinoamerica-defiende-una-transicion-justa-con-dialogo-social\/\" \/>\n<meta property=\"og:locale\" content=\"es_ES\" \/>\n<meta property=\"og:type\" content=\"article\" \/>\n<meta property=\"og:title\" content=\"Red sindical de Enel en Latinoam\u00e9rica defiende una transici\u00f3n justa con di\u00e1logo social\" \/>\n<meta property=\"og:description\" content=\"La directora del sector de energ\u00eda de IndustriALL Global Union, Diana Junquera, explic\u00f3 que la organizaci\u00f3n sindical internacional le envi\u00f3 a Enel un\" \/>\n<meta property=\"og:url\" content=\"https:\/\/admin.industriall-union.org\/es\/red-sindical-de-enel-en-latinoamerica-defiende-una-transicion-justa-con-dialogo-social\/\" \/>\n<meta property=\"og:site_name\" content=\"industriall-union\" \/>\n<meta property=\"article:modified_time\" content=\"2025-01-28T02:56:58+00:00\" \/>\n<meta name=\"twitter:card\" content=\"summary_large_image\" \/>\n<meta name=\"twitter:label1\" content=\"Est. reading time\" \/>\n\t<meta name=\"twitter:data1\" content=\"3 minutes\" \/>\n<script type=\"application\/ld+json\" class=\"yoast-schema-graph\">{\"@context\":\"https:\/\/schema.org\",\"@graph\":[{\"@type\":\"WebPage\",\"@id\":\"https:\/\/admin.industriall-union.org\/es\/red-sindical-de-enel-en-latinoamerica-defiende-una-transicion-justa-con-dialogo-social\/\",\"url\":\"https:\/\/admin.industriall-union.org\/es\/red-sindical-de-enel-en-latinoamerica-defiende-una-transicion-justa-con-dialogo-social\/\",\"name\":\"Red sindical de Enel en Latinoam\u00e9rica defiende una transici\u00f3n justa con di\u00e1logo social - industriall-union\",\"isPartOf\":{\"@id\":\"https:\/\/admin.industriall-union.org\/#website\"},\"datePublished\":\"2022-05-18T13:19:46+00:00\",\"dateModified\":\"2025-01-28T02:56:58+00:00\",\"description\":\"La directora del sector de energ\u00eda de IndustriALL Global Union, Diana Junquera, explic\u00f3 que la organizaci\u00f3n sindical internacional le envi\u00f3 a Enel un\",\"breadcrumb\":{\"@id\":\"https:\/\/admin.industriall-union.org\/es\/red-sindical-de-enel-en-latinoamerica-defiende-una-transicion-justa-con-dialogo-social\/#breadcrumb\"},\"inLanguage\":\"es-ES\",\"potentialAction\":[{\"@type\":\"ReadAction\",\"target\":[\"https:\/\/admin.industriall-union.org\/es\/red-sindical-de-enel-en-latinoamerica-defiende-una-transicion-justa-con-dialogo-social\/\"]}]},{\"@type\":\"BreadcrumbList\",\"@id\":\"https:\/\/admin.industriall-union.org\/es\/red-sindical-de-enel-en-latinoamerica-defiende-una-transicion-justa-con-dialogo-social\/#breadcrumb\",\"itemListElement\":[{\"@type\":\"ListItem\",\"position\":1,\"name\":\"Home\",\"item\":\"https:\/\/admin.industriall-union.org\/\"},{\"@type\":\"ListItem\",\"position\":2,\"name\":\"Articles\",\"item\":\"https:\/\/admin.industriall-union.org\/article\/\"},{\"@type\":\"ListItem\",\"position\":3,\"name\":\"Red sindical de Enel en Latinoam\u00e9rica defiende una transici\u00f3n justa con di\u00e1logo social\"}]},{\"@type\":\"WebSite\",\"@id\":\"https:\/\/admin.industriall-union.org\/#website\",\"url\":\"https:\/\/admin.industriall-union.org\/\",\"name\":\"industriall-union\",\"description\":\"\",\"potentialAction\":[{\"@type\":\"SearchAction\",\"target\":{\"@type\":\"EntryPoint\",\"urlTemplate\":\"https:\/\/admin.industriall-union.org\/?s={search_term_string}\"},\"query-input\":{\"@type\":\"PropertyValueSpecification\",\"valueRequired\":true,\"valueName\":\"search_term_string\"}}],\"inLanguage\":\"es-ES\"}]}<\/script>\n<!-- \/ Yoast SEO Premium plugin. -->","yoast_head_json":{"title":"Red sindical de Enel en Latinoam\u00e9rica defiende una transici\u00f3n justa con di\u00e1logo social - industriall-union","description":"La directora del sector de energ\u00eda de IndustriALL Global Union, Diana Junquera, explic\u00f3 que la organizaci\u00f3n sindical internacional le envi\u00f3 a Enel un","robots":{"index":"index","follow":"follow","max-snippet":"max-snippet:-1","max-image-preview":"max-image-preview:large","max-video-preview":"max-video-preview:-1"},"canonical":"https:\/\/admin.industriall-union.org\/es\/red-sindical-de-enel-en-latinoamerica-defiende-una-transicion-justa-con-dialogo-social\/","og_locale":"es_ES","og_type":"article","og_title":"Red sindical de Enel en Latinoam\u00e9rica defiende una transici\u00f3n justa con di\u00e1logo social","og_description":"La directora del sector de energ\u00eda de IndustriALL Global Union, Diana Junquera, explic\u00f3 que la organizaci\u00f3n sindical internacional le envi\u00f3 a Enel un","og_url":"https:\/\/admin.industriall-union.org\/es\/red-sindical-de-enel-en-latinoamerica-defiende-una-transicion-justa-con-dialogo-social\/","og_site_name":"industriall-union","article_modified_time":"2025-01-28T02:56:58+00:00","twitter_card":"summary_large_image","twitter_misc":{"Est. reading time":"3 minutes"},"schema":{"@context":"https:\/\/schema.org","@graph":[{"@type":"WebPage","@id":"https:\/\/admin.industriall-union.org\/es\/red-sindical-de-enel-en-latinoamerica-defiende-una-transicion-justa-con-dialogo-social\/","url":"https:\/\/admin.industriall-union.org\/es\/red-sindical-de-enel-en-latinoamerica-defiende-una-transicion-justa-con-dialogo-social\/","name":"Red sindical de Enel en Latinoam\u00e9rica defiende una transici\u00f3n justa con di\u00e1logo social - industriall-union","isPartOf":{"@id":"https:\/\/admin.industriall-union.org\/#website"},"datePublished":"2022-05-18T13:19:46+00:00","dateModified":"2025-01-28T02:56:58+00:00","description":"La directora del sector de energ\u00eda de IndustriALL Global Union, Diana Junquera, explic\u00f3 que la organizaci\u00f3n sindical internacional le envi\u00f3 a Enel un","breadcrumb":{"@id":"https:\/\/admin.industriall-union.org\/es\/red-sindical-de-enel-en-latinoamerica-defiende-una-transicion-justa-con-dialogo-social\/#breadcrumb"},"inLanguage":"es-ES","potentialAction":[{"@type":"ReadAction","target":["https:\/\/admin.industriall-union.org\/es\/red-sindical-de-enel-en-latinoamerica-defiende-una-transicion-justa-con-dialogo-social\/"]}]},{"@type":"BreadcrumbList","@id":"https:\/\/admin.industriall-union.org\/es\/red-sindical-de-enel-en-latinoamerica-defiende-una-transicion-justa-con-dialogo-social\/#breadcrumb","itemListElement":[{"@type":"ListItem","position":1,"name":"Home","item":"https:\/\/admin.industriall-union.org\/"},{"@type":"ListItem","position":2,"name":"Articles","item":"https:\/\/admin.industriall-union.org\/article\/"},{"@type":"ListItem","position":3,"name":"Red sindical de Enel en Latinoam\u00e9rica defiende una transici\u00f3n justa con di\u00e1logo social"}]},{"@type":"WebSite","@id":"https:\/\/admin.industriall-union.org\/#website","url":"https:\/\/admin.industriall-union.org\/","name":"industriall-union","description":"","potentialAction":[{"@type":"SearchAction","target":{"@type":"EntryPoint","urlTemplate":"https:\/\/admin.industriall-union.org\/?s={search_term_string}"},"query-input":{"@type":"PropertyValueSpecification","valueRequired":true,"valueName":"search_term_string"}}],"inLanguage":"es-ES"}]}},"_links":{"self":[{"href":"https:\/\/admin.industriall-union.org\/es\/wp-json\/wp\/v2\/article\/154928","targetHints":{"allow":["GET"]}}],"collection":[{"href":"https:\/\/admin.industriall-union.org\/es\/wp-json\/wp\/v2\/article"}],"about":[{"href":"https:\/\/admin.industriall-union.org\/es\/wp-json\/wp\/v2\/types\/article"}],"wp:attachment":[{"href":"https:\/\/admin.industriall-union.org\/es\/wp-json\/wp\/v2\/media?parent=154928"}],"wp:term":[{"taxonomy":"issues","embeddable":true,"href":"https:\/\/admin.industriall-union.org\/es\/wp-json\/wp\/v2\/issues?post=154928"},{"taxonomy":"companies","embeddable":true,"href":"https:\/\/admin.industriall-union.org\/es\/wp-json\/wp\/v2\/companies?post=154928"},{"taxonomy":"regions","embeddable":true,"href":"https:\/\/admin.industriall-union.org\/es\/wp-json\/wp\/v2\/regions?post=154928"},{"taxonomy":"sectors","embeddable":true,"href":"https:\/\/admin.industriall-union.org\/es\/wp-json\/wp\/v2\/sectors?post=154928"},{"taxonomy":"article_tags","embeddable":true,"href":"https:\/\/admin.industriall-union.org\/es\/wp-json\/wp\/v2\/article_tags?post=154928"}],"curies":[{"name":"wp","href":"https:\/\/api.w.org\/{rel}","templated":true}]}}