{"id":154916,"date":"2022-05-23T10:14:53","date_gmt":"2022-05-23T10:14:53","guid":{"rendered":"https:\/\/admin.industriall-union.org\/las-mortiferas-minas-de-carbon-de-pakistan\/"},"modified":"2025-01-28T02:48:06","modified_gmt":"2025-01-28T02:48:06","slug":"las-mortiferas-minas-de-carbon-de-pakistan","status":"publish","type":"article","link":"https:\/\/admin.industriall-union.org\/es\/las-mortiferas-minas-de-carbon-de-pakistan\/","title":{"rendered":"Las mort\u00edferas minas de carb\u00f3n de Pakist\u00e1n"},"content":{"rendered":"<p>El 19 de mayo, un minero cay\u00f3 a trav\u00e9s de un techo y falleci\u00f3 mientras trabajaba en la mina de Ghazi.<\/p><p>Apenas dos d\u00edas despu\u00e9s, el 21 de mayo, un trabajador se electrocut\u00f3 en el yacimiento de carb\u00f3n de Duki, y un deslizamiento de tierra mat\u00f3 a otro minero en el mismo lugar. El 22 de mayo, tres mineros resultaron heridos a causa de una explosi\u00f3n de gas en una mina perteneciente a Shakot Charat Coal Company.&nbsp;&nbsp;<\/p><p>Cabe destacar que estas condiciones peligrosas se ven agravadas por la negligencia inherente, tanto de las empresas mineras como de las autoridades estatales, en lo que refiere a la seguridad de los trabajadores.<\/p><blockquote><p>&ldquo;Existe una necesidad urgente de salud y seguridad en nuestras minas de carb\u00f3n y apreciamos las medidas adoptadas por IndustriALL Global Union para mejorar las condiciones de trabajo en las minas de Pakist\u00e1n&rdquo;,<\/p><\/blockquote><p>declar\u00f3 Sultan Khan, presidente de la PCMLF.<\/p><blockquote><p>&ldquo;Las malas condiciones de trabajo representan una amenaza real para la vida de los trabajadores, y necesitamos asistencia para brindarles instancias de capacitaci\u00f3n, organizaci\u00f3n y sensibilizaci\u00f3n&rdquo;.<\/p><\/blockquote><p>La PCMLF estima que el sector de la miner\u00eda de carb\u00f3n de Pakist\u00e1n emplea a m\u00e1s de 100.000 trabajadores en 400 minas. Generalmente, los mineros comienzan a trabajar a los 13 a\u00f1os de edad. Cuando llegan a los 30, se ven obligados a quedarse sin empleo debido a enfermedades respiratorias cr\u00f3nicas, tuberculosis, p\u00e9rdida de la vista y lesiones.<\/p><p>La pobreza y la falta de oportunidades de trabajo obligan a la gente a comenzar a trabajar en las minas. En contra de lo dispuesto en la legislaci\u00f3n laboral de Pakist\u00e1n, estas personas suelen verse obligadas a trabajar m\u00e1s de diez horas al d\u00eda sin el equipo de seguridad adecuado. Cuando ocurren accidentes, los primeros en acudir al rescate suelen ser los otros trabajadores de la mina, ya que no hay acceso a equipos de respuesta de emergencia preparados para ello.<\/p><p>El director de miner\u00eda y salud y seguridad de IndustriALL, Glen Mpufane, afirm\u00f3:<\/p><blockquote><p>&ldquo;La situaci\u00f3n en las minas de carb\u00f3n de Pakist\u00e1n es desesperada y se deben implementar normas de seguridad para detener la continua p\u00e9rdida de vidas. IndustriALL insta al gobierno de Pakist\u00e1n a ratificar el Convenio 176 de la OIT sobre seguridad y salud en las minas.&rdquo;<\/p><\/blockquote>","protected":false},"featured_media":0,"template":"","issues":[402,424,425],"companies":[],"regions":[182],"sectors":[494],"article_tags":[],"class_list":["post-154916","article","type-article","status-publish","hentry","issues-health-and-safety","issues-violation","issues-workers-rights","regions-pakistan","sectors-mining-and-dgojp"],"acf":[],"yoast_head":"<!-- This site is optimized with the Yoast SEO Premium plugin v27.1 (Yoast SEO v27.1) - https:\/\/yoast.com\/product\/yoast-seo-premium-wordpress\/ -->\n<title>Las mort\u00edferas minas de carb\u00f3n de Pakist\u00e1n - industriall-union<\/title>\n<meta name=\"description\" content=\"El 19 de mayo, un minero cay\u00f3 a trav\u00e9s de un techo y falleci\u00f3 mientras trabajaba en la mina de Ghazi.Apenas dos d\u00edas despu\u00e9s, el 21 de mayo, un trabajador\" \/>\n<meta name=\"robots\" content=\"index, follow, max-snippet:-1, max-image-preview:large, max-video-preview:-1\" \/>\n<link rel=\"canonical\" href=\"https:\/\/admin.industriall-union.org\/es\/las-mortiferas-minas-de-carbon-de-pakistan\/\" \/>\n<meta property=\"og:locale\" content=\"es_ES\" \/>\n<meta property=\"og:type\" content=\"article\" \/>\n<meta property=\"og:title\" content=\"Las mort\u00edferas minas de carb\u00f3n de Pakist\u00e1n\" \/>\n<meta property=\"og:description\" content=\"El 19 de mayo, un minero cay\u00f3 a trav\u00e9s de un techo y falleci\u00f3 mientras trabajaba en la mina de Ghazi.Apenas dos d\u00edas despu\u00e9s, el 21 de mayo, un trabajador\" \/>\n<meta property=\"og:url\" content=\"https:\/\/admin.industriall-union.org\/es\/las-mortiferas-minas-de-carbon-de-pakistan\/\" \/>\n<meta property=\"og:site_name\" content=\"industriall-union\" \/>\n<meta property=\"article:modified_time\" content=\"2025-01-28T02:48:06+00:00\" \/>\n<meta name=\"twitter:card\" content=\"summary_large_image\" \/>\n<meta name=\"twitter:label1\" content=\"Est. reading time\" \/>\n\t<meta name=\"twitter:data1\" content=\"2 minutes\" \/>\n<script type=\"application\/ld+json\" class=\"yoast-schema-graph\">{\"@context\":\"https:\/\/schema.org\",\"@graph\":[{\"@type\":\"WebPage\",\"@id\":\"https:\/\/admin.industriall-union.org\/es\/las-mortiferas-minas-de-carbon-de-pakistan\/\",\"url\":\"https:\/\/admin.industriall-union.org\/es\/las-mortiferas-minas-de-carbon-de-pakistan\/\",\"name\":\"Las mort\u00edferas minas de carb\u00f3n de Pakist\u00e1n - industriall-union\",\"isPartOf\":{\"@id\":\"https:\/\/admin.industriall-union.org\/#website\"},\"datePublished\":\"2022-05-23T10:14:53+00:00\",\"dateModified\":\"2025-01-28T02:48:06+00:00\",\"description\":\"El 19 de mayo, un minero cay\u00f3 a trav\u00e9s de un techo y falleci\u00f3 mientras trabajaba en la mina de Ghazi.Apenas dos d\u00edas despu\u00e9s, el 21 de mayo, un trabajador\",\"breadcrumb\":{\"@id\":\"https:\/\/admin.industriall-union.org\/es\/las-mortiferas-minas-de-carbon-de-pakistan\/#breadcrumb\"},\"inLanguage\":\"es-ES\",\"potentialAction\":[{\"@type\":\"ReadAction\",\"target\":[\"https:\/\/admin.industriall-union.org\/es\/las-mortiferas-minas-de-carbon-de-pakistan\/\"]}]},{\"@type\":\"BreadcrumbList\",\"@id\":\"https:\/\/admin.industriall-union.org\/es\/las-mortiferas-minas-de-carbon-de-pakistan\/#breadcrumb\",\"itemListElement\":[{\"@type\":\"ListItem\",\"position\":1,\"name\":\"Home\",\"item\":\"https:\/\/admin.industriall-union.org\/\"},{\"@type\":\"ListItem\",\"position\":2,\"name\":\"Articles\",\"item\":\"https:\/\/admin.industriall-union.org\/article\/\"},{\"@type\":\"ListItem\",\"position\":3,\"name\":\"Las mort\u00edferas minas de carb\u00f3n de Pakist\u00e1n\"}]},{\"@type\":\"WebSite\",\"@id\":\"https:\/\/admin.industriall-union.org\/#website\",\"url\":\"https:\/\/admin.industriall-union.org\/\",\"name\":\"industriall-union\",\"description\":\"\",\"potentialAction\":[{\"@type\":\"SearchAction\",\"target\":{\"@type\":\"EntryPoint\",\"urlTemplate\":\"https:\/\/admin.industriall-union.org\/?s={search_term_string}\"},\"query-input\":{\"@type\":\"PropertyValueSpecification\",\"valueRequired\":true,\"valueName\":\"search_term_string\"}}],\"inLanguage\":\"es-ES\"}]}<\/script>\n<!-- \/ Yoast SEO Premium plugin. -->","yoast_head_json":{"title":"Las mort\u00edferas minas de carb\u00f3n de Pakist\u00e1n - industriall-union","description":"El 19 de mayo, un minero cay\u00f3 a trav\u00e9s de un techo y falleci\u00f3 mientras trabajaba en la mina de Ghazi.Apenas dos d\u00edas despu\u00e9s, el 21 de mayo, un trabajador","robots":{"index":"index","follow":"follow","max-snippet":"max-snippet:-1","max-image-preview":"max-image-preview:large","max-video-preview":"max-video-preview:-1"},"canonical":"https:\/\/admin.industriall-union.org\/es\/las-mortiferas-minas-de-carbon-de-pakistan\/","og_locale":"es_ES","og_type":"article","og_title":"Las mort\u00edferas minas de carb\u00f3n de Pakist\u00e1n","og_description":"El 19 de mayo, un minero cay\u00f3 a trav\u00e9s de un techo y falleci\u00f3 mientras trabajaba en la mina de Ghazi.Apenas dos d\u00edas despu\u00e9s, el 21 de mayo, un trabajador","og_url":"https:\/\/admin.industriall-union.org\/es\/las-mortiferas-minas-de-carbon-de-pakistan\/","og_site_name":"industriall-union","article_modified_time":"2025-01-28T02:48:06+00:00","twitter_card":"summary_large_image","twitter_misc":{"Est. reading time":"2 minutes"},"schema":{"@context":"https:\/\/schema.org","@graph":[{"@type":"WebPage","@id":"https:\/\/admin.industriall-union.org\/es\/las-mortiferas-minas-de-carbon-de-pakistan\/","url":"https:\/\/admin.industriall-union.org\/es\/las-mortiferas-minas-de-carbon-de-pakistan\/","name":"Las mort\u00edferas minas de carb\u00f3n de Pakist\u00e1n - industriall-union","isPartOf":{"@id":"https:\/\/admin.industriall-union.org\/#website"},"datePublished":"2022-05-23T10:14:53+00:00","dateModified":"2025-01-28T02:48:06+00:00","description":"El 19 de mayo, un minero cay\u00f3 a trav\u00e9s de un techo y falleci\u00f3 mientras trabajaba en la mina de Ghazi.Apenas dos d\u00edas despu\u00e9s, el 21 de mayo, un trabajador","breadcrumb":{"@id":"https:\/\/admin.industriall-union.org\/es\/las-mortiferas-minas-de-carbon-de-pakistan\/#breadcrumb"},"inLanguage":"es-ES","potentialAction":[{"@type":"ReadAction","target":["https:\/\/admin.industriall-union.org\/es\/las-mortiferas-minas-de-carbon-de-pakistan\/"]}]},{"@type":"BreadcrumbList","@id":"https:\/\/admin.industriall-union.org\/es\/las-mortiferas-minas-de-carbon-de-pakistan\/#breadcrumb","itemListElement":[{"@type":"ListItem","position":1,"name":"Home","item":"https:\/\/admin.industriall-union.org\/"},{"@type":"ListItem","position":2,"name":"Articles","item":"https:\/\/admin.industriall-union.org\/article\/"},{"@type":"ListItem","position":3,"name":"Las mort\u00edferas minas de carb\u00f3n de Pakist\u00e1n"}]},{"@type":"WebSite","@id":"https:\/\/admin.industriall-union.org\/#website","url":"https:\/\/admin.industriall-union.org\/","name":"industriall-union","description":"","potentialAction":[{"@type":"SearchAction","target":{"@type":"EntryPoint","urlTemplate":"https:\/\/admin.industriall-union.org\/?s={search_term_string}"},"query-input":{"@type":"PropertyValueSpecification","valueRequired":true,"valueName":"search_term_string"}}],"inLanguage":"es-ES"}]}},"_links":{"self":[{"href":"https:\/\/admin.industriall-union.org\/es\/wp-json\/wp\/v2\/article\/154916","targetHints":{"allow":["GET"]}}],"collection":[{"href":"https:\/\/admin.industriall-union.org\/es\/wp-json\/wp\/v2\/article"}],"about":[{"href":"https:\/\/admin.industriall-union.org\/es\/wp-json\/wp\/v2\/types\/article"}],"wp:attachment":[{"href":"https:\/\/admin.industriall-union.org\/es\/wp-json\/wp\/v2\/media?parent=154916"}],"wp:term":[{"taxonomy":"issues","embeddable":true,"href":"https:\/\/admin.industriall-union.org\/es\/wp-json\/wp\/v2\/issues?post=154916"},{"taxonomy":"companies","embeddable":true,"href":"https:\/\/admin.industriall-union.org\/es\/wp-json\/wp\/v2\/companies?post=154916"},{"taxonomy":"regions","embeddable":true,"href":"https:\/\/admin.industriall-union.org\/es\/wp-json\/wp\/v2\/regions?post=154916"},{"taxonomy":"sectors","embeddable":true,"href":"https:\/\/admin.industriall-union.org\/es\/wp-json\/wp\/v2\/sectors?post=154916"},{"taxonomy":"article_tags","embeddable":true,"href":"https:\/\/admin.industriall-union.org\/es\/wp-json\/wp\/v2\/article_tags?post=154916"}],"curies":[{"name":"wp","href":"https:\/\/api.w.org\/{rel}","templated":true}]}}