{"id":154735,"date":"2022-06-21T03:46:45","date_gmt":"2022-06-21T03:46:45","guid":{"rendered":"https:\/\/admin.industriall-union.org\/trabajadores-de-apple-en-estados-unidos-se-afilian-a-un-sindicato\/"},"modified":"2025-01-28T02:09:13","modified_gmt":"2025-01-28T02:09:13","slug":"trabajadores-de-apple-en-estados-unidos-se-afilian-a-un-sindicato","status":"publish","type":"article","link":"https:\/\/admin.industriall-union.org\/es\/trabajadores-de-apple-en-estados-unidos-se-afilian-a-un-sindicato\/","title":{"rendered":"Trabajadores de Apple en Estados Unidos se afilian a un sindicato"},"content":{"rendered":"<p>Con la ayuda de la IAM, los empleados de Apple formaron un sindicato: la Coalici\u00f3n de Empleados Minoristas Organizados (CORE). La tienda de Towson, Maryland, ser\u00e1 la primera tienda de Apple sindicalizada en el pa\u00eds.<\/p><blockquote><p>&ldquo;Queremos dejar en claro que la decisi\u00f3n de formar un sindicato se trata de que nosotros, como trabajadores, obtengamos acceso a derechos que actualmente no tenemos&rdquo;,<\/p><\/blockquote><p>escribieron los organizadores de Towson <a href=\"https:\/\/www.goiam.org\/dear-tim\/\">en una carta<\/a> al director ejecutivo de Apple, Tim Cook.<br \/>&nbsp;<br \/>Los trabajadores quieren que Apple respete el requisito de neutralidad de la secci\u00f3n &ldquo;Libertad sindical y negociaci\u00f3n colectiva&rdquo; de su C\u00f3digo de conducta para proveedores, para que puedan gozar de sus derechos a la informaci\u00f3n y la negociaci\u00f3n colectiva.<\/p><p>El presidente de la IAM, Robert Martinez, expres\u00f3:<\/p><blockquote><p>&ldquo;Aplaudo el coraje demostrado por los miembros de Core en la tienda de Apple en Towson al lograr esta hist\u00f3rica victoria. Hicieron un gran sacrificio por los miles de empleados de Apple en todo el pa\u00eds, que ten\u00edan la mirada puesta en estas elecciones. Esta victoria pone de manifiesto la creciente demanda de sindicatos en las tiendas de Apple y en diferentes industrias de nuestro pa\u00eds&rdquo;.<\/p><\/blockquote><p>Christine Olivier, secretaria general adjunta de IndustriALL, declar\u00f3:<\/p><blockquote><p>&ldquo;Extendemos nuestras sinceras felicitaciones por esta importante victoria. Se trata de un paso crucial para lograr condiciones de trabajo decentes y un mayor respeto por los trabajadores que generan la riqueza de esta importante empresa de tecnolog\u00eda. Esperamos que los trabajadores de otras tiendas de Apple en Estados Unidos sigan por este camino&rdquo;.<\/p><\/blockquote><p><\/p>","protected":false},"featured_media":0,"template":"","issues":[398,425],"companies":[11],"regions":[310],"sectors":[490],"article_tags":[],"class_list":["post-154735","article","type-article","status-publish","hentry","issues-union-win","issues-workers-rights","companies-apple","regions-usa","sectors-ict-electrical-and-electronics"],"acf":[],"yoast_head":"<!-- This site is optimized with the Yoast SEO Premium plugin v27.1 (Yoast SEO v27.1) - https:\/\/yoast.com\/product\/yoast-seo-premium-wordpress\/ -->\n<title>Trabajadores de Apple en Estados Unidos se afilian a un sindicato - industriall-union<\/title>\n<meta name=\"description\" content=\"Con la ayuda de la IAM, los empleados de Apple formaron un sindicato: la Coalici\u00f3n de Empleados Minoristas Organizados (CORE). La tienda de Towson,\" \/>\n<meta name=\"robots\" content=\"index, follow, max-snippet:-1, max-image-preview:large, max-video-preview:-1\" \/>\n<link rel=\"canonical\" href=\"https:\/\/admin.industriall-union.org\/es\/trabajadores-de-apple-en-estados-unidos-se-afilian-a-un-sindicato\/\" \/>\n<meta property=\"og:locale\" content=\"es_ES\" \/>\n<meta property=\"og:type\" content=\"article\" \/>\n<meta property=\"og:title\" content=\"Trabajadores de Apple en Estados Unidos se afilian a un sindicato\" \/>\n<meta property=\"og:description\" content=\"Con la ayuda de la IAM, los empleados de Apple formaron un sindicato: la Coalici\u00f3n de Empleados Minoristas Organizados (CORE). La tienda de Towson,\" \/>\n<meta property=\"og:url\" content=\"https:\/\/admin.industriall-union.org\/es\/trabajadores-de-apple-en-estados-unidos-se-afilian-a-un-sindicato\/\" \/>\n<meta property=\"og:site_name\" content=\"industriall-union\" \/>\n<meta property=\"article:modified_time\" content=\"2025-01-28T02:09:13+00:00\" \/>\n<meta name=\"twitter:card\" content=\"summary_large_image\" \/>\n<meta name=\"twitter:label1\" content=\"Est. reading time\" \/>\n\t<meta name=\"twitter:data1\" content=\"1 minute\" \/>\n<script type=\"application\/ld+json\" class=\"yoast-schema-graph\">{\"@context\":\"https:\/\/schema.org\",\"@graph\":[{\"@type\":\"WebPage\",\"@id\":\"https:\/\/admin.industriall-union.org\/es\/trabajadores-de-apple-en-estados-unidos-se-afilian-a-un-sindicato\/\",\"url\":\"https:\/\/admin.industriall-union.org\/es\/trabajadores-de-apple-en-estados-unidos-se-afilian-a-un-sindicato\/\",\"name\":\"Trabajadores de Apple en Estados Unidos se afilian a un sindicato - industriall-union\",\"isPartOf\":{\"@id\":\"https:\/\/admin.industriall-union.org\/#website\"},\"datePublished\":\"2022-06-21T03:46:45+00:00\",\"dateModified\":\"2025-01-28T02:09:13+00:00\",\"description\":\"Con la ayuda de la IAM, los empleados de Apple formaron un sindicato: la Coalici\u00f3n de Empleados Minoristas Organizados (CORE). La tienda de Towson,\",\"breadcrumb\":{\"@id\":\"https:\/\/admin.industriall-union.org\/es\/trabajadores-de-apple-en-estados-unidos-se-afilian-a-un-sindicato\/#breadcrumb\"},\"inLanguage\":\"es-ES\",\"potentialAction\":[{\"@type\":\"ReadAction\",\"target\":[\"https:\/\/admin.industriall-union.org\/es\/trabajadores-de-apple-en-estados-unidos-se-afilian-a-un-sindicato\/\"]}]},{\"@type\":\"BreadcrumbList\",\"@id\":\"https:\/\/admin.industriall-union.org\/es\/trabajadores-de-apple-en-estados-unidos-se-afilian-a-un-sindicato\/#breadcrumb\",\"itemListElement\":[{\"@type\":\"ListItem\",\"position\":1,\"name\":\"Home\",\"item\":\"https:\/\/admin.industriall-union.org\/\"},{\"@type\":\"ListItem\",\"position\":2,\"name\":\"Articles\",\"item\":\"https:\/\/admin.industriall-union.org\/article\/\"},{\"@type\":\"ListItem\",\"position\":3,\"name\":\"Trabajadores de Apple en Estados Unidos se afilian a un sindicato\"}]},{\"@type\":\"WebSite\",\"@id\":\"https:\/\/admin.industriall-union.org\/#website\",\"url\":\"https:\/\/admin.industriall-union.org\/\",\"name\":\"industriall-union\",\"description\":\"\",\"potentialAction\":[{\"@type\":\"SearchAction\",\"target\":{\"@type\":\"EntryPoint\",\"urlTemplate\":\"https:\/\/admin.industriall-union.org\/?s={search_term_string}\"},\"query-input\":{\"@type\":\"PropertyValueSpecification\",\"valueRequired\":true,\"valueName\":\"search_term_string\"}}],\"inLanguage\":\"es-ES\"}]}<\/script>\n<!-- \/ Yoast SEO Premium plugin. -->","yoast_head_json":{"title":"Trabajadores de Apple en Estados Unidos se afilian a un sindicato - industriall-union","description":"Con la ayuda de la IAM, los empleados de Apple formaron un sindicato: la Coalici\u00f3n de Empleados Minoristas Organizados (CORE). La tienda de Towson,","robots":{"index":"index","follow":"follow","max-snippet":"max-snippet:-1","max-image-preview":"max-image-preview:large","max-video-preview":"max-video-preview:-1"},"canonical":"https:\/\/admin.industriall-union.org\/es\/trabajadores-de-apple-en-estados-unidos-se-afilian-a-un-sindicato\/","og_locale":"es_ES","og_type":"article","og_title":"Trabajadores de Apple en Estados Unidos se afilian a un sindicato","og_description":"Con la ayuda de la IAM, los empleados de Apple formaron un sindicato: la Coalici\u00f3n de Empleados Minoristas Organizados (CORE). La tienda de Towson,","og_url":"https:\/\/admin.industriall-union.org\/es\/trabajadores-de-apple-en-estados-unidos-se-afilian-a-un-sindicato\/","og_site_name":"industriall-union","article_modified_time":"2025-01-28T02:09:13+00:00","twitter_card":"summary_large_image","twitter_misc":{"Est. reading time":"1 minute"},"schema":{"@context":"https:\/\/schema.org","@graph":[{"@type":"WebPage","@id":"https:\/\/admin.industriall-union.org\/es\/trabajadores-de-apple-en-estados-unidos-se-afilian-a-un-sindicato\/","url":"https:\/\/admin.industriall-union.org\/es\/trabajadores-de-apple-en-estados-unidos-se-afilian-a-un-sindicato\/","name":"Trabajadores de Apple en Estados Unidos se afilian a un sindicato - industriall-union","isPartOf":{"@id":"https:\/\/admin.industriall-union.org\/#website"},"datePublished":"2022-06-21T03:46:45+00:00","dateModified":"2025-01-28T02:09:13+00:00","description":"Con la ayuda de la IAM, los empleados de Apple formaron un sindicato: la Coalici\u00f3n de Empleados Minoristas Organizados (CORE). La tienda de Towson,","breadcrumb":{"@id":"https:\/\/admin.industriall-union.org\/es\/trabajadores-de-apple-en-estados-unidos-se-afilian-a-un-sindicato\/#breadcrumb"},"inLanguage":"es-ES","potentialAction":[{"@type":"ReadAction","target":["https:\/\/admin.industriall-union.org\/es\/trabajadores-de-apple-en-estados-unidos-se-afilian-a-un-sindicato\/"]}]},{"@type":"BreadcrumbList","@id":"https:\/\/admin.industriall-union.org\/es\/trabajadores-de-apple-en-estados-unidos-se-afilian-a-un-sindicato\/#breadcrumb","itemListElement":[{"@type":"ListItem","position":1,"name":"Home","item":"https:\/\/admin.industriall-union.org\/"},{"@type":"ListItem","position":2,"name":"Articles","item":"https:\/\/admin.industriall-union.org\/article\/"},{"@type":"ListItem","position":3,"name":"Trabajadores de Apple en Estados Unidos se afilian a un sindicato"}]},{"@type":"WebSite","@id":"https:\/\/admin.industriall-union.org\/#website","url":"https:\/\/admin.industriall-union.org\/","name":"industriall-union","description":"","potentialAction":[{"@type":"SearchAction","target":{"@type":"EntryPoint","urlTemplate":"https:\/\/admin.industriall-union.org\/?s={search_term_string}"},"query-input":{"@type":"PropertyValueSpecification","valueRequired":true,"valueName":"search_term_string"}}],"inLanguage":"es-ES"}]}},"_links":{"self":[{"href":"https:\/\/admin.industriall-union.org\/es\/wp-json\/wp\/v2\/article\/154735","targetHints":{"allow":["GET"]}}],"collection":[{"href":"https:\/\/admin.industriall-union.org\/es\/wp-json\/wp\/v2\/article"}],"about":[{"href":"https:\/\/admin.industriall-union.org\/es\/wp-json\/wp\/v2\/types\/article"}],"wp:attachment":[{"href":"https:\/\/admin.industriall-union.org\/es\/wp-json\/wp\/v2\/media?parent=154735"}],"wp:term":[{"taxonomy":"issues","embeddable":true,"href":"https:\/\/admin.industriall-union.org\/es\/wp-json\/wp\/v2\/issues?post=154735"},{"taxonomy":"companies","embeddable":true,"href":"https:\/\/admin.industriall-union.org\/es\/wp-json\/wp\/v2\/companies?post=154735"},{"taxonomy":"regions","embeddable":true,"href":"https:\/\/admin.industriall-union.org\/es\/wp-json\/wp\/v2\/regions?post=154735"},{"taxonomy":"sectors","embeddable":true,"href":"https:\/\/admin.industriall-union.org\/es\/wp-json\/wp\/v2\/sectors?post=154735"},{"taxonomy":"article_tags","embeddable":true,"href":"https:\/\/admin.industriall-union.org\/es\/wp-json\/wp\/v2\/article_tags?post=154735"}],"curies":[{"name":"wp","href":"https:\/\/api.w.org\/{rel}","templated":true}]}}