{"id":154633,"date":"2022-06-21T14:57:42","date_gmt":"2022-06-21T14:57:42","guid":{"rendered":"https:\/\/admin.industriall-union.org\/aviacion-verde-los-sindicatos-exigen-un-compromiso-internacional-con-la-sostenibilidad-social-y-una-transicion-justa\/"},"modified":"2025-01-28T02:03:11","modified_gmt":"2025-01-28T02:03:11","slug":"aviacion-verde-los-sindicatos-exigen-un-compromiso-internacional-con-la-sostenibilidad-social-y-una-transicion-justa","status":"publish","type":"article","link":"https:\/\/admin.industriall-union.org\/es\/aviacion-verde-los-sindicatos-exigen-un-compromiso-internacional-con-la-sostenibilidad-social-y-una-transicion-justa\/","title":{"rendered":"Aviaci\u00f3n verde: los sindicatos exigen un compromiso internacional con la sostenibilidad social y una Transici\u00f3n Justa"},"content":{"rendered":"<p>Esta semana, las federaciones sindicales internacionales y europeas que representan a los trabajadores de los sectores aeroespacial y de la aviaci\u00f3n se reunieron para definir una posici\u00f3n com\u00fan de cara a la Asamblea de la Organizaci\u00f3n de Aviaci\u00f3n Civil Internacional (OACI) en septiembre, en la que se espera que los gobiernos internacionales y los principales actores de la industria acuerden el camino a seguir hacia una aviaci\u00f3n sostenible.<\/p><p>En un momento tan cr\u00edtico, donde la industria de la aviaci\u00f3n se enfrenta al desaf\u00edo urgente de responder a las consecuencias continuas de la crisis de la COVID, los sindicatos han identificado la necesidad de una respuesta coordinada, a nivel de toda la industria, de parte de las aerol\u00edneas, los aeropuertos, los gobiernos y los sindicatos para rectificar las limitaciones de capacidad, los retrasos en los vuelos y los niveles reducidos de servicio que han plagado a la industria durante meses.<\/p><p>La participaci\u00f3n de los trabajadores es fundamental, no solo para solucionar los problemas subyacentes que actualmente paralizan al sector, sino tambi\u00e9n para abordar la sostenibilidad a largo plazo y la descarbonizaci\u00f3n de la industria. Adem\u00e1s, su intervenci\u00f3n ser\u00e1 esencial en la gesti\u00f3n social de un cambio industrial tan importante. La justicia clim\u00e1tica no puede existir sin justicia laboral, con empleos dignos creados a trav\u00e9s de la libertad sindical y la negociaci\u00f3n colectiva.<\/p><p>La reuni\u00f3n, organizada por IndustriALL Global Trade Union, la Federaci\u00f3n Internacional de Trabajadores del Transporte y sus hom\u00f3logos europeos, industriAll European Trade Union y la Federaci\u00f3n Europea de Trabajadores del Transporte, sigue a su exitosa colaboraci\u00f3n en la <a href=\"https:\/\/presidence-francaise.consilium.europa.eu\/en\/news\/european-aviation-summit\/\">Declaraci\u00f3n de Toulouse<\/a> sobre la futura sostenibilidad y descarbonizaci\u00f3n de la aviaci\u00f3n.<\/p><p>Los sectores aeroespacial y de la aviaci\u00f3n est\u00e1n intr\u00ednsecamente conectados. Las federaciones sindicales internacionales son particularmente importantes en estos procesos, ya que desempe\u00f1an un papel clave para vincular las necesidades comunes y convertirlas en una visi\u00f3n y estrategia internacionales. Los sindicatos de ambos sectores reconocen las grandes oportunidades ofrecidas por un enfoque combinado e intersectorial, basado en una visi\u00f3n de toda la cadena de suministro y en una estrategia industrial internacional cimentada en la sostenibilidad y el trabajo digno.<\/p>","protected":false},"featured_media":0,"template":"","issues":[393,390,425],"companies":[],"regions":[],"sectors":[488],"article_tags":[],"class_list":["post-154633","article","type-article","status-publish","hentry","issues-climate-change-just-transition","issues-future-of-work","issues-workers-rights","sectors-aerospace"],"acf":[],"yoast_head":"<!-- This site is optimized with the Yoast SEO Premium plugin v27.1 (Yoast SEO v27.1) - https:\/\/yoast.com\/product\/yoast-seo-premium-wordpress\/ -->\n<title>Aviaci\u00f3n verde: los sindicatos exigen un compromiso internacional con la sostenibilidad social y una Transici\u00f3n Justa - industriall-union<\/title>\n<meta name=\"description\" content=\"Esta semana, las federaciones sindicales internacionales y europeas que representan a los trabajadores de los sectores aeroespacial y de la aviaci\u00f3n se\" \/>\n<meta name=\"robots\" content=\"index, follow, max-snippet:-1, max-image-preview:large, max-video-preview:-1\" \/>\n<link rel=\"canonical\" href=\"https:\/\/admin.industriall-union.org\/es\/aviacion-verde-los-sindicatos-exigen-un-compromiso-internacional-con-la-sostenibilidad-social-y-una-transicion-justa\/\" \/>\n<meta property=\"og:locale\" content=\"es_ES\" \/>\n<meta property=\"og:type\" content=\"article\" \/>\n<meta property=\"og:title\" content=\"Aviaci\u00f3n verde: los sindicatos exigen un compromiso internacional con la sostenibilidad social y una Transici\u00f3n Justa\" \/>\n<meta property=\"og:description\" content=\"Esta semana, las federaciones sindicales internacionales y europeas que representan a los trabajadores de los sectores aeroespacial y de la aviaci\u00f3n se\" \/>\n<meta property=\"og:url\" content=\"https:\/\/admin.industriall-union.org\/es\/aviacion-verde-los-sindicatos-exigen-un-compromiso-internacional-con-la-sostenibilidad-social-y-una-transicion-justa\/\" \/>\n<meta property=\"og:site_name\" content=\"industriall-union\" \/>\n<meta property=\"article:modified_time\" content=\"2025-01-28T02:03:11+00:00\" \/>\n<meta name=\"twitter:card\" content=\"summary_large_image\" \/>\n<meta name=\"twitter:label1\" content=\"Est. reading time\" \/>\n\t<meta name=\"twitter:data1\" content=\"2 minutes\" \/>\n<script type=\"application\/ld+json\" class=\"yoast-schema-graph\">{\"@context\":\"https:\/\/schema.org\",\"@graph\":[{\"@type\":\"WebPage\",\"@id\":\"https:\/\/admin.industriall-union.org\/es\/aviacion-verde-los-sindicatos-exigen-un-compromiso-internacional-con-la-sostenibilidad-social-y-una-transicion-justa\/\",\"url\":\"https:\/\/admin.industriall-union.org\/es\/aviacion-verde-los-sindicatos-exigen-un-compromiso-internacional-con-la-sostenibilidad-social-y-una-transicion-justa\/\",\"name\":\"Aviaci\u00f3n verde: los sindicatos exigen un compromiso internacional con la sostenibilidad social y una Transici\u00f3n Justa - industriall-union\",\"isPartOf\":{\"@id\":\"https:\/\/admin.industriall-union.org\/#website\"},\"datePublished\":\"2022-06-21T14:57:42+00:00\",\"dateModified\":\"2025-01-28T02:03:11+00:00\",\"description\":\"Esta semana, las federaciones sindicales internacionales y europeas que representan a los trabajadores de los sectores aeroespacial y de la aviaci\u00f3n se\",\"breadcrumb\":{\"@id\":\"https:\/\/admin.industriall-union.org\/es\/aviacion-verde-los-sindicatos-exigen-un-compromiso-internacional-con-la-sostenibilidad-social-y-una-transicion-justa\/#breadcrumb\"},\"inLanguage\":\"es-ES\",\"potentialAction\":[{\"@type\":\"ReadAction\",\"target\":[\"https:\/\/admin.industriall-union.org\/es\/aviacion-verde-los-sindicatos-exigen-un-compromiso-internacional-con-la-sostenibilidad-social-y-una-transicion-justa\/\"]}]},{\"@type\":\"BreadcrumbList\",\"@id\":\"https:\/\/admin.industriall-union.org\/es\/aviacion-verde-los-sindicatos-exigen-un-compromiso-internacional-con-la-sostenibilidad-social-y-una-transicion-justa\/#breadcrumb\",\"itemListElement\":[{\"@type\":\"ListItem\",\"position\":1,\"name\":\"Home\",\"item\":\"https:\/\/admin.industriall-union.org\/\"},{\"@type\":\"ListItem\",\"position\":2,\"name\":\"Articles\",\"item\":\"https:\/\/admin.industriall-union.org\/article\/\"},{\"@type\":\"ListItem\",\"position\":3,\"name\":\"Aviaci\u00f3n verde: los sindicatos exigen un compromiso internacional con la sostenibilidad social y una Transici\u00f3n Justa\"}]},{\"@type\":\"WebSite\",\"@id\":\"https:\/\/admin.industriall-union.org\/#website\",\"url\":\"https:\/\/admin.industriall-union.org\/\",\"name\":\"industriall-union\",\"description\":\"\",\"potentialAction\":[{\"@type\":\"SearchAction\",\"target\":{\"@type\":\"EntryPoint\",\"urlTemplate\":\"https:\/\/admin.industriall-union.org\/?s={search_term_string}\"},\"query-input\":{\"@type\":\"PropertyValueSpecification\",\"valueRequired\":true,\"valueName\":\"search_term_string\"}}],\"inLanguage\":\"es-ES\"}]}<\/script>\n<!-- \/ Yoast SEO Premium plugin. -->","yoast_head_json":{"title":"Aviaci\u00f3n verde: los sindicatos exigen un compromiso internacional con la sostenibilidad social y una Transici\u00f3n Justa - industriall-union","description":"Esta semana, las federaciones sindicales internacionales y europeas que representan a los trabajadores de los sectores aeroespacial y de la aviaci\u00f3n se","robots":{"index":"index","follow":"follow","max-snippet":"max-snippet:-1","max-image-preview":"max-image-preview:large","max-video-preview":"max-video-preview:-1"},"canonical":"https:\/\/admin.industriall-union.org\/es\/aviacion-verde-los-sindicatos-exigen-un-compromiso-internacional-con-la-sostenibilidad-social-y-una-transicion-justa\/","og_locale":"es_ES","og_type":"article","og_title":"Aviaci\u00f3n verde: los sindicatos exigen un compromiso internacional con la sostenibilidad social y una Transici\u00f3n Justa","og_description":"Esta semana, las federaciones sindicales internacionales y europeas que representan a los trabajadores de los sectores aeroespacial y de la aviaci\u00f3n se","og_url":"https:\/\/admin.industriall-union.org\/es\/aviacion-verde-los-sindicatos-exigen-un-compromiso-internacional-con-la-sostenibilidad-social-y-una-transicion-justa\/","og_site_name":"industriall-union","article_modified_time":"2025-01-28T02:03:11+00:00","twitter_card":"summary_large_image","twitter_misc":{"Est. reading time":"2 minutes"},"schema":{"@context":"https:\/\/schema.org","@graph":[{"@type":"WebPage","@id":"https:\/\/admin.industriall-union.org\/es\/aviacion-verde-los-sindicatos-exigen-un-compromiso-internacional-con-la-sostenibilidad-social-y-una-transicion-justa\/","url":"https:\/\/admin.industriall-union.org\/es\/aviacion-verde-los-sindicatos-exigen-un-compromiso-internacional-con-la-sostenibilidad-social-y-una-transicion-justa\/","name":"Aviaci\u00f3n verde: los sindicatos exigen un compromiso internacional con la sostenibilidad social y una Transici\u00f3n Justa - industriall-union","isPartOf":{"@id":"https:\/\/admin.industriall-union.org\/#website"},"datePublished":"2022-06-21T14:57:42+00:00","dateModified":"2025-01-28T02:03:11+00:00","description":"Esta semana, las federaciones sindicales internacionales y europeas que representan a los trabajadores de los sectores aeroespacial y de la aviaci\u00f3n se","breadcrumb":{"@id":"https:\/\/admin.industriall-union.org\/es\/aviacion-verde-los-sindicatos-exigen-un-compromiso-internacional-con-la-sostenibilidad-social-y-una-transicion-justa\/#breadcrumb"},"inLanguage":"es-ES","potentialAction":[{"@type":"ReadAction","target":["https:\/\/admin.industriall-union.org\/es\/aviacion-verde-los-sindicatos-exigen-un-compromiso-internacional-con-la-sostenibilidad-social-y-una-transicion-justa\/"]}]},{"@type":"BreadcrumbList","@id":"https:\/\/admin.industriall-union.org\/es\/aviacion-verde-los-sindicatos-exigen-un-compromiso-internacional-con-la-sostenibilidad-social-y-una-transicion-justa\/#breadcrumb","itemListElement":[{"@type":"ListItem","position":1,"name":"Home","item":"https:\/\/admin.industriall-union.org\/"},{"@type":"ListItem","position":2,"name":"Articles","item":"https:\/\/admin.industriall-union.org\/article\/"},{"@type":"ListItem","position":3,"name":"Aviaci\u00f3n verde: los sindicatos exigen un compromiso internacional con la sostenibilidad social y una Transici\u00f3n Justa"}]},{"@type":"WebSite","@id":"https:\/\/admin.industriall-union.org\/#website","url":"https:\/\/admin.industriall-union.org\/","name":"industriall-union","description":"","potentialAction":[{"@type":"SearchAction","target":{"@type":"EntryPoint","urlTemplate":"https:\/\/admin.industriall-union.org\/?s={search_term_string}"},"query-input":{"@type":"PropertyValueSpecification","valueRequired":true,"valueName":"search_term_string"}}],"inLanguage":"es-ES"}]}},"_links":{"self":[{"href":"https:\/\/admin.industriall-union.org\/es\/wp-json\/wp\/v2\/article\/154633","targetHints":{"allow":["GET"]}}],"collection":[{"href":"https:\/\/admin.industriall-union.org\/es\/wp-json\/wp\/v2\/article"}],"about":[{"href":"https:\/\/admin.industriall-union.org\/es\/wp-json\/wp\/v2\/types\/article"}],"wp:attachment":[{"href":"https:\/\/admin.industriall-union.org\/es\/wp-json\/wp\/v2\/media?parent=154633"}],"wp:term":[{"taxonomy":"issues","embeddable":true,"href":"https:\/\/admin.industriall-union.org\/es\/wp-json\/wp\/v2\/issues?post=154633"},{"taxonomy":"companies","embeddable":true,"href":"https:\/\/admin.industriall-union.org\/es\/wp-json\/wp\/v2\/companies?post=154633"},{"taxonomy":"regions","embeddable":true,"href":"https:\/\/admin.industriall-union.org\/es\/wp-json\/wp\/v2\/regions?post=154633"},{"taxonomy":"sectors","embeddable":true,"href":"https:\/\/admin.industriall-union.org\/es\/wp-json\/wp\/v2\/sectors?post=154633"},{"taxonomy":"article_tags","embeddable":true,"href":"https:\/\/admin.industriall-union.org\/es\/wp-json\/wp\/v2\/article_tags?post=154633"}],"curies":[{"name":"wp","href":"https:\/\/api.w.org\/{rel}","templated":true}]}}