{"id":154534,"date":"2022-07-12T13:33:46","date_gmt":"2022-07-12T13:33:46","guid":{"rendered":"https:\/\/admin.industriall-union.org\/la-seguridad-laboral-en-las-minas-pakistanies-sigue-siendo-muy-preocupante\/"},"modified":"2025-01-28T01:52:04","modified_gmt":"2025-01-28T01:52:04","slug":"la-seguridad-laboral-en-las-minas-pakistanies-sigue-siendo-muy-preocupante","status":"publish","type":"article","link":"https:\/\/admin.industriall-union.org\/es\/la-seguridad-laboral-en-las-minas-pakistanies-sigue-siendo-muy-preocupante\/","title":{"rendered":"La seguridad laboral en las minas pakistan\u00edes sigue siendo muy preocupante"},"content":{"rendered":"<p>Dado que varias minas en el pa\u00eds funcionan sin licencia y son explotadas ilegalmente, pocos mineros est\u00e1n cubiertos por las leyes nacionales que rigen la salud, la seguridad y el bienestar laboral en los sectores de miner\u00eda y extracci\u00f3n de canteras. Esto dificulta que los trabajadores lesionados o los familiares de los fallecidos puedan reclamar una indemnizaci\u00f3n en caso de accidente. La insuficiencia de las indemnizaciones y la ausencia de inspecciones de las minas por parte de los organismos gubernamentales constituyen un incentivo para que los empleadores renuncien a invertir en infraestructura de seguridad en las minas, como exige la ley.<\/p><p>Sultan Khan, secretario general de la Federaci\u00f3n Central del Trabajo Minero de Pakist\u00e1n, afiliada a IndustriALL, expres\u00f3:<\/p><blockquote><p>&ldquo;La industria minera no regulada y la falta de implementaci\u00f3n de las leyes existentes matan a los mineros todos los d\u00edas. El Gobierno debe comprometerse a hacer cumplir estrictamente las pol\u00edticas existentes relacionadas con la miner\u00eda y registrar a todos los mineros en el sistema de seguridad social. Tambi\u00e9n exigimos que los propietarios de las minas mantengan un registro de asistencia de las personas que trabajan bajo tierra&rdquo;.<\/p><\/blockquote><p>El 6 de julio, nueve mineros, entre ellos un ni\u00f1o de 12 a\u00f1os, perdieron la vida despu\u00e9s de que las lluvias inundaran una mina de carb\u00f3n en la provincia pakistan\u00ed de Sindh. El agua de lluvia se hab\u00eda acumulado de 15 a 18 metros dentro de la mina, donde hab\u00eda 40 personas trabajando.<\/p><p>A pesar de las fuertes lluvias, que causan estragos en todo el pa\u00eds, la miner\u00eda del carb\u00f3n no se ha detenido, lo que ha empeorado las ya deficientes condiciones de trabajo. El aumento de los precios de alimentos y combustibles obliga a los mineros a seguir trabajando en estas condiciones tan peligrosas. Asimismo, los mineros pakistan\u00edes se ven sometidos a una presi\u00f3n cada vez mayor por aumentar la producci\u00f3n, ya que el pa\u00eds se enfrenta a una crisis energ\u00e9tica debido a la escasez de reservas de divisas para comprar gas natural o petr\u00f3leo del mercado internacional para hacer funcionar sus centrales el\u00e9ctricas. En cambio, Pakist\u00e1n tiene que depender de la producci\u00f3n nacional y las importaciones de carb\u00f3n.<\/p><p>La secretaria regional de IndustriALL para Asia del Sur, Apoorva Kaiwar, declar\u00f3:<\/p><blockquote><p>&ldquo;Las condiciones de trabajo en los yacimientos mineros de Pakist\u00e1n son espantosas. Los empleadores deben velar por que se apliquen protocolos de seguridad en las minas. IndustriALL exige al gobierno de Pakist\u00e1n que ratifique el Convenio 176 de la OIT sobre Seguridad y Salud en las Minas y que ponga fin a las muertes de mineros&rdquo;.<\/p><\/blockquote>","protected":false},"featured_media":0,"template":"","issues":[402,424,425],"companies":[],"regions":[182],"sectors":[494],"article_tags":[],"class_list":["post-154534","article","type-article","status-publish","hentry","issues-health-and-safety","issues-violation","issues-workers-rights","regions-pakistan","sectors-mining-and-dgojp"],"acf":[],"yoast_head":"<!-- This site is optimized with the Yoast SEO Premium plugin v27.1 (Yoast SEO v27.1) - https:\/\/yoast.com\/product\/yoast-seo-premium-wordpress\/ -->\n<title>La seguridad laboral en las minas pakistan\u00edes sigue siendo muy preocupante - industriall-union<\/title>\n<meta name=\"description\" content=\"Dado que varias minas en el pa\u00eds funcionan sin licencia y son explotadas ilegalmente, pocos mineros est\u00e1n cubiertos por las leyes nacionales que rigen la\" \/>\n<meta name=\"robots\" content=\"index, follow, max-snippet:-1, max-image-preview:large, max-video-preview:-1\" \/>\n<link rel=\"canonical\" href=\"https:\/\/admin.industriall-union.org\/es\/la-seguridad-laboral-en-las-minas-pakistanies-sigue-siendo-muy-preocupante\/\" \/>\n<meta property=\"og:locale\" content=\"es_ES\" \/>\n<meta property=\"og:type\" content=\"article\" \/>\n<meta property=\"og:title\" content=\"La seguridad laboral en las minas pakistan\u00edes sigue siendo muy preocupante\" \/>\n<meta property=\"og:description\" content=\"Dado que varias minas en el pa\u00eds funcionan sin licencia y son explotadas ilegalmente, pocos mineros est\u00e1n cubiertos por las leyes nacionales que rigen la\" \/>\n<meta property=\"og:url\" content=\"https:\/\/admin.industriall-union.org\/es\/la-seguridad-laboral-en-las-minas-pakistanies-sigue-siendo-muy-preocupante\/\" \/>\n<meta property=\"og:site_name\" content=\"industriall-union\" \/>\n<meta property=\"article:modified_time\" content=\"2025-01-28T01:52:04+00:00\" \/>\n<meta name=\"twitter:card\" content=\"summary_large_image\" \/>\n<meta name=\"twitter:label1\" content=\"Est. reading time\" \/>\n\t<meta name=\"twitter:data1\" content=\"2 minutes\" \/>\n<script type=\"application\/ld+json\" class=\"yoast-schema-graph\">{\"@context\":\"https:\/\/schema.org\",\"@graph\":[{\"@type\":\"WebPage\",\"@id\":\"https:\/\/admin.industriall-union.org\/es\/la-seguridad-laboral-en-las-minas-pakistanies-sigue-siendo-muy-preocupante\/\",\"url\":\"https:\/\/admin.industriall-union.org\/es\/la-seguridad-laboral-en-las-minas-pakistanies-sigue-siendo-muy-preocupante\/\",\"name\":\"La seguridad laboral en las minas pakistan\u00edes sigue siendo muy preocupante - industriall-union\",\"isPartOf\":{\"@id\":\"https:\/\/admin.industriall-union.org\/#website\"},\"datePublished\":\"2022-07-12T13:33:46+00:00\",\"dateModified\":\"2025-01-28T01:52:04+00:00\",\"description\":\"Dado que varias minas en el pa\u00eds funcionan sin licencia y son explotadas ilegalmente, pocos mineros est\u00e1n cubiertos por las leyes nacionales que rigen la\",\"breadcrumb\":{\"@id\":\"https:\/\/admin.industriall-union.org\/es\/la-seguridad-laboral-en-las-minas-pakistanies-sigue-siendo-muy-preocupante\/#breadcrumb\"},\"inLanguage\":\"es-ES\",\"potentialAction\":[{\"@type\":\"ReadAction\",\"target\":[\"https:\/\/admin.industriall-union.org\/es\/la-seguridad-laboral-en-las-minas-pakistanies-sigue-siendo-muy-preocupante\/\"]}]},{\"@type\":\"BreadcrumbList\",\"@id\":\"https:\/\/admin.industriall-union.org\/es\/la-seguridad-laboral-en-las-minas-pakistanies-sigue-siendo-muy-preocupante\/#breadcrumb\",\"itemListElement\":[{\"@type\":\"ListItem\",\"position\":1,\"name\":\"Home\",\"item\":\"https:\/\/admin.industriall-union.org\/\"},{\"@type\":\"ListItem\",\"position\":2,\"name\":\"Articles\",\"item\":\"https:\/\/admin.industriall-union.org\/article\/\"},{\"@type\":\"ListItem\",\"position\":3,\"name\":\"La seguridad laboral en las minas pakistan\u00edes sigue siendo muy preocupante\"}]},{\"@type\":\"WebSite\",\"@id\":\"https:\/\/admin.industriall-union.org\/#website\",\"url\":\"https:\/\/admin.industriall-union.org\/\",\"name\":\"industriall-union\",\"description\":\"\",\"potentialAction\":[{\"@type\":\"SearchAction\",\"target\":{\"@type\":\"EntryPoint\",\"urlTemplate\":\"https:\/\/admin.industriall-union.org\/?s={search_term_string}\"},\"query-input\":{\"@type\":\"PropertyValueSpecification\",\"valueRequired\":true,\"valueName\":\"search_term_string\"}}],\"inLanguage\":\"es-ES\"}]}<\/script>\n<!-- \/ Yoast SEO Premium plugin. -->","yoast_head_json":{"title":"La seguridad laboral en las minas pakistan\u00edes sigue siendo muy preocupante - industriall-union","description":"Dado que varias minas en el pa\u00eds funcionan sin licencia y son explotadas ilegalmente, pocos mineros est\u00e1n cubiertos por las leyes nacionales que rigen la","robots":{"index":"index","follow":"follow","max-snippet":"max-snippet:-1","max-image-preview":"max-image-preview:large","max-video-preview":"max-video-preview:-1"},"canonical":"https:\/\/admin.industriall-union.org\/es\/la-seguridad-laboral-en-las-minas-pakistanies-sigue-siendo-muy-preocupante\/","og_locale":"es_ES","og_type":"article","og_title":"La seguridad laboral en las minas pakistan\u00edes sigue siendo muy preocupante","og_description":"Dado que varias minas en el pa\u00eds funcionan sin licencia y son explotadas ilegalmente, pocos mineros est\u00e1n cubiertos por las leyes nacionales que rigen la","og_url":"https:\/\/admin.industriall-union.org\/es\/la-seguridad-laboral-en-las-minas-pakistanies-sigue-siendo-muy-preocupante\/","og_site_name":"industriall-union","article_modified_time":"2025-01-28T01:52:04+00:00","twitter_card":"summary_large_image","twitter_misc":{"Est. reading time":"2 minutes"},"schema":{"@context":"https:\/\/schema.org","@graph":[{"@type":"WebPage","@id":"https:\/\/admin.industriall-union.org\/es\/la-seguridad-laboral-en-las-minas-pakistanies-sigue-siendo-muy-preocupante\/","url":"https:\/\/admin.industriall-union.org\/es\/la-seguridad-laboral-en-las-minas-pakistanies-sigue-siendo-muy-preocupante\/","name":"La seguridad laboral en las minas pakistan\u00edes sigue siendo muy preocupante - industriall-union","isPartOf":{"@id":"https:\/\/admin.industriall-union.org\/#website"},"datePublished":"2022-07-12T13:33:46+00:00","dateModified":"2025-01-28T01:52:04+00:00","description":"Dado que varias minas en el pa\u00eds funcionan sin licencia y son explotadas ilegalmente, pocos mineros est\u00e1n cubiertos por las leyes nacionales que rigen la","breadcrumb":{"@id":"https:\/\/admin.industriall-union.org\/es\/la-seguridad-laboral-en-las-minas-pakistanies-sigue-siendo-muy-preocupante\/#breadcrumb"},"inLanguage":"es-ES","potentialAction":[{"@type":"ReadAction","target":["https:\/\/admin.industriall-union.org\/es\/la-seguridad-laboral-en-las-minas-pakistanies-sigue-siendo-muy-preocupante\/"]}]},{"@type":"BreadcrumbList","@id":"https:\/\/admin.industriall-union.org\/es\/la-seguridad-laboral-en-las-minas-pakistanies-sigue-siendo-muy-preocupante\/#breadcrumb","itemListElement":[{"@type":"ListItem","position":1,"name":"Home","item":"https:\/\/admin.industriall-union.org\/"},{"@type":"ListItem","position":2,"name":"Articles","item":"https:\/\/admin.industriall-union.org\/article\/"},{"@type":"ListItem","position":3,"name":"La seguridad laboral en las minas pakistan\u00edes sigue siendo muy preocupante"}]},{"@type":"WebSite","@id":"https:\/\/admin.industriall-union.org\/#website","url":"https:\/\/admin.industriall-union.org\/","name":"industriall-union","description":"","potentialAction":[{"@type":"SearchAction","target":{"@type":"EntryPoint","urlTemplate":"https:\/\/admin.industriall-union.org\/?s={search_term_string}"},"query-input":{"@type":"PropertyValueSpecification","valueRequired":true,"valueName":"search_term_string"}}],"inLanguage":"es-ES"}]}},"_links":{"self":[{"href":"https:\/\/admin.industriall-union.org\/es\/wp-json\/wp\/v2\/article\/154534","targetHints":{"allow":["GET"]}}],"collection":[{"href":"https:\/\/admin.industriall-union.org\/es\/wp-json\/wp\/v2\/article"}],"about":[{"href":"https:\/\/admin.industriall-union.org\/es\/wp-json\/wp\/v2\/types\/article"}],"wp:attachment":[{"href":"https:\/\/admin.industriall-union.org\/es\/wp-json\/wp\/v2\/media?parent=154534"}],"wp:term":[{"taxonomy":"issues","embeddable":true,"href":"https:\/\/admin.industriall-union.org\/es\/wp-json\/wp\/v2\/issues?post=154534"},{"taxonomy":"companies","embeddable":true,"href":"https:\/\/admin.industriall-union.org\/es\/wp-json\/wp\/v2\/companies?post=154534"},{"taxonomy":"regions","embeddable":true,"href":"https:\/\/admin.industriall-union.org\/es\/wp-json\/wp\/v2\/regions?post=154534"},{"taxonomy":"sectors","embeddable":true,"href":"https:\/\/admin.industriall-union.org\/es\/wp-json\/wp\/v2\/sectors?post=154534"},{"taxonomy":"article_tags","embeddable":true,"href":"https:\/\/admin.industriall-union.org\/es\/wp-json\/wp\/v2\/article_tags?post=154534"}],"curies":[{"name":"wp","href":"https:\/\/api.w.org\/{rel}","templated":true}]}}