{"id":154475,"date":"2022-07-15T14:22:35","date_gmt":"2022-07-15T14:22:35","guid":{"rendered":"https:\/\/admin.industriall-union.org\/industriall-celebra-10-anos-de-organizacion-de-la-juventud-de-la-industria\/"},"modified":"2025-01-28T01:49:38","modified_gmt":"2025-01-28T01:49:38","slug":"industriall-celebra-10-anos-de-organizacion-de-la-juventud-de-la-industria","status":"publish","type":"article","link":"https:\/\/admin.industriall-union.org\/es\/industriall-celebra-10-anos-de-organizacion-de-la-juventud-de-la-industria\/","title":{"rendered":"IndustriALL celebra 10 a\u00f1os de organizaci\u00f3n de la juventud de la Industria"},"content":{"rendered":"<blockquote><p>&ldquo;Hoy es una noche de reencuentro con compa\u00f1eros que estuvieron en varios proyectos de educaci\u00f3n para j\u00f3venes de IndustriALL Global Union en estos 10 a\u00f1os. El principal proyecto fue junto a la fundaci\u00f3n Friedrich-Ebert-Stiftung (FES) e IG Metall, pero tambi\u00e9n desarrollamos proyectos para j\u00f3venes con otras organizaciones, como SASK, Union to Union y DGB&rdquo;<\/p><\/blockquote><p>dijo el secretario regional de IndustriALL, Marino Vani, en la apertura.<\/p><p>El encuentro fue h\u00edbrido, porque asistieron j\u00f3venes de forma presencial en Buenos Aires, pero tambi\u00e9n participaron de forma virtual varios ex participantes de los proyectos. Al intervenir, comentaron cu\u00e1ndo hab\u00edan formado parte de los proyectos para j\u00f3venes de IndustriALL y c\u00f3mo hab\u00edan avanzado en sus carreras desde entonces.<\/p><p>En el caso de Javiera de Chile, ella explic\u00f3:<\/p><blockquote><p>&ldquo;Industrial Chile-Constramet me convoc\u00f3 en 2012 a participar en el proyecto de IndustriALL y la FES. Hoy trabajo en un proyecto pol\u00edtico y contin\u00fao vinculada con los sindicatos. Mucho de lo que aprend\u00ed en el proyecto y en la vida sindical me sirve hoy.&rdquo;<\/p><\/blockquote><p>Al igual que Javiera, Leticia de Rep\u00fablica Dominicana coment\u00f3 que particip\u00f3 en los proyectos de j\u00f3venes de IndustriALL y que actualmente se dedica a la pol\u00edtica. Destac\u00f3 que trabaja en el Ministerio de la mujer de su pa\u00eds junto a la ministra Mayra Jim\u00e9nez (ex miembro del comit\u00e9 ejecutivo de IndustriALL) para incluir pol\u00edticas de g\u00e9nero.<\/p><p>En tanto, otros ex participantes de los proyectos se\u00f1alaron que tambi\u00e9n continuaron sus carreras en el \u00e1mbito sindical y lograron llegar a cargos de liderazgo. Tal es el caso de Leandro de Brasil, quien coment\u00f3:<\/p><blockquote><p>&ldquo;En 2012 era secretario de la juventud de la CUT, y hoy soy presidente de los Sindicatos metal\u00fargicos de Soracaba y la regi\u00f3n. Hicimos un trabajo muy grande de sindicalizaci\u00f3n de j\u00f3venes y actualmente nuestros afiliados tienen en promedio 28 a\u00f1os de edad. Sigo en la lucha y ahora soy precandidato a diputado estatal por el Estado de Sao Paulo. Estoy muy feliz de que IndustriALL vaya a darle continuidad al proyecto por muchos a\u00f1os m\u00e1s.&rdquo;<\/p><\/blockquote><p>Al igual que Leandro, Bel\u00e9n de Argentina dijo que, tras participar en los proyectos de IndustriALL con FES y DGB ocupa ahora un cargo de liderazgo en su sindicato. Destac\u00f3 que se convirti\u00f3 en la primer mujer directiva en la seccional Z\u00e1rate de la Uni\u00f3n Obrera Metal\u00fargica (UOM). Los presentes tambi\u00e9n aplaudieron a Perla, una joven de Nicaragua que comparti\u00f3 que, luego de empoderarse al participar en los proyectos de j\u00f3venes, ahora es suplente del comit\u00e9 ejecutivo de IndustriALL.<\/p><p>Adem\u00e1s, Ang\u00e9lica Jim\u00e9nez-Romo, del departamento de pol\u00edtica sindical transnacional de la IG Metall Vorstand, habl\u00f3 en nombre de los participantes alemanes. Dijo que, a pesar de la pandemia y de las crisis, los proyectos de j\u00f3venes realmente funcionaron, ya que muchos j\u00f3venes siguen cooperando y plantando una base para que los que vienen detr\u00e1s sigan el trabajo.<\/p><p>Por su parte, la encargada de los proyectos de IndustriALL a nivel global, Sarah Flores, dijo que los proyectos para j\u00f3venes son semilleros de l\u00edderes, porque los participantes lograron crecer a nivel profesional y ocupar espacios de poder en muchos sindicatos. Dijo que gracias a ello, IndustriALL tiene claro que debe &nbsp;apostar por la juventud.<\/p><p>Finalmente, el presidente de IndustriALL, J\u00f6rg Hoffman, envi\u00f3 un video con un saludo donde dijo:<\/p><blockquote><p>&ldquo;Quiero enviar mis sinceras felicitaciones por este aniversario que nos transmite mucha alegr\u00eda. Hace 10 a\u00f1os los sindicatos latinoamericanos no contaban con pol\u00edticas para j\u00f3venes ni representaba sus intereses. Desde entonces, mucho ha cambiado, en parte gracias al programa de formaci\u00f3n. La mayor\u00eda de las organizaciones sindicales ahora tiene una agenda de juventud e igualdad de g\u00e9nero. Quiero agradecerles a todos por todo el trabajo realizado, les deseo todo lo mejor.&rdquo;<\/p><\/blockquote>","protected":false},"featured_media":0,"template":"","issues":[422,425],"companies":[],"regions":[219,254],"sectors":[],"article_tags":[511,536],"class_list":["post-154475","article","type-article","status-publish","hentry","issues-human-trade-union-rights","issues-workers-rights","regions-germany","regions-latin-america-and-the-caribbean","article_tags-industriall","article_tags-youth"],"acf":[],"yoast_head":"<!-- This site is optimized with the Yoast SEO Premium plugin v27.1 (Yoast SEO v27.1) - https:\/\/yoast.com\/product\/yoast-seo-premium-wordpress\/ -->\n<title>IndustriALL celebra 10 a\u00f1os de organizaci\u00f3n de la juventud de la Industria - industriall-union<\/title>\n<meta name=\"description\" content=\"&ldquo;Hoy es una noche de reencuentro con compa\u00f1eros que estuvieron en varios proyectos de educaci\u00f3n para j\u00f3venes de IndustriALL Global Union en estos 10\" \/>\n<meta name=\"robots\" content=\"index, follow, max-snippet:-1, max-image-preview:large, max-video-preview:-1\" \/>\n<link rel=\"canonical\" href=\"https:\/\/admin.industriall-union.org\/es\/industriall-celebra-10-anos-de-organizacion-de-la-juventud-de-la-industria\/\" \/>\n<meta property=\"og:locale\" content=\"es_ES\" \/>\n<meta property=\"og:type\" content=\"article\" \/>\n<meta property=\"og:title\" content=\"IndustriALL celebra 10 a\u00f1os de organizaci\u00f3n de la juventud de la Industria\" \/>\n<meta property=\"og:description\" content=\"&ldquo;Hoy es una noche de reencuentro con compa\u00f1eros que estuvieron en varios proyectos de educaci\u00f3n para j\u00f3venes de IndustriALL Global Union en estos 10\" \/>\n<meta property=\"og:url\" content=\"https:\/\/admin.industriall-union.org\/es\/industriall-celebra-10-anos-de-organizacion-de-la-juventud-de-la-industria\/\" \/>\n<meta property=\"og:site_name\" content=\"industriall-union\" \/>\n<meta property=\"article:modified_time\" content=\"2025-01-28T01:49:38+00:00\" \/>\n<meta name=\"twitter:card\" content=\"summary_large_image\" \/>\n<meta name=\"twitter:label1\" content=\"Est. reading time\" \/>\n\t<meta name=\"twitter:data1\" content=\"3 minutes\" \/>\n<script type=\"application\/ld+json\" class=\"yoast-schema-graph\">{\"@context\":\"https:\/\/schema.org\",\"@graph\":[{\"@type\":\"WebPage\",\"@id\":\"https:\/\/admin.industriall-union.org\/es\/industriall-celebra-10-anos-de-organizacion-de-la-juventud-de-la-industria\/\",\"url\":\"https:\/\/admin.industriall-union.org\/es\/industriall-celebra-10-anos-de-organizacion-de-la-juventud-de-la-industria\/\",\"name\":\"IndustriALL celebra 10 a\u00f1os de organizaci\u00f3n de la juventud de la Industria - industriall-union\",\"isPartOf\":{\"@id\":\"https:\/\/admin.industriall-union.org\/#website\"},\"datePublished\":\"2022-07-15T14:22:35+00:00\",\"dateModified\":\"2025-01-28T01:49:38+00:00\",\"description\":\"&ldquo;Hoy es una noche de reencuentro con compa\u00f1eros que estuvieron en varios proyectos de educaci\u00f3n para j\u00f3venes de IndustriALL Global Union en estos 10\",\"breadcrumb\":{\"@id\":\"https:\/\/admin.industriall-union.org\/es\/industriall-celebra-10-anos-de-organizacion-de-la-juventud-de-la-industria\/#breadcrumb\"},\"inLanguage\":\"es-ES\",\"potentialAction\":[{\"@type\":\"ReadAction\",\"target\":[\"https:\/\/admin.industriall-union.org\/es\/industriall-celebra-10-anos-de-organizacion-de-la-juventud-de-la-industria\/\"]}]},{\"@type\":\"BreadcrumbList\",\"@id\":\"https:\/\/admin.industriall-union.org\/es\/industriall-celebra-10-anos-de-organizacion-de-la-juventud-de-la-industria\/#breadcrumb\",\"itemListElement\":[{\"@type\":\"ListItem\",\"position\":1,\"name\":\"Home\",\"item\":\"https:\/\/admin.industriall-union.org\/\"},{\"@type\":\"ListItem\",\"position\":2,\"name\":\"Articles\",\"item\":\"https:\/\/admin.industriall-union.org\/article\/\"},{\"@type\":\"ListItem\",\"position\":3,\"name\":\"IndustriALL celebra 10 a\u00f1os de organizaci\u00f3n de la juventud de la Industria\"}]},{\"@type\":\"WebSite\",\"@id\":\"https:\/\/admin.industriall-union.org\/#website\",\"url\":\"https:\/\/admin.industriall-union.org\/\",\"name\":\"industriall-union\",\"description\":\"\",\"potentialAction\":[{\"@type\":\"SearchAction\",\"target\":{\"@type\":\"EntryPoint\",\"urlTemplate\":\"https:\/\/admin.industriall-union.org\/?s={search_term_string}\"},\"query-input\":{\"@type\":\"PropertyValueSpecification\",\"valueRequired\":true,\"valueName\":\"search_term_string\"}}],\"inLanguage\":\"es-ES\"}]}<\/script>\n<!-- \/ Yoast SEO Premium plugin. -->","yoast_head_json":{"title":"IndustriALL celebra 10 a\u00f1os de organizaci\u00f3n de la juventud de la Industria - industriall-union","description":"&ldquo;Hoy es una noche de reencuentro con compa\u00f1eros que estuvieron en varios proyectos de educaci\u00f3n para j\u00f3venes de IndustriALL Global Union en estos 10","robots":{"index":"index","follow":"follow","max-snippet":"max-snippet:-1","max-image-preview":"max-image-preview:large","max-video-preview":"max-video-preview:-1"},"canonical":"https:\/\/admin.industriall-union.org\/es\/industriall-celebra-10-anos-de-organizacion-de-la-juventud-de-la-industria\/","og_locale":"es_ES","og_type":"article","og_title":"IndustriALL celebra 10 a\u00f1os de organizaci\u00f3n de la juventud de la Industria","og_description":"&ldquo;Hoy es una noche de reencuentro con compa\u00f1eros que estuvieron en varios proyectos de educaci\u00f3n para j\u00f3venes de IndustriALL Global Union en estos 10","og_url":"https:\/\/admin.industriall-union.org\/es\/industriall-celebra-10-anos-de-organizacion-de-la-juventud-de-la-industria\/","og_site_name":"industriall-union","article_modified_time":"2025-01-28T01:49:38+00:00","twitter_card":"summary_large_image","twitter_misc":{"Est. reading time":"3 minutes"},"schema":{"@context":"https:\/\/schema.org","@graph":[{"@type":"WebPage","@id":"https:\/\/admin.industriall-union.org\/es\/industriall-celebra-10-anos-de-organizacion-de-la-juventud-de-la-industria\/","url":"https:\/\/admin.industriall-union.org\/es\/industriall-celebra-10-anos-de-organizacion-de-la-juventud-de-la-industria\/","name":"IndustriALL celebra 10 a\u00f1os de organizaci\u00f3n de la juventud de la Industria - industriall-union","isPartOf":{"@id":"https:\/\/admin.industriall-union.org\/#website"},"datePublished":"2022-07-15T14:22:35+00:00","dateModified":"2025-01-28T01:49:38+00:00","description":"&ldquo;Hoy es una noche de reencuentro con compa\u00f1eros que estuvieron en varios proyectos de educaci\u00f3n para j\u00f3venes de IndustriALL Global Union en estos 10","breadcrumb":{"@id":"https:\/\/admin.industriall-union.org\/es\/industriall-celebra-10-anos-de-organizacion-de-la-juventud-de-la-industria\/#breadcrumb"},"inLanguage":"es-ES","potentialAction":[{"@type":"ReadAction","target":["https:\/\/admin.industriall-union.org\/es\/industriall-celebra-10-anos-de-organizacion-de-la-juventud-de-la-industria\/"]}]},{"@type":"BreadcrumbList","@id":"https:\/\/admin.industriall-union.org\/es\/industriall-celebra-10-anos-de-organizacion-de-la-juventud-de-la-industria\/#breadcrumb","itemListElement":[{"@type":"ListItem","position":1,"name":"Home","item":"https:\/\/admin.industriall-union.org\/"},{"@type":"ListItem","position":2,"name":"Articles","item":"https:\/\/admin.industriall-union.org\/article\/"},{"@type":"ListItem","position":3,"name":"IndustriALL celebra 10 a\u00f1os de organizaci\u00f3n de la juventud de la Industria"}]},{"@type":"WebSite","@id":"https:\/\/admin.industriall-union.org\/#website","url":"https:\/\/admin.industriall-union.org\/","name":"industriall-union","description":"","potentialAction":[{"@type":"SearchAction","target":{"@type":"EntryPoint","urlTemplate":"https:\/\/admin.industriall-union.org\/?s={search_term_string}"},"query-input":{"@type":"PropertyValueSpecification","valueRequired":true,"valueName":"search_term_string"}}],"inLanguage":"es-ES"}]}},"_links":{"self":[{"href":"https:\/\/admin.industriall-union.org\/es\/wp-json\/wp\/v2\/article\/154475","targetHints":{"allow":["GET"]}}],"collection":[{"href":"https:\/\/admin.industriall-union.org\/es\/wp-json\/wp\/v2\/article"}],"about":[{"href":"https:\/\/admin.industriall-union.org\/es\/wp-json\/wp\/v2\/types\/article"}],"wp:attachment":[{"href":"https:\/\/admin.industriall-union.org\/es\/wp-json\/wp\/v2\/media?parent=154475"}],"wp:term":[{"taxonomy":"issues","embeddable":true,"href":"https:\/\/admin.industriall-union.org\/es\/wp-json\/wp\/v2\/issues?post=154475"},{"taxonomy":"companies","embeddable":true,"href":"https:\/\/admin.industriall-union.org\/es\/wp-json\/wp\/v2\/companies?post=154475"},{"taxonomy":"regions","embeddable":true,"href":"https:\/\/admin.industriall-union.org\/es\/wp-json\/wp\/v2\/regions?post=154475"},{"taxonomy":"sectors","embeddable":true,"href":"https:\/\/admin.industriall-union.org\/es\/wp-json\/wp\/v2\/sectors?post=154475"},{"taxonomy":"article_tags","embeddable":true,"href":"https:\/\/admin.industriall-union.org\/es\/wp-json\/wp\/v2\/article_tags?post=154475"}],"curies":[{"name":"wp","href":"https:\/\/api.w.org\/{rel}","templated":true}]}}